{"id":165984,"date":"2025-08-25T12:55:44","date_gmt":"2025-08-25T12:55:44","guid":{"rendered":"http:\/\/cordobainforma.info\/index.php\/2025\/08\/25\/negociar-con-terroristas-la-larga-lista-de-narcos-que-pactaron-con-ee-uu\/"},"modified":"2025-08-25T12:55:44","modified_gmt":"2025-08-25T12:55:44","slug":"negociar-con-terroristas-la-larga-lista-de-narcos-que-pactaron-con-ee-uu","status":"publish","type":"post","link":"http:\/\/cordobainforma.info\/index.php\/2025\/08\/25\/negociar-con-terroristas-la-larga-lista-de-narcos-que-pactaron-con-ee-uu\/","title":{"rendered":"\u00bfNegociar con &#8216;terroristas&#8217;? La larga lista de narcos que pactaron con EE.UU."},"content":{"rendered":"<p><img src=\"http:\/\/cordobainforma.info\/wp-content\/uploads\/2025\/08\/negociar-con-terroristas-la-larga-lista-de-narcos-que-pactaron-con-ee-uu.jpg\"><\/p>\n<p>A pesar de que los considera parte de organizaciones terroristas, el Gobierno de EE.UU. ha negociado <strong>acuerdos con 14 poderosos narcotraficantes<\/strong> para que se declaren culpables en ese pa\u00eds y colaboren en juicios contra otros capos, revel\u00f3 el diario <a href=\"https:\/\/www.milenio.com\/policia\/condena-de-el-chapo-14-narcos-han-preferido-pactar-con-eu\" target=\"_blank\" rel=\"noopener noreferrer\">Milenio<\/a>.<\/p>\n<p>La lista analizada abarca desde 2019, cuando el exjefe del C\u00e1rtel de Sinaloa, <strong>Joaqu\u00edn &#8216;El Chapo&#8217; Guzm\u00e1n<\/strong>, fue <a href=\"https:\/\/actualidad.rt.com\/actualidad\/321353-condenan-chapo-guzman-cadena-perpetua\" target=\"_blank\" rel=\"noopener noreferrer\">condenado<\/a> a cadena perpetua en EE.UU. tras un juicio hist\u00f3rico que reconfigur\u00f3 el poder criminal en Am\u00e9rica Latina.<\/p>\n<p>Desde entonces, solo dos hombres&nbsp;de peso fueron a juicio en EE:UU.: el exsecretario de Seguridad, <strong>Genaro Garc\u00eda Luna<\/strong>, quien recibi\u00f3 una <a href=\"https:\/\/actualidad.rt.com\/actualidad\/526816-sheinbaum-analiza-historica-condena-garcia-luna\" target=\"_blank\" rel=\"noopener noreferrer\">pena<\/a> de&nbsp;38 a\u00f1os de prisi\u00f3n por complicidad con el C\u00e1rtel de Sinaloa; y&nbsp;<strong>Rub\u00e9n Oseguera Gonz\u00e1lez<\/strong>, &#8216;El Menchito&#8217;, el exjefe del C\u00e1rtel Jalisco Nueva Generaci\u00f3n (CJNG),&nbsp;<a href=\"https:\/\/actualidad.rt.com\/actualidad\/542279-quien-es-menchito-condenado-eeuu\" target=\"_blank\" rel=\"noopener noreferrer\">condenado<\/a>&nbsp;a cadena perpetua.<\/p><figcaption class=\"Video-caption\"><\/figcaption><p>Por el contrario, otros 14 l\u00edderes del narcotr\u00e1fico extraditados a EE.UU. alcanzaron&nbsp;acuerdos para evitar juicios, rebajar sus penas y mejorar sus condiciones carcelarias, a cambio de convertirse en testigos colaboradores y delatar a exsocios y rivales.<\/p>\n<p>El caso m\u00e1s reciente es de <strong>Ismael &#8216;El Mayo&#8217; Zambada<\/strong>, el exjefe del C\u00e1rtel de Sinaloa.&nbsp;De acuerdo con la <a href=\"https:\/\/www.elfinanciero.com.mx\/mundo\/2025\/08\/25\/el-ultimo-movimiento-del-mayo-zambada-en-vivo-el-lider-del-cartel-de-sinaloa-se-declarara-culpable\/\" target=\"_blank\" rel=\"noopener noreferrer\">prensa<\/a> mexicana, este lunes se declarar\u00e1 culpable ante el juez Brian Cogan, el mismo que conden\u00f3 a &#8216;El Chapo&#8217; y a Garc\u00eda Luna.&nbsp;<\/p>\n<p>Se prev\u00e9 que en los pr\u00f3ximos meses ocurrir\u00e1 lo mismo con <strong>Joaqu\u00edn Guzm\u00e1n L\u00f3pez<\/strong>, hijo de &#8216;El Chapo&#8217;; y&nbsp;<strong>Erick Valencia Salazar,<\/strong> fundador del CJNG.<\/p>\n<h3>Pactos<\/h3>\n<p><strong>Ovidio Guzm\u00e1n L\u00f3pez<\/strong>, otro de los hijos de &#8216;El Chapo&#8217;, ya se <a href=\"https:\/\/actualidad-rt.com\/actualidad\/557398-hijo-chapo-declararse-culpable-eeuu\" target=\"_blank\" rel=\"noopener noreferrer\">declar\u00f3<\/a> culpable en julio pasado. Antes, lo hicieron<strong>&nbsp;Jos\u00e9 Gonz\u00e1lez Valencia<\/strong>, uno de los l\u00edderes de Los Cuinis, aliados del CJNG; <strong>Edgar Veytia<\/strong>, alias &#8216;El Diablo&#8217;, exsocio del C\u00e1rtel de los Beltr\u00e1n Leyva; y&nbsp;<strong>Jes\u00fas Ra\u00fal Beltr\u00e1n Le\u00f3n<\/strong>, &#8216;El Tr\u00e9bol&#8217;, exlugarteniente de &#8216;El Chapo&#8217;.<\/p>\n<div class=\"ReadMore-root Section-root Section-is1to3-xs_is1to1\" data-widgets=\"ReadMore\">\n<div class=\"Section-container Section-isRow-isTop-isWrap\">\n<article class=\"Card-root Card-is1to1 Card-default \">\n<div class=\"Card-imageWrap\">\n<div class=\"Card-picture\"> <picture class=\"Picture-root Picture-default\"><!--[if IE 9]><video style=\"display: none;\"><![endif]--><source media=\"(-webkit-min-device-pixel-ratio: 2) and (min-resolution: 120dpi)\" srcset=\"http:\/\/cordobainforma.info\/wp-content\/uploads\/2025\/08\/negociar-con-terroristas-la-larga-lista-de-narcos-que-pactaron-con-ee-uu.png 850w, http:\/\/cordobainforma.info\/wp-content\/uploads\/2025\/08\/negociar-con-terroristas-la-larga-lista-de-narcos-que-pactaron-con-ee-uu-1.png 1960w\"><source srcset=\"http:\/\/cordobainforma.info\/wp-content\/uploads\/2025\/08\/negociar-con-terroristas-la-larga-lista-de-narcos-que-pactaron-con-ee-uu.png, https:\/\/actualidad.rt.com\/actualidad\/460, http:\/\/cordobainforma.info\/wp-content\/uploads\/2025\/08\/negociar-con-terroristas-la-larga-lista-de-narcos-que-pactaron-con-ee-uu-1.png 980w\"><!--[if IE 9]><\/video><![endif]--><img data-sizes=\"auto\" src=\"http:\/\/cordobainforma.info\/wp-content\/uploads\/2025\/08\/negociar-con-terroristas-la-larga-lista-de-narcos-que-pactaron-con-ee-uu.png\" class=\"Picture-root Picture-default lazyload\" alt=\"Imagen ilustrativa\"><\/picture><!-- noscript pattern --><noscript><img src=\"http:\/\/cordobainforma.info\/wp-content\/uploads\/2025\/08\/negociar-con-terroristas-la-larga-lista-de-narcos-que-pactaron-con-ee-uu-1.png\" alt=\"Imagen ilustrativa\"><\/noscript> <\/div><\/div>\n<\/article><\/div><\/div>\n<p>A diferencia de su marido, <strong>Emma Coronel Aispuro<\/strong> decidi\u00f3 negociar con la justicia y logr\u00f3 una pena reducida que ya cumpli\u00f3, por lo que ya vive en <a href=\"https:\/\/actualidad-rt.com\/actualidad\/523859-esposa-chapo-guzman-desfila-semana\" target=\"_blank\" rel=\"noopener noreferrer\">libertad<\/a>. Ese destino tambi\u00e9n&nbsp;le espera a&nbsp;<strong>Iv\u00e1n Reyes Arzate<\/strong>, alias &#8216;La Reina&#8217;.<\/p>\n<p><strong>Reyes Arzate,<\/strong> exjefe de la Polic\u00eda Federal, trabajaba para el C\u00e1rtel de Sinaloa. Sin embargo, gracias a su colaboraci\u00f3n con las autoridades estadounidenses solo recibi\u00f3 una condena de&nbsp;10 a\u00f1os de prisi\u00f3n, pero podr\u00e1&nbsp;salir antes.<\/p>\n<p>Entre los narcotraficantes con los que EE.UU. ha aceptado negociar se encuentran&nbsp;<strong>Jessica Johanna Oseguera Gonz\u00e1lez<\/strong>, hija de Nemesio Oseguera, l\u00edder del CJNG;&nbsp;<strong>Jorge Humberto P\u00e9rez C\u00e1zares<\/strong>, &#8216;El Cadete&#8217;, del mismo C\u00e1rtel; y <strong>Juan Gerardo Trevi\u00f1o Ch\u00e1vez<\/strong>, &#8216;El Huevo&#8217;, exl\u00edder del C\u00e1rtel del Noreste; y <strong>H\u00e9ctor Alejandro P\u00e1ez Garc\u00eda<\/strong>, un abogado que trabajaba para el C\u00e1rtel de Sinaloa.<\/p>\n<p>Los pactos&nbsp;han sido cuestionados por la presidenta de M\u00e9xico, Claudia Sheinbaum, quien ha <a href=\"https:\/\/actualidad.rt.com\/actualidad\/551701-sheinbaum-critica-justicia-eeuu-negociar-narcotraficantes\" target=\"_blank\" rel=\"noopener noreferrer\">subrayado<\/a> la incongruencia de que EE.UU. negocie con narcotraficantes, a pesar de haber declarado a los c\u00e1rteles como \u00aborganizaciones terroristas\u00bb.<\/p>\n","protected":false},"excerpt":{"rendered":"<p>A pesar de que los considera parte de organizaciones terroristas, el Gobierno de EE.UU. ha negociado acuerdos con 14 poderosos narcotraficantes para que se declaren culpables en ese pa\u00eds y colaboren en juicios contra otros capos, revel\u00f3 el diario Milenio. La lista analizada abarca desde 2019, cuando el exjefe del C\u00e1rtel de Sinaloa, Joaqu\u00edn &#8216;El [&hellip;]<\/p>\n","protected":false},"author":1,"featured_media":165985,"comment_status":"closed","ping_status":"closed","sticky":false,"template":"","format":"standard","meta":[],"categories":[22],"tags":[],"_links":{"self":[{"href":"http:\/\/cordobainforma.info\/index.php\/wp-json\/wp\/v2\/posts\/165984"}],"collection":[{"href":"http:\/\/cordobainforma.info\/index.php\/wp-json\/wp\/v2\/posts"}],"about":[{"href":"http:\/\/cordobainforma.info\/index.php\/wp-json\/wp\/v2\/types\/post"}],"author":[{"embeddable":true,"href":"http:\/\/cordobainforma.info\/index.php\/wp-json\/wp\/v2\/users\/1"}],"replies":[{"embeddable":true,"href":"http:\/\/cordobainforma.info\/index.php\/wp-json\/wp\/v2\/comments?post=165984"}],"version-history":[{"count":0,"href":"http:\/\/cordobainforma.info\/index.php\/wp-json\/wp\/v2\/posts\/165984\/revisions"}],"wp:featuredmedia":[{"embeddable":true,"href":"http:\/\/cordobainforma.info\/index.php\/wp-json\/wp\/v2\/media\/165985"}],"wp:attachment":[{"href":"http:\/\/cordobainforma.info\/index.php\/wp-json\/wp\/v2\/media?parent=165984"}],"wp:term":[{"taxonomy":"category","embeddable":true,"href":"http:\/\/cordobainforma.info\/index.php\/wp-json\/wp\/v2\/categories?post=165984"},{"taxonomy":"post_tag","embeddable":true,"href":"http:\/\/cordobainforma.info\/index.php\/wp-json\/wp\/v2\/tags?post=165984"}],"curies":[{"name":"wp","href":"https:\/\/api.w.org\/{rel}","templated":true}]}}