{"id":165982,"date":"2025-08-25T12:58:07","date_gmt":"2025-08-25T12:58:07","guid":{"rendered":"http:\/\/cordobainforma.info\/index.php\/2025\/08\/25\/borrell-pide-actuar-judicialmente-por-la-inaccion-de-la-ue-ante-la-masacre-en-gaza\/"},"modified":"2025-08-25T12:58:07","modified_gmt":"2025-08-25T12:58:07","slug":"borrell-pide-actuar-judicialmente-por-la-inaccion-de-la-ue-ante-la-masacre-en-gaza","status":"publish","type":"post","link":"http:\/\/cordobainforma.info\/index.php\/2025\/08\/25\/borrell-pide-actuar-judicialmente-por-la-inaccion-de-la-ue-ante-la-masacre-en-gaza\/","title":{"rendered":"Borrell pide actuar judicialmente por la \u00abinacci\u00f3n\u00bb de la UE ante la \u00abmasacre\u00bb en Gaza"},"content":{"rendered":"<p>Josep Borrell, que fue alto representante de la Uni\u00f3n Europea para Asuntos Exteriores y Pol\u00edtica de Seguridad entre 2019 y 2024, ha pedido que se act\u00fae judicialmente por la \u00abinacci\u00f3n\u00bb del bloque comunitario ante la \u00abmasacre\u00bb y \u00abtragedia\u00bb que tiene lugar en la Franja de Gaza (Palestina), informa la agencia <a href=\"https:\/\/efe.com\/espana\/2025-08-25\/josep-borrell-gaza-curso-quo-vadis-europa-uimp\/\" target=\"_blank\" rel=\"noopener noreferrer\">EFE<\/a>.<\/p>\n<div class=\"ReadMore-root Section-root Section-is1to3-xs_is1to1\" data-widgets=\"ReadMore\">\n<div class=\"Section-container Section-isRow-isTop-isWrap\">\n<article class=\"Card-root Card-is1to1 Card-default \">\n<div class=\"Card-imageWrap\">\n<div class=\"Card-picture\"> <picture class=\"Picture-root Picture-default\"><!--[if IE 9]><video style=\"display: none;\"><![endif]--><source media=\"(-webkit-min-device-pixel-ratio: 2) and (min-resolution: 120dpi)\" srcset=\"http:\/\/cordobainforma.info\/wp-content\/uploads\/2025\/08\/borrell-pide-actuar-judicialmente-por-la-inaccion-de-la-ue-ante-la-masacre-en-gaza.jpg 850w, http:\/\/cordobainforma.info\/wp-content\/uploads\/2025\/08\/borrell-pide-actuar-judicialmente-por-la-inaccion-de-la-ue-ante-la-masacre-en-gaza-1.jpg 1960w\"><source srcset=\"http:\/\/cordobainforma.info\/wp-content\/uploads\/2025\/08\/borrell-pide-actuar-judicialmente-por-la-inaccion-de-la-ue-ante-la-masacre-en-gaza.jpg, https:\/\/actualidad.rt.com\/actualidad\/460, http:\/\/cordobainforma.info\/wp-content\/uploads\/2025\/08\/borrell-pide-actuar-judicialmente-por-la-inaccion-de-la-ue-ante-la-masacre-en-gaza-1.jpg 980w\"><!--[if IE 9]><\/video><![endif]--><img data-sizes=\"auto\" src=\"http:\/\/cordobainforma.info\/wp-content\/uploads\/2025\/08\/borrell-pide-actuar-judicialmente-por-la-inaccion-de-la-ue-ante-la-masacre-en-gaza.jpg\" class=\"Picture-root Picture-default lazyload\" alt=\"Mark Ruffalo exige a Trump y a Europa que &quot;hagan algo&quot; tras declararse la hambruna en Gaza\"><\/picture><!-- noscript pattern --><noscript><img src=\"http:\/\/cordobainforma.info\/wp-content\/uploads\/2025\/08\/borrell-pide-actuar-judicialmente-por-la-inaccion-de-la-ue-ante-la-masacre-en-gaza-1.jpg\" alt=\"Mark Ruffalo exige a Trump y a Europa que &quot;hagan algo&quot; tras declararse la hambruna en Gaza\"><\/noscript> <\/div><\/div>\n<\/article><\/div><\/div>\n<p>\u00abAlguien tendr\u00eda que actuar judicialmente para hacer que las instituciones europeas hagan lo que tienen que hacer y, puesto que parece que no lo quieren hacer, hay una cosa que se llama tribunales de justicia para llevar all\u00ed el caso de inacci\u00f3n\u00bb, declar\u00f3 este lunes a la prensa en Santander (Espa\u00f1a).<\/p>\n<p>En este sentido, se\u00f1al\u00f3 que, de lo contrario, el <strong>bloque comunitario<\/strong> incurre en una <strong>responsabilidad<\/strong>&nbsp;<strong>pol\u00edtica<\/strong> y <strong>administrativa<\/strong> porque estar\u00eda <strong>incumpliendo sus obligaciones<\/strong> en virtud del Tratado de la UE que obliga a proceder de esa forma. \u00abSolo las opiniones p\u00fablicas de los pa\u00edses desarrollados, los que le dan armas a Israel, los que le alimentan, los que le apoyan, pueden evitar que esto siga adelante\u00bb, sentenci\u00f3.<\/p>\n","protected":false},"excerpt":{"rendered":"<p>Josep Borrell, que fue alto representante de la Uni\u00f3n Europea para Asuntos Exteriores y Pol\u00edtica de Seguridad entre 2019 y 2024, ha pedido que se act\u00fae judicialmente por la \u00abinacci\u00f3n\u00bb del bloque comunitario ante la \u00abmasacre\u00bb y \u00abtragedia\u00bb que tiene lugar en la Franja de Gaza (Palestina), informa la agencia EFE. \u00abAlguien tendr\u00eda que actuar [&hellip;]<\/p>\n","protected":false},"author":1,"featured_media":165983,"comment_status":"closed","ping_status":"closed","sticky":false,"template":"","format":"standard","meta":[],"categories":[22],"tags":[],"_links":{"self":[{"href":"http:\/\/cordobainforma.info\/index.php\/wp-json\/wp\/v2\/posts\/165982"}],"collection":[{"href":"http:\/\/cordobainforma.info\/index.php\/wp-json\/wp\/v2\/posts"}],"about":[{"href":"http:\/\/cordobainforma.info\/index.php\/wp-json\/wp\/v2\/types\/post"}],"author":[{"embeddable":true,"href":"http:\/\/cordobainforma.info\/index.php\/wp-json\/wp\/v2\/users\/1"}],"replies":[{"embeddable":true,"href":"http:\/\/cordobainforma.info\/index.php\/wp-json\/wp\/v2\/comments?post=165982"}],"version-history":[{"count":0,"href":"http:\/\/cordobainforma.info\/index.php\/wp-json\/wp\/v2\/posts\/165982\/revisions"}],"wp:featuredmedia":[{"embeddable":true,"href":"http:\/\/cordobainforma.info\/index.php\/wp-json\/wp\/v2\/media\/165983"}],"wp:attachment":[{"href":"http:\/\/cordobainforma.info\/index.php\/wp-json\/wp\/v2\/media?parent=165982"}],"wp:term":[{"taxonomy":"category","embeddable":true,"href":"http:\/\/cordobainforma.info\/index.php\/wp-json\/wp\/v2\/categories?post=165982"},{"taxonomy":"post_tag","embeddable":true,"href":"http:\/\/cordobainforma.info\/index.php\/wp-json\/wp\/v2\/tags?post=165982"}],"curies":[{"name":"wp","href":"https:\/\/api.w.org\/{rel}","templated":true}]}}