{"id":165980,"date":"2025-08-25T06:25:26","date_gmt":"2025-08-25T06:25:26","guid":{"rendered":"https:\/\/www.mujerhoy.com\/vivir\/bienestar\/welife-festival-maria-dolores-puerta-ansiedad-intestino-microbiota-20250825114832-nt.html"},"modified":"2025-08-25T06:25:26","modified_gmt":"2025-08-25T06:25:26","slug":"tu-intestino-tambien-tiene-ansiedad-ma-dolores-de-la-puerta-experta-en-microbiota-ensenara-a-reducir-su-estres-en-el-proximo-welife-festival-2025","status":"publish","type":"post","link":"http:\/\/cordobainforma.info\/index.php\/2025\/08\/25\/tu-intestino-tambien-tiene-ansiedad-ma-dolores-de-la-puerta-experta-en-microbiota-ensenara-a-reducir-su-estres-en-el-proximo-welife-festival-2025\/","title":{"rendered":"Tu intestino tambi\u00e9n tiene ansiedad. M\u00aa Dolores de la Puerta, experta en microbiota, ense\u00f1ar\u00e1 a reducir su estr\u00e9s en el pr\u00f3ximo WeLife Festival 2025"},"content":{"rendered":"<div class=\"media_block\"><\/div>\n<div><img src=\"http:\/\/cordobainforma.info\/wp-content\/uploads\/2025\/08\/tu-intestino-tambien-tiene-ansiedad-ma-dolores-de-la-puerta-experta-en-microbiota-ensenara-a-reducir-su-estres-en-el-proximo-welife-festival-2025.jpg\" class=\"ff-og-image-inserted\"><\/div>\n<p><!-- AUTHOR --><\/p>\n<div class=\"voc-author-timesocial \">\n<!-- AUTHOR --><\/p>\n<div class=\"voc-author-timesocial__signature \">\n<!-- INFO AUTHOR --><\/p>\n<div class=\"voc-author-timesocial__info\" data-mrf-recirculation=\"Autor\">\n<div class=\"voc-author-info\">\n<author><br \/>\n<span class=\"voc-author\">WeLife<\/span><br \/>\n<\/author><br \/>\n<!-- TIME --><br \/>\n<time datetime=\"2025-08-25T06:25:26Z\" data-timestamp><br \/>\nPublicado \u00b7 <span data-voc-date-modified-short> 25 de agosto de 2025, 08:25 h <\/span><br \/>\n<\/time>\n<\/div>\n<\/div>\n<\/div><\/div>\n<p><!-- COMPONENTS --><\/p>\n<p class=\"voc-paragraph\">Te duele la tripa, se te hincha el abdomen, notas fatiga o pesadez, pero los an\u00e1lisis salen normales. No sabes si es lo que comes, lo que sientes o simplemente que \u00abte pasa algo raro\u00bb. No est\u00e1s solo: lo que ocurre en el intestino es muchas veces un <strong>reflejo de lo que ocurre en tu sistema nervioso<\/strong>. Porque, aunque no lo parezca, tu digesti\u00f3n tambi\u00e9n tiene emociones.<\/p>\n<p class=\"voc-paragraph\">Lo explica la doctora <strong>M\u00aa Dolores de la Puerta<\/strong>, m\u00e9dico experta en microbiota y autora de Un intestino feliz y La microbiota estresada (Ed. Harper Collins): la microbiota \u2014ese ecosistema de bacterias que vive en nuestro intestino\u2014 responde al estr\u00e9s igual que t\u00fa: se desregula, se inflama, se agota. El eje intestino-cerebro es m\u00e1s que una moda cient\u00edfica. Es la base de una salud real, integral y sostenible. Porque no somos compartimentos: somos un sistema interconectado.<\/p>\n<p class=\"voc-paragraph\">En el pr\u00f3ximo <strong>WeLife Festival 2025<\/strong>, De La Puerta desentra\u00f1ar\u00e1 c\u00f3mo el estr\u00e9s impacta en tu flora intestinal y c\u00f3mo podemos sanar desde dentro, escuchando lo que nos duele y alimentando lo que nos equilibra.<\/p>\n<p><h3 class=\"v-cmp-suh\">\n\u00bfTe vienes?<br \/>\n<\/h3>\n<\/p>\n<p class=\"voc-paragraph\"><strong>WeLife Festival 2025 <\/strong>es una experiencia \u00fanica de bienestar multidimensional. Durante dos jornadas, m\u00e1s de 30 expertos nacionales e internacionales te ofrecer\u00e1n herramientas para cuidarte de forma real, profunda y sostenible. Desde la neurociencia a la respiraci\u00f3n, desde la salud metab\u00f3lica al descanso emocional. Con ponentes como Toni Nadal, Sari Arponen, Bruno Ribeiro, Vikika, Mar\u00eda Neira y Alba Cardalda.<\/p>\n<p><h3 class=\"v-cmp-suh\">\nWeLife Festival 2025<br \/>\n<\/h3>\n<\/p>\n<p class=\"voc-paragraph\"><strong>20 y 21 de septiembre <\/strong><\/p>\n<p class=\"voc-paragraph\"><strong>Real Teatro Retiro (Madrid). <\/strong><\/p>\n","protected":false},"excerpt":{"rendered":"<p>WeLife Publicado \u00b7 25 de agosto de 2025, 08:25 h Te duele la tripa, se te hincha el abdomen, notas fatiga o pesadez, pero los an\u00e1lisis salen normales. No sabes si es lo que comes, lo que sientes o simplemente que \u00abte pasa algo raro\u00bb. No est\u00e1s solo: lo que ocurre en el intestino es [&hellip;]<\/p>\n","protected":false},"author":1,"featured_media":165981,"comment_status":"open","ping_status":"closed","sticky":false,"template":"","format":"standard","meta":[],"categories":[18],"tags":[],"_links":{"self":[{"href":"http:\/\/cordobainforma.info\/index.php\/wp-json\/wp\/v2\/posts\/165980"}],"collection":[{"href":"http:\/\/cordobainforma.info\/index.php\/wp-json\/wp\/v2\/posts"}],"about":[{"href":"http:\/\/cordobainforma.info\/index.php\/wp-json\/wp\/v2\/types\/post"}],"author":[{"embeddable":true,"href":"http:\/\/cordobainforma.info\/index.php\/wp-json\/wp\/v2\/users\/1"}],"replies":[{"embeddable":true,"href":"http:\/\/cordobainforma.info\/index.php\/wp-json\/wp\/v2\/comments?post=165980"}],"version-history":[{"count":0,"href":"http:\/\/cordobainforma.info\/index.php\/wp-json\/wp\/v2\/posts\/165980\/revisions"}],"wp:featuredmedia":[{"embeddable":true,"href":"http:\/\/cordobainforma.info\/index.php\/wp-json\/wp\/v2\/media\/165981"}],"wp:attachment":[{"href":"http:\/\/cordobainforma.info\/index.php\/wp-json\/wp\/v2\/media?parent=165980"}],"wp:term":[{"taxonomy":"category","embeddable":true,"href":"http:\/\/cordobainforma.info\/index.php\/wp-json\/wp\/v2\/categories?post=165980"},{"taxonomy":"post_tag","embeddable":true,"href":"http:\/\/cordobainforma.info\/index.php\/wp-json\/wp\/v2\/tags?post=165980"}],"curies":[{"name":"wp","href":"https:\/\/api.w.org\/{rel}","templated":true}]}}