{"id":165965,"date":"2025-08-25T11:30:00","date_gmt":"2025-08-25T11:30:00","guid":{"rendered":"http:\/\/cordobainforma.info\/index.php\/2025\/08\/25\/el-arquitecto-del-templo-portal-del-cielo-declaro-ante-la-justicia-los-fondos-provenian-de-una-fundacion\/"},"modified":"2025-08-25T11:30:00","modified_gmt":"2025-08-25T11:30:00","slug":"el-arquitecto-del-templo-portal-del-cielo-declaro-ante-la-justicia-los-fondos-provenian-de-una-fundacion","status":"publish","type":"post","link":"http:\/\/cordobainforma.info\/index.php\/2025\/08\/25\/el-arquitecto-del-templo-portal-del-cielo-declaro-ante-la-justicia-los-fondos-provenian-de-una-fundacion\/","title":{"rendered":"El arquitecto del templo \u201cPortal del Cielo\u201d declar\u00f3 ante la Justicia: \u201cLos fondos proven\u00edan de una fundaci\u00f3n\u201d"},"content":{"rendered":"<div class=\"media_block\"><\/div>\n<div><img src=\"http:\/\/cordobainforma.info\/wp-content\/uploads\/2025\/08\/el-arquitecto-del-templo-portal-del-cielo-declaro-ante-la-justicia-los-fondos-provenian-de-una-fundacion.jpg\" class=\"ff-og-image-inserted\"><\/div>\n<p>La investigaci\u00f3n por el origen de los millonarios fondos que hicieron posible la construcci\u00f3n del <strong>\u201cPortal del Cielo\u201d<\/strong>, el auditorio evang\u00e9lico m\u00e1s grande del pa\u00eds, sum\u00f3 un nuevo cap\u00edtulo. El arquitecto <strong>Jeffrey Berk<\/strong>, titular del estudio que dise\u00f1\u00f3 y dirigi\u00f3 t\u00e9cnicamente la obra, declar\u00f3 como testigo ante la Justicia Federal de Resistencia y asegur\u00f3 que los pagos siempre se canalizaron a trav\u00e9s de la <strong>Fundaci\u00f3n Cielos Abiertos<\/strong>, creada por la iglesia del pastor <strong>Jorge Ledesma<\/strong>.<\/p>\n<p>Berk relat\u00f3 que su estudio asumi\u00f3 el proyecto en 2013, tras la firma de un contrato inicial por 1,3 millones de pesos (equivalentes a casi 300 mil d\u00f3lares en aquel momento), abonados en ocho cuotas bancarias. En etapas posteriores, aclar\u00f3, sus honorarios fueron calculados como un porcentaje del avance de obra, mientras que la fundaci\u00f3n quedaba a cargo de la compra de materiales y la contrataci\u00f3n de empresas constructoras.<\/p>\n<p>El rol del estudio fue auditar costos y certificar vol\u00famenes ejecutados, pero la fundaci\u00f3n era la que manejaba directamente los pagos, explic\u00f3.<\/p>\n<h2>Avances parciales y modificaciones<\/h2>\n<p>Aunque el auditorio fue inaugurado en 2024 con un imponente acto religioso, Berk advirti\u00f3 que la construcci\u00f3n sigue inconclusa. Estim\u00f3 que el avance global se ubica entre un 40% y un 60%, y se\u00f1al\u00f3 que la sala principal apenas llega a un 80% de finalizaci\u00f3n. Faltan cielorrasos, gradas y revestimientos, y en el \u00faltimo tramo la propia fundaci\u00f3n ejecut\u00f3 cambios por su cuenta.<\/p>\n<p>El arquitecto describi\u00f3 esa etapa como un \u201ch\u00e1galo usted mismo\u201d y mencion\u00f3, entre las modificaciones, la incorporaci\u00f3n de un bloque cuadrado en la fachada que no formaba parte de los planos originales.<\/p>\n<p>El <strong>Portal del Cielo<\/strong>, con capacidad para m\u00e1s de 15.000 personas sentadas, es considerado el estadio cerrado evang\u00e9lico m\u00e1s grande de Argentina. Aunque no existe un presupuesto oficial consolidado, fuentes de la investigaci\u00f3n estiman que el costo de la obra supera los <strong>50 millones de d\u00f3lares<\/strong>.<\/p>\n<p>Las sospechas recaen sobre el pastor Ledesma, conocido por sus declaraciones sobre supuestos \u201cmilagros financieros\u201d, en los que dec\u00eda transformar pesos en d\u00f3lares. La <strong>jueza federal Zunilda Niremperger<\/strong> ya autoriz\u00f3 el levantamiento del secreto fiscal, bancario y financiero de Ledesma, de la fundaci\u00f3n y de empresas vinculadas, a pedido del fiscal <strong>Patricio Sabadini<\/strong>.<\/p>\n<h2>Lo que viene en la causa<\/h2>\n<p>De momento no hay imputaciones formales, aunque los investigadores advierten que la pesquisa enfrenta un obst\u00e1culo central: gran parte de los ingresos de la iglesia provienen de <strong>donaciones en efectivo de origen an\u00f3nimo<\/strong>, lo que dificulta rastrear la ruta del dinero.<\/p>\n<p>En paralelo, se espera que la <strong>Unidad de Informaci\u00f3n Financiera (UIF)<\/strong> y la <strong>Agencia de Recaudaci\u00f3n y Control Aduanero (ARCA)<\/strong> aporten informes clave para reconstruir el flujo de fondos.<\/p>\n<div class=\"article__tags\">\n<p>En esta Nota<\/p>\n<\/p><\/div>\n","protected":false},"excerpt":{"rendered":"<p>La investigaci\u00f3n por el origen de los millonarios fondos que hicieron posible la construcci\u00f3n del \u201cPortal del Cielo\u201d, el auditorio evang\u00e9lico m\u00e1s grande del pa\u00eds, sum\u00f3 un nuevo cap\u00edtulo. El arquitecto Jeffrey Berk, titular del estudio que dise\u00f1\u00f3 y dirigi\u00f3 t\u00e9cnicamente la obra, declar\u00f3 como testigo ante la Justicia Federal de Resistencia y asegur\u00f3 que [&hellip;]<\/p>\n","protected":false},"author":1,"featured_media":165966,"comment_status":"closed","ping_status":"closed","sticky":false,"template":"","format":"standard","meta":[],"categories":[2],"tags":[],"_links":{"self":[{"href":"http:\/\/cordobainforma.info\/index.php\/wp-json\/wp\/v2\/posts\/165965"}],"collection":[{"href":"http:\/\/cordobainforma.info\/index.php\/wp-json\/wp\/v2\/posts"}],"about":[{"href":"http:\/\/cordobainforma.info\/index.php\/wp-json\/wp\/v2\/types\/post"}],"author":[{"embeddable":true,"href":"http:\/\/cordobainforma.info\/index.php\/wp-json\/wp\/v2\/users\/1"}],"replies":[{"embeddable":true,"href":"http:\/\/cordobainforma.info\/index.php\/wp-json\/wp\/v2\/comments?post=165965"}],"version-history":[{"count":0,"href":"http:\/\/cordobainforma.info\/index.php\/wp-json\/wp\/v2\/posts\/165965\/revisions"}],"wp:featuredmedia":[{"embeddable":true,"href":"http:\/\/cordobainforma.info\/index.php\/wp-json\/wp\/v2\/media\/165966"}],"wp:attachment":[{"href":"http:\/\/cordobainforma.info\/index.php\/wp-json\/wp\/v2\/media?parent=165965"}],"wp:term":[{"taxonomy":"category","embeddable":true,"href":"http:\/\/cordobainforma.info\/index.php\/wp-json\/wp\/v2\/categories?post=165965"},{"taxonomy":"post_tag","embeddable":true,"href":"http:\/\/cordobainforma.info\/index.php\/wp-json\/wp\/v2\/tags?post=165965"}],"curies":[{"name":"wp","href":"https:\/\/api.w.org\/{rel}","templated":true}]}}