{"id":165961,"date":"2025-08-25T11:39:29","date_gmt":"2025-08-25T11:39:29","guid":{"rendered":"https:\/\/cordoba.gob.ar\/?p=80495"},"modified":"2025-08-25T11:39:29","modified_gmt":"2025-08-25T11:39:29","slug":"desde-septiembre-la-tarifa-social-para-personas-mayores-de-70-anos-funcionara-solo-en-sube-como-gestionar-el-beneficio","status":"publish","type":"post","link":"http:\/\/cordobainforma.info\/index.php\/2025\/08\/25\/desde-septiembre-la-tarifa-social-para-personas-mayores-de-70-anos-funcionara-solo-en-sube-como-gestionar-el-beneficio\/","title":{"rendered":"Desde septiembre la Tarifa Social para Personas Mayores de 70 a\u00f1os funcionar\u00e1 solo en SUBE: c\u00f3mo gestionar el beneficio"},"content":{"rendered":"<div><img src=\"http:\/\/cordobainforma.info\/wp-content\/uploads\/2025\/08\/desde-septiembre-la-tarifa-social-para-personas-mayores-de-70-anos-funcionara-solo-en-sube-como-gestionar-el-beneficio.jpg\" class=\"ff-og-image-inserted\"><\/div>\n<ul>\n<li><strong>Para obtener el pl\u00e1stico nuevo, los beneficiarios deben acercarse al Palacio 6 de Julio o a las boleter\u00edas de Tamsau, Coniferal, S\u00edBus y Fam.<\/strong><\/li>\n<li><strong>Los usuarios que ya tengan la SUBE, pueden actualizarlo en los colectivos o a trav\u00e9s de la app.<\/strong><\/li>\n<li><strong>El programa seguir\u00e1 siendo de 40 viajes mensuales.<\/strong><\/li>\n<\/ul>\n<hr>\n<p>Contin\u00faa la migraci\u00f3n de la Tarifa Social para Personas Mayores de 70 a\u00f1os hacia la tarjeta SUBE, a trav\u00e9s de la Subsecretar\u00eda de Movilidad y Tr\u00e1nsito de la Municipalidad de C\u00f3rdoba.<\/p>\n<p>La Tarifa Social para Personas Mayores de 70 a\u00f1os est\u00e1 destinada a todas las y los cordobeses que registren en el DNI domicilio en la ciudad de C\u00f3rdoba. Se otorgan 40 viajes mensuales y se renuevan autom\u00e1ticamente.<\/p>\n<p>Las Personas Mayores que a\u00fan no tengan la SUBE deber\u00e1n presentarse con DNI f\u00edsico en el Palacio 6 de Julio y en las boleter\u00edas de las empresas de transporte urbano, en los siguientes horarios:<\/p>\n<p>\u2013 Palacio 6 de Julio: de lunes a viernes de 08:00 a 18:00 horas y s\u00e1bados de 08:00 a 16:00 horas.<\/p>\n<p>\u2013 Boleter\u00edas 40 y&nbsp; 41 de FAM en la Terminal de \u00d3mnibus T1, de lunes a viernes de 08:00 a 18:00 horas.<\/p>\n<p>\u2013 Boleter\u00eda 45 de Coniferal, en la Terminal de \u00d3mnibus T1; y Boleter\u00eda 85 de Tamsau, en la Terminal de \u00d3mnibus T2; en ambas de lunes a viernes de 09:00 a 16:00 horas.<\/p>\n<p>\u2013 Boleter\u00eda 86 de S\u00edBus, ubicada en la Terminal de \u00d3mnibus T2, de lunes a jueves de 09:00 a 16:30 y viernes de 09:00 a 15:30 horas.<\/p>\n<p>Para los usuarios que ya cuentan con la SUBE el proceso es sencillo: activan el beneficio apoyando la tarjeta f\u00edsica en el validador del colectivo. Tambi\u00e9n a trav\u00e9s de la aplicaci\u00f3n SUBE, en celulares con tecnolog\u00eda NFC.<\/p>\n<p>A partir del lunes 1 de septiembre la Tarifa Social para Personas Mayores de 70 a\u00f1os s\u00f3lo funcionar\u00e1 en SUBE. Cabe destacar que, este beneficio es compatible con la Tarifa Social Federal. En ese caso, el cobro de los viajes se realizar\u00e1 de la siguiente manera: primero, se descuentan los pasajes gratuitos locales. Una vez agotados, se aplica el descuento del 55% correspondiente al beneficio nacional. Y en caso de ser necesario, SUBE permite un saldo negativo de hasta $1.200.<\/p>\n","protected":false},"excerpt":{"rendered":"<p>Para obtener el pl\u00e1stico nuevo, los beneficiarios deben acercarse al Palacio 6 de Julio o a las boleter\u00edas de Tamsau, Coniferal, S\u00edBus y Fam. Los usuarios que ya tengan la SUBE, pueden actualizarlo en los colectivos o a trav\u00e9s de la app. El programa seguir\u00e1 siendo de 40 viajes mensuales. Contin\u00faa la migraci\u00f3n de la [&hellip;]<\/p>\n","protected":false},"author":1,"featured_media":165962,"comment_status":"closed","ping_status":"closed","sticky":false,"template":"","format":"standard","meta":[],"categories":[2],"tags":[],"_links":{"self":[{"href":"http:\/\/cordobainforma.info\/index.php\/wp-json\/wp\/v2\/posts\/165961"}],"collection":[{"href":"http:\/\/cordobainforma.info\/index.php\/wp-json\/wp\/v2\/posts"}],"about":[{"href":"http:\/\/cordobainforma.info\/index.php\/wp-json\/wp\/v2\/types\/post"}],"author":[{"embeddable":true,"href":"http:\/\/cordobainforma.info\/index.php\/wp-json\/wp\/v2\/users\/1"}],"replies":[{"embeddable":true,"href":"http:\/\/cordobainforma.info\/index.php\/wp-json\/wp\/v2\/comments?post=165961"}],"version-history":[{"count":0,"href":"http:\/\/cordobainforma.info\/index.php\/wp-json\/wp\/v2\/posts\/165961\/revisions"}],"wp:featuredmedia":[{"embeddable":true,"href":"http:\/\/cordobainforma.info\/index.php\/wp-json\/wp\/v2\/media\/165962"}],"wp:attachment":[{"href":"http:\/\/cordobainforma.info\/index.php\/wp-json\/wp\/v2\/media?parent=165961"}],"wp:term":[{"taxonomy":"category","embeddable":true,"href":"http:\/\/cordobainforma.info\/index.php\/wp-json\/wp\/v2\/categories?post=165961"},{"taxonomy":"post_tag","embeddable":true,"href":"http:\/\/cordobainforma.info\/index.php\/wp-json\/wp\/v2\/tags?post=165961"}],"curies":[{"name":"wp","href":"https:\/\/api.w.org\/{rel}","templated":true}]}}