{"id":165949,"date":"2025-08-25T11:19:47","date_gmt":"2025-08-25T11:19:47","guid":{"rendered":"https:\/\/cordobainforma.info\/index.php\/2025\/08\/25\/nueva-compensacion-economica-en-septiembre-cuanto-cobro-bae-negocios\/"},"modified":"2025-08-25T11:19:47","modified_gmt":"2025-08-25T11:19:47","slug":"nueva-compensacion-economica-en-septiembre-cuanto-cobro-bae-negocios","status":"publish","type":"post","link":"http:\/\/cordobainforma.info\/index.php\/2025\/08\/25\/nueva-compensacion-economica-en-septiembre-cuanto-cobro-bae-negocios\/","title":{"rendered":"<b>Nueva<\/b> Compensaci\u00f3n <b>Econ\u00f3mica<\/b> en septiembre: cu\u00e1nto cobro &#8211; BAE Negocios"},"content":{"rendered":"<p>\u00a1Buenos d\u00edas, <b>C\u00f3rdoba<\/b>! Hoy, 25 de agosto de 2025, el clima nos regala una jornada despejada y fresca. Descubr\u00ed todos los detalles para planificar tu&nbsp;&#8230; <\/p>\n","protected":false},"excerpt":{"rendered":"<p>\u00a1Buenos d\u00edas, C\u00f3rdoba! Hoy, 25 de agosto de 2025, el clima nos regala una jornada despejada y fresca. Descubr\u00ed todos los detalles para planificar tu&nbsp;&#8230;<\/p>\n","protected":false},"author":1,"featured_media":0,"comment_status":"closed","ping_status":"closed","sticky":false,"template":"","format":"standard","meta":[],"categories":[23],"tags":[],"_links":{"self":[{"href":"http:\/\/cordobainforma.info\/index.php\/wp-json\/wp\/v2\/posts\/165949"}],"collection":[{"href":"http:\/\/cordobainforma.info\/index.php\/wp-json\/wp\/v2\/posts"}],"about":[{"href":"http:\/\/cordobainforma.info\/index.php\/wp-json\/wp\/v2\/types\/post"}],"author":[{"embeddable":true,"href":"http:\/\/cordobainforma.info\/index.php\/wp-json\/wp\/v2\/users\/1"}],"replies":[{"embeddable":true,"href":"http:\/\/cordobainforma.info\/index.php\/wp-json\/wp\/v2\/comments?post=165949"}],"version-history":[{"count":0,"href":"http:\/\/cordobainforma.info\/index.php\/wp-json\/wp\/v2\/posts\/165949\/revisions"}],"wp:attachment":[{"href":"http:\/\/cordobainforma.info\/index.php\/wp-json\/wp\/v2\/media?parent=165949"}],"wp:term":[{"taxonomy":"category","embeddable":true,"href":"http:\/\/cordobainforma.info\/index.php\/wp-json\/wp\/v2\/categories?post=165949"},{"taxonomy":"post_tag","embeddable":true,"href":"http:\/\/cordobainforma.info\/index.php\/wp-json\/wp\/v2\/tags?post=165949"}],"curies":[{"name":"wp","href":"https:\/\/api.w.org\/{rel}","templated":true}]}}