{"id":165911,"date":"2025-08-24T19:45:29","date_gmt":"2025-08-24T19:45:29","guid":{"rendered":"https:\/\/somoscordobeses.com\/2025\/08\/24\/carlos-paz-entro-a-una-casa-y-robo-piezas-de-un-peugeot-206\/"},"modified":"2025-08-24T19:45:29","modified_gmt":"2025-08-24T19:45:29","slug":"carlos-paz-entro-a-una-casa-y-robo-piezas-de-un-peugeot-206","status":"publish","type":"post","link":"http:\/\/cordobainforma.info\/index.php\/2025\/08\/24\/carlos-paz-entro-a-una-casa-y-robo-piezas-de-un-peugeot-206\/","title":{"rendered":"Carlos Paz: entr\u00f3 a una casa y rob\u00f3 piezas de un Peugeot 206"},"content":{"rendered":"<div><img src=\"http:\/\/cordobainforma.info\/wp-content\/uploads\/2025\/08\/carlos-paz-entro-a-una-casa-y-robo-piezas-de-un-peugeot-206.jpg\" class=\"ff-og-image-inserted\"><\/div>\n<p>La tranquilidad de barrio Jos\u00e9 Mu\u00f1oz se quebr\u00f3 este domingo al mediod\u00eda, cuando la polic\u00eda sorprendi\u00f3 a un joven dentro de una vivienda. En su poder llevaba una navaja, una c\u00e9dula de GNC de un Peugeot 206 y una manija de butaca de autom\u00f3vil.<\/p>\n<p>Los agentes, alertados por la central de comunicaciones, siguieron el rastro hasta dar con el veh\u00edculo en cuesti\u00f3n. All\u00ed comprobaron que el volante hab\u00eda sido da\u00f1ado y que faltaba la perilla que reclina el asiento. Su due\u00f1a asegur\u00f3 que lo hab\u00eda dejado estacionado con todas las medidas de seguridad.<\/p>\n<p>El joven fue detenido en el lugar y trasladado a la alcald\u00eda de Carlos Paz. Los elementos quedaron secuestrados como parte de la investigaci\u00f3n que ahora sigue en manos del magistrado interviniente.<\/p>\n","protected":false},"excerpt":{"rendered":"<p>La tranquilidad de barrio Jos\u00e9 Mu\u00f1oz se quebr\u00f3 este domingo al mediod\u00eda, cuando la polic\u00eda sorprendi\u00f3 a un joven dentro de una vivienda. En su poder llevaba una navaja, una c\u00e9dula de GNC de un Peugeot 206 y una manija de butaca de autom\u00f3vil. Los agentes, alertados por la central de comunicaciones, siguieron el rastro [&hellip;]<\/p>\n","protected":false},"author":1,"featured_media":165912,"comment_status":"closed","ping_status":"closed","sticky":false,"template":"","format":"standard","meta":[],"categories":[2],"tags":[],"_links":{"self":[{"href":"http:\/\/cordobainforma.info\/index.php\/wp-json\/wp\/v2\/posts\/165911"}],"collection":[{"href":"http:\/\/cordobainforma.info\/index.php\/wp-json\/wp\/v2\/posts"}],"about":[{"href":"http:\/\/cordobainforma.info\/index.php\/wp-json\/wp\/v2\/types\/post"}],"author":[{"embeddable":true,"href":"http:\/\/cordobainforma.info\/index.php\/wp-json\/wp\/v2\/users\/1"}],"replies":[{"embeddable":true,"href":"http:\/\/cordobainforma.info\/index.php\/wp-json\/wp\/v2\/comments?post=165911"}],"version-history":[{"count":0,"href":"http:\/\/cordobainforma.info\/index.php\/wp-json\/wp\/v2\/posts\/165911\/revisions"}],"wp:featuredmedia":[{"embeddable":true,"href":"http:\/\/cordobainforma.info\/index.php\/wp-json\/wp\/v2\/media\/165912"}],"wp:attachment":[{"href":"http:\/\/cordobainforma.info\/index.php\/wp-json\/wp\/v2\/media?parent=165911"}],"wp:term":[{"taxonomy":"category","embeddable":true,"href":"http:\/\/cordobainforma.info\/index.php\/wp-json\/wp\/v2\/categories?post=165911"},{"taxonomy":"post_tag","embeddable":true,"href":"http:\/\/cordobainforma.info\/index.php\/wp-json\/wp\/v2\/tags?post=165911"}],"curies":[{"name":"wp","href":"https:\/\/api.w.org\/{rel}","templated":true}]}}