{"id":165909,"date":"2025-08-24T19:45:49","date_gmt":"2025-08-24T19:45:49","guid":{"rendered":"https:\/\/somoscordobeses.com\/2025\/08\/24\/nicolas-carrizo-le-pidio-disculpas-a-cristina-fernandez-y-se-desligo-de-sabag-montiel-2\/"},"modified":"2025-08-24T19:45:49","modified_gmt":"2025-08-24T19:45:49","slug":"nicolas-carrizo-le-pidio-disculpas-a-cristina-fernandez-y-se-desligo-de-sabag-montiel","status":"publish","type":"post","link":"http:\/\/cordobainforma.info\/index.php\/2025\/08\/24\/nicolas-carrizo-le-pidio-disculpas-a-cristina-fernandez-y-se-desligo-de-sabag-montiel\/","title":{"rendered":"Nicol\u00e1s Carrizo le pidi\u00f3 disculpas a Cristina Fern\u00e1ndez y se deslig\u00f3 de Sabag Montiel"},"content":{"rendered":"<div><img src=\"http:\/\/cordobainforma.info\/wp-content\/uploads\/2025\/08\/nicolas-carrizo-le-pidio-disculpas-a-cristina-fernandez-y-se-desligo-de-sabag-montiel.jpg\" class=\"ff-og-image-inserted\"><\/div>\n<p>Hubo avances en el juicio por el intento de magnicidio contra la ex presidenta Cristina Fern\u00e1ndez y la semana pasada el l\u00edder de la banda de los \u00abCopitos\u00bb, Nicol\u00e1s Carrizo, fue absuelto. La fiscal\u00eda consider\u00f3 que no ten\u00eda conocimiento de los hechos que planeaban Fernando Sabag Montiel y Brenda Uliarte.&nbsp;<\/p>\n<p>Tras esto, Carrizo dialog\u00f3 con el medio Radio con Vos y le pidi\u00f3 disculpas a la ex presidenta, adem\u00e1s de que brind\u00f3 detalles sobre la imagen de Sabag Montiel.<\/p>\n<p>Cabe aclarar que Carrizo estuvo preso durante casi tres a\u00f1os mientras avanzaba la investigaci\u00f3n y el juicio. El mi\u00e9rcoles pasado fue liberado. \u00abLas disculpas sinceras son hacia Cristina Kirchner\u00bb, dijo en la entrevista.<\/p>\n<figure data-html data-tadevel-template=\"web\/multimedia\" data-type=\"rich\" data-url=\"https:\/\/www.cba24n.com.ar\/argentina\/pidieron-15-y-14-anos-de-prision-para-los-imputados-por-el-atentado-contra-cristina-fernandez-de-kirchner_a68a73be6b5f8d1651af4bf0e\"><figcaption>\n<p>Pidieron 15 y 14 a\u00f1os de prisi\u00f3n para los imputados por el atentado contra Cristina Fern\u00e1ndez de Kirchner<\/p>\n<\/figcaption><\/figure>\n<p>Carrizo ten\u00eda en su celular una serie de mensajes donde se expresaba como un part\u00edcipe del hecho. Sin embargo, la investigaci\u00f3n comprob\u00f3 que no sab\u00eda del plan. \u00abEra un show del tema\u00bb, justific\u00f3 al aclarar que hab\u00eda escrito algunos mensajes a sus amigos \u201cen joda\u201d.<\/p>\n<p>Tambi\u00e9n esboz\u00f3 una hip\u00f3tesis sobre por qu\u00e9 Sabag Montiel quiso asesinar a la ex presidenta: dijo que lo hizo para \u201cimpresionar\u201d a ella, que era su novia. Y que todo deriv\u00f3 de situaciones de humillaci\u00f3n que ella ejerc\u00eda sobre \u00e9l.<\/p>\n","protected":false},"excerpt":{"rendered":"<p>Hubo avances en el juicio por el intento de magnicidio contra la ex presidenta Cristina Fern\u00e1ndez y la semana pasada el l\u00edder de la banda de los \u00abCopitos\u00bb, Nicol\u00e1s Carrizo, fue absuelto. La fiscal\u00eda consider\u00f3 que no ten\u00eda conocimiento de los hechos que planeaban Fernando Sabag Montiel y Brenda Uliarte.&nbsp; Tras esto, Carrizo dialog\u00f3 con [&hellip;]<\/p>\n","protected":false},"author":1,"featured_media":165910,"comment_status":"closed","ping_status":"closed","sticky":false,"template":"","format":"standard","meta":[],"categories":[2],"tags":[],"_links":{"self":[{"href":"http:\/\/cordobainforma.info\/index.php\/wp-json\/wp\/v2\/posts\/165909"}],"collection":[{"href":"http:\/\/cordobainforma.info\/index.php\/wp-json\/wp\/v2\/posts"}],"about":[{"href":"http:\/\/cordobainforma.info\/index.php\/wp-json\/wp\/v2\/types\/post"}],"author":[{"embeddable":true,"href":"http:\/\/cordobainforma.info\/index.php\/wp-json\/wp\/v2\/users\/1"}],"replies":[{"embeddable":true,"href":"http:\/\/cordobainforma.info\/index.php\/wp-json\/wp\/v2\/comments?post=165909"}],"version-history":[{"count":0,"href":"http:\/\/cordobainforma.info\/index.php\/wp-json\/wp\/v2\/posts\/165909\/revisions"}],"wp:featuredmedia":[{"embeddable":true,"href":"http:\/\/cordobainforma.info\/index.php\/wp-json\/wp\/v2\/media\/165910"}],"wp:attachment":[{"href":"http:\/\/cordobainforma.info\/index.php\/wp-json\/wp\/v2\/media?parent=165909"}],"wp:term":[{"taxonomy":"category","embeddable":true,"href":"http:\/\/cordobainforma.info\/index.php\/wp-json\/wp\/v2\/categories?post=165909"},{"taxonomy":"post_tag","embeddable":true,"href":"http:\/\/cordobainforma.info\/index.php\/wp-json\/wp\/v2\/tags?post=165909"}],"curies":[{"name":"wp","href":"https:\/\/api.w.org\/{rel}","templated":true}]}}