{"id":165873,"date":"2025-08-24T12:22:31","date_gmt":"2025-08-24T12:22:31","guid":{"rendered":"http:\/\/cordobainforma.info\/index.php\/2025\/08\/24\/lavrov-responde-a-macron-que-tacho-a-rusia-de-depredador-y-ogro\/"},"modified":"2025-08-24T12:22:31","modified_gmt":"2025-08-24T12:22:31","slug":"lavrov-responde-a-macron-que-tacho-a-rusia-de-depredador-y-ogro","status":"publish","type":"post","link":"http:\/\/cordobainforma.info\/index.php\/2025\/08\/24\/lavrov-responde-a-macron-que-tacho-a-rusia-de-depredador-y-ogro\/","title":{"rendered":"Lavrov responde a Macron, que tach\u00f3 a Rusia de \u00abdepredador\u00bb y \u00abogro\u00bb"},"content":{"rendered":"<p><img src=\"http:\/\/cordobainforma.info\/wp-content\/uploads\/2025\/08\/lavrov-responde-a-macron-que-tacho-a-rusia-de-depredador-y-ogro.jpg\"><\/p>\n<p>El ministro de Relaciones Exteriores de Rusia, Sergu\u00e9i Lavrov, ha comentado las recientes declaraciones del&nbsp;presidente de Francia, <a href=\"https:\/\/esrt.space\/actualidad\/562262-ponte-casco-rifle-vete-ucrania-duro-dardo\" target=\"_blank\" rel=\"noopener noreferrer\">Emmanuel Macron<\/a>, quien calific\u00f3 a Mosc\u00fa de \u00abdepredador\u00bb y&nbsp;\u00abogro\u00bb.<\/p>\n<p>\u00abHay diferentes personas, con diferentes culturas. Ni siquiera voy a comentar nada al respecto. <strong>Espero que \u00e9l mismo probablemente se sienta inc\u00f3modo por las noches<\/strong>\u00ab, <a href=\"https:\/\/t.me\/zarubinreporter\/4260\" target=\"_blank\" rel=\"noopener noreferrer\">dijo<\/a>&nbsp;el canciller ruso al periodista P\u00e1vel Zarubin al ser preguntado qu\u00e9 tipo de ret\u00f3rica era esa.&nbsp;<\/p>\n<div class=\"ReadMore-root Section-root Section-is1to3-xs_is1to1\" data-widgets=\"ReadMore\">\n<div class=\"Section-container Section-isRow-isTop-isWrap\">\n<article class=\"Card-root Card-is1to1 Card-default \">\n<div class=\"Card-imageWrap\">\n<div class=\"Card-picture\"> <picture class=\"Picture-root Picture-default\"><!--[if IE 9]><video style=\"display: none;\"><![endif]--><source media=\"(-webkit-min-device-pixel-ratio: 2) and (min-resolution: 120dpi)\" srcset=\"http:\/\/cordobainforma.info\/wp-content\/uploads\/2025\/08\/lavrov-responde-a-macron-que-tacho-a-rusia-de-depredador-y-ogro-2.jpg 850w, http:\/\/cordobainforma.info\/wp-content\/uploads\/2025\/08\/lavrov-responde-a-macron-que-tacho-a-rusia-de-depredador-y-ogro-3.jpg 1960w\"><source srcset=\"http:\/\/cordobainforma.info\/wp-content\/uploads\/2025\/08\/lavrov-responde-a-macron-que-tacho-a-rusia-de-depredador-y-ogro-2.jpg, https:\/\/actualidad.rt.com\/actualidad\/460, http:\/\/cordobainforma.info\/wp-content\/uploads\/2025\/08\/lavrov-responde-a-macron-que-tacho-a-rusia-de-depredador-y-ogro-3.jpg 980w\"><!--[if IE 9]><\/video><![endif]--><img data-sizes=\"auto\" src=\"http:\/\/cordobainforma.info\/wp-content\/uploads\/2025\/08\/lavrov-responde-a-macron-que-tacho-a-rusia-de-depredador-y-ogro-2.jpg\" class=\"Picture-root Picture-default lazyload\" alt=\"Lavrov: Zelenski dijo &quot;no&quot; a todas las propuestas de Trump para resolver el conflicto\"><\/picture><!-- noscript pattern --><noscript><img src=\"http:\/\/cordobainforma.info\/wp-content\/uploads\/2025\/08\/lavrov-responde-a-macron-que-tacho-a-rusia-de-depredador-y-ogro-3.jpg\" alt=\"Lavrov: Zelenski dijo &quot;no&quot; a todas las propuestas de Trump para resolver el conflicto\"><\/noscript> <\/div><\/div>\n<\/article><\/div><\/div>\n<p>Las palabras de Lavrov se producen despu\u00e9s de que el mandatario franc\u00e9s volviera a calificar a Rusia como \u00abuna potencia desestabilizadora\u00bb y \u00abuna amenaza potencial\u00bb para Europa que, \u00abpara su propia supervivencia, necesita seguir comiendo\u00bb.<\/p>\n<p>\u00abY por lo tanto, <strong>es un depredador, es un ogro a nuestras puertas<\/strong>\u00ab, <a href=\"https:\/\/youtu.be\/efQCj0Ln-ts?t=958\" target=\"_blank\" rel=\"noopener noreferrer\">declar\u00f3<\/a>&nbsp;Macron en una entrevista tras participar en la&nbsp;<a href=\"https:\/\/esrt.space\/actualidad\/561775-trump-reunirse-zelenski-grupo-apoyo\" target=\"_blank\" rel=\"noopener noreferrer\">reuni\u00f3n<\/a> en la Casa Blanca con el presidente de EE.UU., Donald Trump, el&nbsp;jefe del r\u00e9gimen de Kiev, Vlad\u00edmir Zelenski, y varios l\u00edderes europeos y de la OTAN para abordar la&nbsp;crisis ucraniana.<\/p>\n<h3><strong>\u00abIntento de romper\u00bb el proceso&nbsp;iniciado por Putin y Trump<\/strong><\/h3>\n<p>En este contexto, Lavrov&nbsp;considera&nbsp;que&nbsp;los pa\u00edses occidentales \u00abbuscan una excusa para impedir las negociaciones\u00bb para la resoluci\u00f3n del conflicto ucraniano.<\/p>\n<div class=\"EmbedBlock-root EmbedBlock-twitter\">\n<div class=\"TwitterEmbed\">\n<blockquote class=\"twitter-tweet\" data-twitter=\"twitter-tweet\" data-media-max-width=\"560\">\n<p lang=\"es\" dir=\"ltr\">Lavrov responde a Macron, que llama a Rusia \u00abdepredador\u00bb y \u00abogro\u00bb <a href=\"https:\/\/t.co\/lkPX8M2kdj\">https:\/\/t.co\/lkPX8M2kdj<\/a>El ministro de Relaciones Exteriores de Rusia, Sergu\u00e9i Lavrov, reaccion\u00f3 a las palabras del presidente franc\u00e9s, Emmanuel Macron, quien calific\u00f3 a Mosc\u00fa de \u00abdepredador\u00bb y \u00abogro\u00bb. <a href=\"https:\/\/t.co\/v1ePRHBnWl\">pic.twitter.com\/v1ePRHBnWl<\/a><\/p>\n<p>\u2014 Sepa M\u00e1s (@Sepa_mass) <a href=\"https:\/\/twitter.com\/Sepa_mass\/status\/1959594906202063278?ref_src=twsrc%5Etfw\">August 24, 2025<\/a><\/p><\/blockquote>\n<\/div>\n<\/div>\n<p>\u00ab<strong>Quieren que esto ocurra sin que sea culpa suya ni culpa de Zelenski<\/strong>, que tambi\u00e9n terquea y plantea ciertas condiciones, exigiendo una reuni\u00f3n inmediata con [el presidente ruso Vlad\u00edmir] Putin, independientemente de lo que ocurra\u00bb, indic\u00f3.<\/p>\n<p>En este sentido, Lavrov subray\u00f3 que se trata de <strong>\u00abun intento de romper\u00bb el proceso <a href=\"https:\/\/esrt.space\/actualidad\/561444-camino-paz-puntos-claves-historica-reunion-putin-trump\" target=\"_blank\" rel=\"noopener noreferrer\">iniciado<\/a> por&nbsp;el mandatario&nbsp;ruso y su hom\u00f3logo estadounidense<\/strong>, que ha dado, seg\u00fan el canciller, \u00abmuy buenos resultados\u00bb. Adem\u00e1s, expres\u00f3 su esperanza de que esos intentos de Occidente de impedir la soluci\u00f3n del conflicto \u00abfracasen\u00bb.<\/p>\n<figure class=\"RTImage-root\">\n<div class=\"RTImage-image RTImage-original\"><picture class=\"Picture-root Picture-original\"><!--[if IE 9]><video style=\"display: none;\"><![endif]--><source media=\"(-webkit-min-device-pixel-ratio: 2) and (min-resolution: 120dpi)\" srcset=\"http:\/\/cordobainforma.info\/wp-content\/uploads\/2025\/08\/lavrov-responde-a-macron-que-tacho-a-rusia-de-depredador-y-ogro-4.jpg 850w, http:\/\/cordobainforma.info\/wp-content\/uploads\/2025\/08\/lavrov-responde-a-macron-que-tacho-a-rusia-de-depredador-y-ogro-4.jpg 1960w\"><source srcset=\"http:\/\/cordobainforma.info\/wp-content\/uploads\/2025\/08\/lavrov-responde-a-macron-que-tacho-a-rusia-de-depredador-y-ogro-4.jpg 460w, http:\/\/cordobainforma.info\/wp-content\/uploads\/2025\/08\/lavrov-responde-a-macron-que-tacho-a-rusia-de-depredador-y-ogro-4.jpg 980w\"><!--[if IE 9]><\/video><![endif]--><img data-sizes=\"auto\" src=\"http:\/\/cordobainforma.info\/wp-content\/uploads\/2025\/08\/lavrov-responde-a-macron-que-tacho-a-rusia-de-depredador-y-ogro-4.jpg\" class=\"Picture-root Picture-original lazyload\" alt><\/picture><!-- noscript pattern --><noscript><img src=\"http:\/\/cordobainforma.info\/wp-content\/uploads\/2025\/08\/lavrov-responde-a-macron-que-tacho-a-rusia-de-depredador-y-ogro-4.jpg\" alt><\/noscript><\/div><figcaption class=\"RTImage-footer\"><span class=\"RTImage-caption\"><span class=\"RTImage-captionItem\">Reuni\u00f3n entre Donald Trump, Vlad\u00edmir Zelenski y representantes de Europa y la OTAN, EE.UU., 18 de agosto de 2025.<\/span><\/span><span class=\"RTImage-source\"><span class=\"RTImage-captionItem\">Win McNamee<\/span><span class=\"RTImage-captionItem\"> \/ Gettyimages.ru <\/span><\/span><\/figcaption><\/figure>\n<h3>Zelenski&nbsp;\u00abno conseguir\u00e1\u00bb desviar la atenci\u00f3n del problema del ruso<\/h3>\n<p>Asimismo, el jefe de la diplomacia rusa coment\u00f3 el <a href=\"https:\/\/actualidad.rt.com\/actualidad\/562054-zelenski-patea-constitucion-ucraniana-rechaza-ruso\" target=\"_blank\" rel=\"noopener noreferrer\">rechazo<\/a> del jefe del r\u00e9gimen de Kiev a reconocer al ruso como idioma oficial en el territorio ucraniano.&nbsp;\u00ab[Zelenski] dijo que el ruso no ser\u00eda idioma oficial. Pero, <strong>en realidad, nadie insiste mucho en eso<\/strong>\u00ab, se\u00f1al\u00f3.<\/p>\n<p>Lavrov manifest\u00f3 que \u00abel primer paso, que no depende de los deseos de Zelenski o de cualquier otra persona, es la derogaci\u00f3n de todas las leyes que, en flagrante violaci\u00f3n de la Carta de la ONU, prohibieron el idioma ruso y a la Iglesia Ortodoxa Ucraniana can\u00f3nica\u00bb. \u00ab<strong>Por eso intenta desviar la atenci\u00f3n de este problema, pero no lo conseguir\u00e1<\/strong>\u00ab, concluy\u00f3.<\/p>\n<div class=\"ReadMore-root Section-root Section-is1to3-xs_is1to1\" data-widgets=\"ReadMore\">\n<div class=\"Section-container Section-isRow-isTop-isWrap\">\n<article class=\"Card-root Card-is1to1 Card-default \">\n<div class=\"Card-imageWrap\">\n<div class=\"Card-picture\"> <picture class=\"Picture-root Picture-default\"><!--[if IE 9]><video style=\"display: none;\"><![endif]--><source media=\"(-webkit-min-device-pixel-ratio: 2) and (min-resolution: 120dpi)\" srcset=\"http:\/\/cordobainforma.info\/wp-content\/uploads\/2025\/08\/lavrov-responde-a-macron-que-tacho-a-rusia-de-depredador-y-ogro-5.jpg 850w, http:\/\/cordobainforma.info\/wp-content\/uploads\/2025\/08\/lavrov-responde-a-macron-que-tacho-a-rusia-de-depredador-y-ogro-6.jpg 1960w\"><source srcset=\"http:\/\/cordobainforma.info\/wp-content\/uploads\/2025\/08\/lavrov-responde-a-macron-que-tacho-a-rusia-de-depredador-y-ogro-5.jpg, https:\/\/actualidad.rt.com\/actualidad\/460, http:\/\/cordobainforma.info\/wp-content\/uploads\/2025\/08\/lavrov-responde-a-macron-que-tacho-a-rusia-de-depredador-y-ogro-6.jpg 980w\"><!--[if IE 9]><\/video><![endif]--><img data-sizes=\"auto\" src=\"http:\/\/cordobainforma.info\/wp-content\/uploads\/2025\/08\/lavrov-responde-a-macron-que-tacho-a-rusia-de-depredador-y-ogro-5.jpg\" class=\"Picture-root Picture-default lazyload\" alt=\"Lavrov: &quot;Ucrania es el \u00fanico pa\u00eds del mundo donde se proh\u00edbe un idioma, pero eso no molesta a nadie&quot;\"><\/picture><!-- noscript pattern --><noscript><img src=\"http:\/\/cordobainforma.info\/wp-content\/uploads\/2025\/08\/lavrov-responde-a-macron-que-tacho-a-rusia-de-depredador-y-ogro-6.jpg\" alt=\"Lavrov: &quot;Ucrania es el \u00fanico pa\u00eds del mundo donde se proh\u00edbe un idioma, pero eso no molesta a nadie&quot;\"><\/noscript> <\/div><\/div>\n<\/article><\/div><\/div>\n<p>Previamente, el ministro&nbsp;<a href=\"https:\/\/actualidad.rt.com\/actualidad\/561826-lavrov-ucrania-unico-pais-mundo-prohibe-idioma\">destac\u00f3<\/a>&nbsp;que&nbsp;<strong>Ucrania es \u00abel \u00fanico pa\u00eds del mundo donde est\u00e1 vetado un idioma\u00bb<\/strong>.&nbsp;Adem\u00e1s, record\u00f3&nbsp;que&nbsp;en la Constituci\u00f3n&nbsp;ucraniana&nbsp;todav\u00eda&nbsp;\u00abse mantiene la obligaci\u00f3n del Estado de garantizar plenamente los derechos del [idioma] ruso, lo cual se destaca por separado, y&nbsp;los de otras minor\u00edas nacionales\u00bb. \u00abSi tanto le preocupa [a Zelenski] su Constituci\u00f3n, yo empezar\u00eda por sus primeros art\u00edculos, donde se establece precisamente esa obligaci\u00f3n\u00bb,&nbsp;dijo.<\/p>\n<p>Este mi\u00e9rcoles, el l\u00edder del r\u00e9gimen&nbsp;de Kiev <a href=\"https:\/\/actualidad.rt.com\/actualidad\/562054-zelenski-patea-constitucion-ucraniana-rechaza-ruso\" target=\"_blank\" rel=\"noopener noreferrer\">afirm\u00f3<\/a> que&nbsp;Ucrania tiene<strong>&nbsp;<\/strong>un idioma oficial&nbsp;y es el ucraniano. \u00ab<strong>Los rusos pueden decir lo que quieran<\/strong>\u00ab, sentenci\u00f3,&nbsp;acusando a Mosc\u00fa de \u00abplantear tales ultim\u00e1tums para complicar el proceso de negociaci\u00f3n\u00bb.&nbsp;<\/p>\n","protected":false},"excerpt":{"rendered":"<p>El ministro de Relaciones Exteriores de Rusia, Sergu\u00e9i Lavrov, ha comentado las recientes declaraciones del&nbsp;presidente de Francia, Emmanuel Macron, quien calific\u00f3 a Mosc\u00fa de \u00abdepredador\u00bb y&nbsp;\u00abogro\u00bb. \u00abHay diferentes personas, con diferentes culturas. Ni siquiera voy a comentar nada al respecto. Espero que \u00e9l mismo probablemente se sienta inc\u00f3modo por las noches\u00ab, dijo&nbsp;el canciller ruso al [&hellip;]<\/p>\n","protected":false},"author":1,"featured_media":165874,"comment_status":"closed","ping_status":"closed","sticky":false,"template":"","format":"standard","meta":[],"categories":[22],"tags":[],"_links":{"self":[{"href":"http:\/\/cordobainforma.info\/index.php\/wp-json\/wp\/v2\/posts\/165873"}],"collection":[{"href":"http:\/\/cordobainforma.info\/index.php\/wp-json\/wp\/v2\/posts"}],"about":[{"href":"http:\/\/cordobainforma.info\/index.php\/wp-json\/wp\/v2\/types\/post"}],"author":[{"embeddable":true,"href":"http:\/\/cordobainforma.info\/index.php\/wp-json\/wp\/v2\/users\/1"}],"replies":[{"embeddable":true,"href":"http:\/\/cordobainforma.info\/index.php\/wp-json\/wp\/v2\/comments?post=165873"}],"version-history":[{"count":0,"href":"http:\/\/cordobainforma.info\/index.php\/wp-json\/wp\/v2\/posts\/165873\/revisions"}],"wp:featuredmedia":[{"embeddable":true,"href":"http:\/\/cordobainforma.info\/index.php\/wp-json\/wp\/v2\/media\/165874"}],"wp:attachment":[{"href":"http:\/\/cordobainforma.info\/index.php\/wp-json\/wp\/v2\/media?parent=165873"}],"wp:term":[{"taxonomy":"category","embeddable":true,"href":"http:\/\/cordobainforma.info\/index.php\/wp-json\/wp\/v2\/categories?post=165873"},{"taxonomy":"post_tag","embeddable":true,"href":"http:\/\/cordobainforma.info\/index.php\/wp-json\/wp\/v2\/tags?post=165873"}],"curies":[{"name":"wp","href":"https:\/\/api.w.org\/{rel}","templated":true}]}}