{"id":165871,"date":"2025-08-24T12:42:45","date_gmt":"2025-08-24T12:42:45","guid":{"rendered":"http:\/\/cordobainforma.info\/index.php\/2025\/08\/24\/zelenski-rechaza-compromisos-con-rusia-y-los-tacha-de-verguenza\/"},"modified":"2025-08-24T12:42:45","modified_gmt":"2025-08-24T12:42:45","slug":"zelenski-rechaza-compromisos-con-rusia-y-los-tacha-de-verguenza","status":"publish","type":"post","link":"http:\/\/cordobainforma.info\/index.php\/2025\/08\/24\/zelenski-rechaza-compromisos-con-rusia-y-los-tacha-de-verguenza\/","title":{"rendered":"Zelenski rechaza compromisos con Rusia y los tacha de \u00abverg\u00fcenza\u00bb"},"content":{"rendered":"<p><img src=\"http:\/\/cordobainforma.info\/wp-content\/uploads\/2025\/08\/zelenski-rechaza-compromisos-con-rusia-y-los-tacha-de-verguenza.jpg\"><\/p>\n<p data-start=\"75\" data-end=\"202\">El l\u00edder del r\u00e9gimen de Kiev, Vlad\u00edmir Zelenski, <a href=\"https:\/\/www.president.gov.ua\/news\/zvernennya-prezidenta-z-nagodi-dnya-nezalezhnosti-ukrayini-99705\" target=\"_blank\" rel=\"noopener noreferrer\">rechaz\u00f3<\/a>&nbsp;la posibilidad de un compromiso con Rusia en el marco del conflicto.<\/p>\n<p data-start=\"204\" data-end=\"456\"><strong>\u00abUcrania nunca m\u00e1s en su historia ser\u00e1 obligada a soportar la verg\u00fcenza que los rusos llaman &#8216;compromiso&#8217;<\/strong>. Necesitamos una paz justa. Solo nosotros decidiremos c\u00f3mo ser\u00e1 nuestro futuro\u00bb, declar\u00f3 este domingo en un mensaje con motivo del D\u00eda de la Independencia.<\/p>\n<p data-start=\"458\" data-end=\"564\"><strong>\u00abY el mundo lo sabe<\/strong>. Y el mundo lo respeta. Respeta a Ucrania. Trata a Ucrania como a un igual\u00bb, agreg\u00f3.<\/p>\n<div class=\"ReadMore-root Section-root Section-is1to3-xs_is1to1\" data-widgets=\"ReadMore\">\n<div class=\"Section-container Section-isRow-isTop-isWrap\">\n<article class=\"Card-root Card-is1to1 Card-default \">\n<div class=\"Card-imageWrap\">\n<div class=\"Card-picture\"> <picture class=\"Picture-root Picture-default\"><!--[if IE 9]><video style=\"display: none;\"><![endif]--><source media=\"(-webkit-min-device-pixel-ratio: 2) and (min-resolution: 120dpi)\" srcset=\"http:\/\/cordobainforma.info\/wp-content\/uploads\/2025\/08\/zelenski-rechaza-compromisos-con-rusia-y-los-tacha-de-verguenza-2.jpg 850w, http:\/\/cordobainforma.info\/wp-content\/uploads\/2025\/08\/zelenski-rechaza-compromisos-con-rusia-y-los-tacha-de-verguenza-3.jpg 1960w\"><source srcset=\"http:\/\/cordobainforma.info\/wp-content\/uploads\/2025\/08\/zelenski-rechaza-compromisos-con-rusia-y-los-tacha-de-verguenza-2.jpg, https:\/\/actualidad.rt.com\/actualidad\/460, http:\/\/cordobainforma.info\/wp-content\/uploads\/2025\/08\/zelenski-rechaza-compromisos-con-rusia-y-los-tacha-de-verguenza-3.jpg 980w\"><!--[if IE 9]><\/video><![endif]--><img data-sizes=\"auto\" src=\"http:\/\/cordobainforma.info\/wp-content\/uploads\/2025\/08\/zelenski-rechaza-compromisos-con-rusia-y-los-tacha-de-verguenza-2.jpg\" class=\"Picture-root Picture-default lazyload\" alt=\"Trump a Zelenski: &quot;Es hora de poner fin a los asesinatos sin sentido&quot;\"><\/picture><!-- noscript pattern --><noscript><img src=\"http:\/\/cordobainforma.info\/wp-content\/uploads\/2025\/08\/zelenski-rechaza-compromisos-con-rusia-y-los-tacha-de-verguenza-3.jpg\" alt=\"Trump a Zelenski: &quot;Es hora de poner fin a los asesinatos sin sentido&quot;\"><\/noscript> <\/div><\/div>\n<\/article><\/div><\/div>\n<p data-start=\"566\" data-end=\"892\">En esa misma declaraci\u00f3n, el l\u00edder del r\u00e9gimen de Kiev se\u00f1al\u00f3 que los aliados occidentales consideran que&nbsp;su pa\u00eds no est\u00e1 perdiendo en el conflicto. \u00abHoy, tanto EE.\u202fUU. como Europa coinciden: Ucrania a\u00fan no ha ganado, pero ciertamente no est\u00e1 perdiendo\u00bb, afirm\u00f3 en un mensaje en video.<\/p>\n<h3 data-start=\"566\" data-end=\"892\"><strong>\u00abNinguna posibilidad de ganar\u00bb<\/strong><\/h3>\n<p data-start=\"894\" data-end=\"1104\">Sin embargo, medios de comunicaci\u00f3n hab\u00edan informado anteriormente que el presidente de EE.\u202fUU., Donald Trump, insinu\u00f3 a Zelenski que Kiev tendr\u00eda que aceptar la paz en gran medida bajo los t\u00e9rminos de Mosc\u00fa.&nbsp;<\/p>\n<p>En particular, una fuente de la Casa Blanca, que pidi\u00f3 mantener el anonimato, <a href=\"https:\/\/actualidad.rt.com\/actualidad\/562276-trump-le-deja-claro-kiev-acepta-acuerdo-paz\" target=\"_blank\" rel=\"noopener noreferrer\">coment\u00f3<\/a>&nbsp;a NBC News sobre una publicaci\u00f3n en Truth Social en la que el presidente de EE.\u202fUU. afirmaba el jueves que, al encontrarse en una posici\u00f3n defensiva,<strong> Ucrania no ten\u00eda \u00abninguna posibilidad de ganar\u00bb<\/strong>. Seg\u00fan la fuente, con esa declaraci\u00f3n se quer\u00eda se\u00f1alar que Kiev \u00abtendr\u00e1 que aceptar un acuerdo en gran medida bajo los t\u00e9rminos de Rusia\u00bb.<\/p>\n<p>Adem\u00e1s, Trump <a href=\"https:\/\/esrt.space\/actualidad\/561753-ahora-depende-zelenski-afirma-trump\" target=\"_blank\" rel=\"noopener noreferrer\">hab\u00eda se\u00f1alado<\/a> previamente durante su reuni\u00f3n con Zelenski en Washington que la resoluci\u00f3n del conflicto depende ahora de \u00e9l, sugiriendo que el presidente ruso, Vlad\u00edmir Putin, busca poner fin a las hostilidades. M\u00e1s tarde, <a href=\"https:\/\/actualidad.rt.com\/actualidad\/561818-trump-zelenski-tiene-mostrar-flexibilidad\" target=\"_blank\" rel=\"noopener noreferrer\">inst\u00f3<\/a>&nbsp;al l\u00edder ucraniano a <strong>\u00abmostrar algo de flexibilidad\u00bb<\/strong> en la b\u00fasqueda de un proceso de paz.<\/p>\n","protected":false},"excerpt":{"rendered":"<p>El l\u00edder del r\u00e9gimen de Kiev, Vlad\u00edmir Zelenski, rechaz\u00f3&nbsp;la posibilidad de un compromiso con Rusia en el marco del conflicto. \u00abUcrania nunca m\u00e1s en su historia ser\u00e1 obligada a soportar la verg\u00fcenza que los rusos llaman &#8216;compromiso&#8217;. Necesitamos una paz justa. Solo nosotros decidiremos c\u00f3mo ser\u00e1 nuestro futuro\u00bb, declar\u00f3 este domingo en un mensaje con [&hellip;]<\/p>\n","protected":false},"author":1,"featured_media":165872,"comment_status":"closed","ping_status":"closed","sticky":false,"template":"","format":"standard","meta":[],"categories":[22],"tags":[],"_links":{"self":[{"href":"http:\/\/cordobainforma.info\/index.php\/wp-json\/wp\/v2\/posts\/165871"}],"collection":[{"href":"http:\/\/cordobainforma.info\/index.php\/wp-json\/wp\/v2\/posts"}],"about":[{"href":"http:\/\/cordobainforma.info\/index.php\/wp-json\/wp\/v2\/types\/post"}],"author":[{"embeddable":true,"href":"http:\/\/cordobainforma.info\/index.php\/wp-json\/wp\/v2\/users\/1"}],"replies":[{"embeddable":true,"href":"http:\/\/cordobainforma.info\/index.php\/wp-json\/wp\/v2\/comments?post=165871"}],"version-history":[{"count":0,"href":"http:\/\/cordobainforma.info\/index.php\/wp-json\/wp\/v2\/posts\/165871\/revisions"}],"wp:featuredmedia":[{"embeddable":true,"href":"http:\/\/cordobainforma.info\/index.php\/wp-json\/wp\/v2\/media\/165872"}],"wp:attachment":[{"href":"http:\/\/cordobainforma.info\/index.php\/wp-json\/wp\/v2\/media?parent=165871"}],"wp:term":[{"taxonomy":"category","embeddable":true,"href":"http:\/\/cordobainforma.info\/index.php\/wp-json\/wp\/v2\/categories?post=165871"},{"taxonomy":"post_tag","embeddable":true,"href":"http:\/\/cordobainforma.info\/index.php\/wp-json\/wp\/v2\/tags?post=165871"}],"curies":[{"name":"wp","href":"https:\/\/api.w.org\/{rel}","templated":true}]}}