{"id":165800,"date":"2025-08-24T03:26:17","date_gmt":"2025-08-24T03:26:17","guid":{"rendered":"https:\/\/www.clarin.com\/deportes\/angel-di-maria-leyenda-viviente-rosario-central-newells-sumo-capitulo-vida-pelicula_0_adDzBTXe4v.html"},"modified":"2025-08-24T03:26:17","modified_gmt":"2025-08-24T03:26:17","slug":"angel-di-maria-la-leyenda-viviente-de-rosario-central-que-ante-newells-sumo-otro-capitulo-a-su-vida-de-pelicula","status":"publish","type":"post","link":"http:\/\/cordobainforma.info\/index.php\/2025\/08\/24\/angel-di-maria-la-leyenda-viviente-de-rosario-central-que-ante-newells-sumo-otro-capitulo-a-su-vida-de-pelicula\/","title":{"rendered":"\u00c1ngel Di Mar\u00eda, la leyenda viviente de Rosario Central que ante Newell&#8217;s sum\u00f3 otro cap\u00edtulo a su vida de pel\u00edcula"},"content":{"rendered":"<p><img src=\"http:\/\/cordobainforma.info\/wp-content\/uploads\/2025\/08\/angel-di-maria-la-leyenda-viviente-de-rosario-central-que-ante-newells-sumo-otro-capitulo-a-su-vida-de-pelicula.jpg\"><\/p>\n<div><img src=\"http:\/\/cordobainforma.info\/wp-content\/uploads\/2025\/08\/angel-di-maria-la-leyenda-viviente-de-rosario-central-que-ante-newells-sumo-otro-capitulo-a-su-vida-de-pelicula-2.jpg\" class=\"ff-og-image-inserted\"><\/div>\n<div id=\"element-body-0\" readability=\"67\">\n<p>De repente, el Gigante de Arroyito se transforma en cine. El cl\u00e1sico deja de ser una aburrida remake del cero a cero, tan repetida en la cartelera rosarina, y sobre la pantalla verde aparece un h\u00e9roe. <strong>Protagonista de su propia serie, Angel Di Mar\u00eda escribe con su pie izquierdo otro cap\u00edtulo de \u201cRomper la pared\u201d. <\/strong>Y la pelota viaja empujada por toda su historia en Rosario Central. La calle Pedriel, las inferiores en Granadero Baigorria, el debut ante Independiente hace dos d\u00e9cadas en Avellaneda, una larga pausa en la \u00e9lite del f\u00fatbol mundial y el regreso a esta misma casa que hoy lo abraza.<\/p>\n<\/div>\n<div id=\"element-body-2\" readability=\"68\">\n<p>Entonces el gol, ese grito que anud\u00f3 en la garganta desde que puso un pie en Europa, es una s\u00edntesis de lo que vino a buscar. El reencuentro con los suyos a orillas de Paran\u00e1. <strong>\u201cLa vida me llev\u00f3 a muchos lados y termin\u00e9 volviendo a donde soy feliz de verdad\u201d<\/strong>, dice <em>Fideo<\/em>, con los ojos inundados por las l\u00e1grimas. \u201c\u00bfQu\u00e9 m\u00e1s puedo pedir?\u201d, se pregunta. \u201cSer campe\u00f3n con Central\u201d, se responde, como si estuviera frente a s\u00ed mismo, mir\u00e1ndose a un espejo.<\/p>\n<\/div>\n<div id=\"element-body-3\" readability=\"62\">\n<p>\u00bfY qu\u00e9 le devuelve el reflejo? Un partido discreto, en el que empez\u00f3 a tener mayor influencia en el segundo tiempo y termin\u00f3 siendo la gran figura por ese tiro libre que se col\u00f3 en el \u00e1ngulo de Juan Esp\u00ednola. El que revolucion\u00f3 las tribunas y dej\u00f3 a Rosario Central al frente de todos en la tabla general, el que le permitir\u00e1 volver a jugar la Libertadores.<\/p>\n<\/div>\n<div id=\"element-body-4\" readability=\"72\">\n<p>\u00abSufr\u00ed mucho hace un tiempo porque quer\u00eda cumplir este sue\u00f1o, estar en el Gigante cada fin de semana, disfrutar de esto con mi familia&#8230; Sinceramente, no tengo palabras, es solo agradecimiento. S\u00e9 que muchos me putearon en su momento, pero nadie supo lo que sufr\u00ed, lo que sufri\u00f3 mi familia. Y esta victoria es para ellos, en especial para mi familia y para mis amigos que me bancaron un a\u00f1o m\u00e1s afuera para que yo pudiera cumplir este sue\u00f1o\u00bb, se confiesa Di Mar\u00eda, quien estuvo a punto de pegar la vuelta el a\u00f1o pasado, luego de consagrarse bicampe\u00f3n de la Copa Am\u00e9rica, pero no vio garantizada su seguridad. Por eso renov\u00f3 su contrato con Benfica, aunque nunca dej\u00f3 de tener contacto con el presidente Gonzalo Belloso.<\/p>\n<\/div>\n<div id=\"element-body-6\" readability=\"68\">\n<p>\u00abEs algo muy lindo para m\u00ed y para mi familia, yo s\u00e9 lo que ellos sufren por m\u00ed, y hoy darle esta alegr\u00eda es algo \u00fanico. Mi jermu (sic) me hab\u00eda dicho que cuando tenga una lo haga, lo hice y se dio. La verdad, el destino es as\u00ed\u00bb, cuenta.<strong> Otra vez, Jorgelina ten\u00eda raz\u00f3n. <\/strong>Y quiz\u00e1 en el beso que le dio a la pelota antes de ejecutar el tiro libre fue un rasgo del amor que lo une con una esposa que lo banc\u00f3 siempre, incluso cuando nada le sal\u00eda en la Selecci\u00f3n Argentina. La que aplaud\u00eda con emoci\u00f3n desde uno de los palcos junto a M\u00eda y P\u00eda, sus hijas.<\/p>\n<\/div>\n<div id=\"element-body-7\" readability=\"68\">\n<p>\u00abNo tengo palabras, es incre\u00edble, jam\u00e1s pens\u00e9 que iba a poder hacerlo. El encargado de los tiros libres y los goles es <em>Nacho<\/em>, pero me da la posibilidad de hacerlo y bueno, hoy de su zurda pas\u00f3 para mi zurda y terminamos convirtiendo el gol, que es lo importante\u201d, agrega. Habla de Malcorra, claro, el due\u00f1o de cada pelota parada.<\/p>\n<\/div>\n<div id=\"element-body-8\" readability=\"67\">\n<p>\u00abToda la vida, estos 18 a\u00f1os afuera lo \u00fanico que deseaba era volver, poder cumplir este sue\u00f1o y la verdad, con lo que pas\u00f3 hoy, no s\u00e9 qu\u00e9 m\u00e1s pedir\u00bb, enfatiza antes de perderse en los festejos de frente a la popular, de ser llevado en andas por sus compa\u00f1eros, de escuchar su apodo en ese improvisado coro popular que componen los hinchas.<\/p>\n<\/div>\n<div id=\"element-body-9\" readability=\"66\">\n<p><strong>Ser\u00e1 inolvidable este 23 de agosto para Di Mar\u00eda<\/strong>, como aquel mismo d\u00eda de 2008, cuando recibi\u00f3 un pase de Lionel Messi, nada menos, y marc\u00f3 el gol ante Nigeria que vali\u00f3 una medalla de oro en los Juegos Ol\u00edmpicos de Beijing. El derrotero de <em>Fideo <\/em>con la Selecci\u00f3n termin\u00f3 con dos Copas Am\u00e9ricas y el Mundial de Qatar despu\u00e9s de \u201ccomer mierda\u201d, como dijo el propio jugador, por cada final perdida.<\/p>\n<\/div>\n<div id=\"element-body-10\" readability=\"66\">\n<p>Pero Angelito, que la rompi\u00f3 en Benfica, Real Madrid, Manchester United, PSG y Juventus, gan\u00f3 mucho m\u00e1s que todos esos t\u00edtulos. Conquist\u00f3 casi todos sus sue\u00f1os. Incluso, hacerle un gol a Newell&#8217;s. Le falta otro episodio, claro. <strong>Dar la vuelta ol\u00edmpica con la camiseta <em>canalla<\/em>. <\/strong>\u00bfSe le dar\u00e1?<\/p>\n<\/div>\n","protected":false},"excerpt":{"rendered":"<p>De repente, el Gigante de Arroyito se transforma en cine. El cl\u00e1sico deja de ser una aburrida remake del cero a cero, tan repetida en la cartelera rosarina, y sobre la pantalla verde aparece un h\u00e9roe. Protagonista de su propia serie, Angel Di Mar\u00eda escribe con su pie izquierdo otro cap\u00edtulo de \u201cRomper la pared\u201d. [&hellip;]<\/p>\n","protected":false},"author":1,"featured_media":165801,"comment_status":"closed","ping_status":"closed","sticky":false,"template":"","format":"standard","meta":[],"categories":[20],"tags":[],"_links":{"self":[{"href":"http:\/\/cordobainforma.info\/index.php\/wp-json\/wp\/v2\/posts\/165800"}],"collection":[{"href":"http:\/\/cordobainforma.info\/index.php\/wp-json\/wp\/v2\/posts"}],"about":[{"href":"http:\/\/cordobainforma.info\/index.php\/wp-json\/wp\/v2\/types\/post"}],"author":[{"embeddable":true,"href":"http:\/\/cordobainforma.info\/index.php\/wp-json\/wp\/v2\/users\/1"}],"replies":[{"embeddable":true,"href":"http:\/\/cordobainforma.info\/index.php\/wp-json\/wp\/v2\/comments?post=165800"}],"version-history":[{"count":0,"href":"http:\/\/cordobainforma.info\/index.php\/wp-json\/wp\/v2\/posts\/165800\/revisions"}],"wp:featuredmedia":[{"embeddable":true,"href":"http:\/\/cordobainforma.info\/index.php\/wp-json\/wp\/v2\/media\/165801"}],"wp:attachment":[{"href":"http:\/\/cordobainforma.info\/index.php\/wp-json\/wp\/v2\/media?parent=165800"}],"wp:term":[{"taxonomy":"category","embeddable":true,"href":"http:\/\/cordobainforma.info\/index.php\/wp-json\/wp\/v2\/categories?post=165800"},{"taxonomy":"post_tag","embeddable":true,"href":"http:\/\/cordobainforma.info\/index.php\/wp-json\/wp\/v2\/tags?post=165800"}],"curies":[{"name":"wp","href":"https:\/\/api.w.org\/{rel}","templated":true}]}}