{"id":165794,"date":"2025-08-23T23:59:36","date_gmt":"2025-08-23T23:59:36","guid":{"rendered":"https:\/\/somoscordobeses.com\/2025\/08\/23\/futbol-libre-por-celular-como-ver-en-vivo-atletico-tucuman-vs-talleres\/"},"modified":"2025-08-23T23:59:36","modified_gmt":"2025-08-23T23:59:36","slug":"futbol-libre-por-celular-como-ver-en-vivo-atletico-tucuman-vs-talleres","status":"publish","type":"post","link":"http:\/\/cordobainforma.info\/index.php\/2025\/08\/23\/futbol-libre-por-celular-como-ver-en-vivo-atletico-tucuman-vs-talleres\/","title":{"rendered":"F\u00fatbol libre por celular: c\u00f3mo ver en vivo Atl\u00e9tico Tucum\u00e1n vs. Talleres"},"content":{"rendered":"<div><img src=\"http:\/\/cordobainforma.info\/wp-content\/uploads\/2025\/08\/futbol-libre-por-celular-como-ver-en-vivo-atletico-tucuman-vs-talleres.jpg\" class=\"ff-og-image-inserted\"><\/div>\n<section data-twitter-link=\"https:\/\/twitter.com\/intent\/tweet?url=https:\/\/www.minutouno.com\/c6181962&amp;v\u00eda=Ambitocom&amp;related=MinutoUno&amp;text=\" id=\"note-body\" readability=\"32\">\n<p>En uno de los duelos m\u00e1s importantes de la sexta jornada del <strong>Torneo Clausura 2025<\/strong> de la Liga Profesional, <strong>Atl\u00e9tico Tucum\u00e1n<\/strong> se enfrentar\u00e1 a <strong>Talleres<\/strong> este s\u00e1bado. El partido se jugar\u00e1 a las 20 horas en el estadio Monumental Jos\u00e9 Fierro, con arbitraje de <strong>Andr\u00e9s Gariano<\/strong> y transmisi\u00f3n por <strong>TNT Sports<\/strong>.<\/p>\n<\/section>\n<section readability=\"8\">\n<p><strong>Atl\u00e9tico Tucum\u00e1n<\/strong> llega a este encuentro tras un emocionante empate 2-2 contra Sarmiento en Jun\u00edn, donde los goles de <strong>Mateo Coronel<\/strong> y <strong>Carlos Auzqui<\/strong> sobre el final le permitieron rescatar un punto. A pesar de este resultado, que lo mantiene en zona de playoff, el \u00abDecano\u00bb enfrenta una racha de cuatro partidos sin victorias y la amenaza de los \u00faltimos puestos en la tabla anual.<\/p>\n<\/section>\n<section> <\/section>\n<section readability=\"5\">\n<div contenteditable=\"false\" id=\"8059753-Libre-1549068155_wrap\">\n<p> atletico tucuman.jpg <span onclick=\"parent.parent.TinyMCETdcuerpo.preview_embed('8059753-Libre-1549068155')\" id=\"8059753-Libre-1549068155_colapse\"><\/span> <span onclick=\"parent.parent.TinyMCETdcuerpo.delete_embed('8059753-Libre-1549068155')\" id=\"8059753-Libre-1549068155_delete\"><\/span><\/p>\n<\/div>\n<p>Por otro lado, la situaci\u00f3n de <strong>Talleres de C\u00f3rdoba<\/strong> es cr\u00edtica. El equipo lucha por no descender y viene de un empate 0-0 en casa contra San Mart\u00edn de San Juan que le vali\u00f3 el abucheo de su propia hinchada.<\/p>\n<\/section>\n<section readability=\"8\">\n<p>En sus \u00faltimos seis encuentros, la \u00abT\u00bb solo ha logrado una victoria y no ha marcado goles en tres de ellos, lo que demuestra sus serios problemas en ataque. La frustraci\u00f3n del entrenador <strong>Carlos Tevez<\/strong> es evidente, quien ha manifestado p\u00fablicamente su b\u00fasqueda de un delantero: \u00abDesde que llegu\u00e9 estoy buscando un nueve. Le estoy encima al presidente\u00bb.<\/p>\n<\/section>\n<section readability=\"6\">\n<div contenteditable=\"false\" id=\"8099324-Libre-219822107_wrap\" readability=\"7\">\n<p> carlos tevez talleres.jpg <span onclick=\"parent.parent.TinyMCETdcuerpo.preview_embed('8099324-Libre-219822107')\" id=\"8099324-Libre-219822107_colapse\"><\/span> <span onclick=\"parent.parent.TinyMCETdcuerpo.delete_embed('8099324-Libre-219822107')\" id=\"8099324-Libre-219822107_delete\"><\/span><\/p>\n<\/div>\n<p>Ambos equipos, con realidades muy diferentes, necesitan desesperadamente un triunfo para consolidar sus aspiraciones y escapar de la presi\u00f3n.<\/p>\n<\/section>\n<section readability=\"27\">\n<h2>Formaciones de Atl\u00e9tico Tucum\u00e1n vs. Talleres por el Torneo Clausura<\/h2>\n<p><strong>Atl\u00e9tico Tucum\u00e1n: <\/strong>Mat\u00edas Mansilla; Maximiliano Villa, Marcelo Ortiz, Gianluca Ferrari, Miguel Brizuela; Lautaro Godoy, Kevin Ortiz, Adri\u00e1n S\u00e1nchez, Franco Nicola; Mateo Bajamich, Leandro D\u00edaz. DT: Lucas Pusineri.<\/p>\n<p><strong>Talleres:<\/strong> Guido Herrera; Augusto Schott, Santiago Fern\u00e1ndez, Rodrigo Guth, Miguel Navarro; Rub\u00e9n Botta, Juan Camilo Portilla, Mat\u00edas Galarza, Luis Sequeira; Rick, Valent\u00edn Depietri. DT: Carlos Tevez.<\/p>\n<p>La televisaci\u00f3n estar\u00e1 a cargo de<strong> TNT Sports Premium<\/strong>. Adem\u00e1s, se podr\u00e1 seguir desde cualquier dispositivo m\u00f3vil a trav\u00e9s de las aplicaciones <strong>Flow, Telecentro Play y DirecTV GO<\/strong>.<\/p>\n<\/section>\n","protected":false},"excerpt":{"rendered":"<p>En uno de los duelos m\u00e1s importantes de la sexta jornada del Torneo Clausura 2025 de la Liga Profesional, Atl\u00e9tico Tucum\u00e1n se enfrentar\u00e1 a Talleres este s\u00e1bado. El partido se jugar\u00e1 a las 20 horas en el estadio Monumental Jos\u00e9 Fierro, con arbitraje de Andr\u00e9s Gariano y transmisi\u00f3n por TNT Sports. Atl\u00e9tico Tucum\u00e1n llega a [&hellip;]<\/p>\n","protected":false},"author":1,"featured_media":165795,"comment_status":"closed","ping_status":"closed","sticky":false,"template":"","format":"standard","meta":[],"categories":[20,2],"tags":[],"_links":{"self":[{"href":"http:\/\/cordobainforma.info\/index.php\/wp-json\/wp\/v2\/posts\/165794"}],"collection":[{"href":"http:\/\/cordobainforma.info\/index.php\/wp-json\/wp\/v2\/posts"}],"about":[{"href":"http:\/\/cordobainforma.info\/index.php\/wp-json\/wp\/v2\/types\/post"}],"author":[{"embeddable":true,"href":"http:\/\/cordobainforma.info\/index.php\/wp-json\/wp\/v2\/users\/1"}],"replies":[{"embeddable":true,"href":"http:\/\/cordobainforma.info\/index.php\/wp-json\/wp\/v2\/comments?post=165794"}],"version-history":[{"count":0,"href":"http:\/\/cordobainforma.info\/index.php\/wp-json\/wp\/v2\/posts\/165794\/revisions"}],"wp:featuredmedia":[{"embeddable":true,"href":"http:\/\/cordobainforma.info\/index.php\/wp-json\/wp\/v2\/media\/165795"}],"wp:attachment":[{"href":"http:\/\/cordobainforma.info\/index.php\/wp-json\/wp\/v2\/media?parent=165794"}],"wp:term":[{"taxonomy":"category","embeddable":true,"href":"http:\/\/cordobainforma.info\/index.php\/wp-json\/wp\/v2\/categories?post=165794"},{"taxonomy":"post_tag","embeddable":true,"href":"http:\/\/cordobainforma.info\/index.php\/wp-json\/wp\/v2\/tags?post=165794"}],"curies":[{"name":"wp","href":"https:\/\/api.w.org\/{rel}","templated":true}]}}