{"id":165758,"date":"2025-08-23T12:45:01","date_gmt":"2025-08-23T12:45:01","guid":{"rendered":"http:\/\/cordobainforma.info\/index.php\/2025\/08\/23\/primer-reportaje-sobre-militares-norcoreanos-que-ayudaron-a-expulsar-a-invasores-ucranianos-de-provincia-rusa\/"},"modified":"2025-08-23T12:45:01","modified_gmt":"2025-08-23T12:45:01","slug":"primer-reportaje-sobre-militares-norcoreanos-que-ayudaron-a-expulsar-a-invasores-ucranianos-de-provincia-rusa","status":"publish","type":"post","link":"http:\/\/cordobainforma.info\/index.php\/2025\/08\/23\/primer-reportaje-sobre-militares-norcoreanos-que-ayudaron-a-expulsar-a-invasores-ucranianos-de-provincia-rusa\/","title":{"rendered":"PRIMER REPORTAJE sobre militares norcoreanos que ayudaron a expulsar a invasores ucranianos de provincia rusa"},"content":{"rendered":"<p><img src=\"http:\/\/cordobainforma.info\/wp-content\/uploads\/2025\/08\/primer-reportaje-sobre-militares-norcoreanos-que-ayudaron-a-expulsar-a-invasores-ucranianos-de-provincia-rusa.jpg\"><\/p>\n<div><img src=\"http:\/\/cordobainforma.info\/wp-content\/uploads\/2025\/08\/primer-reportaje-sobre-militares-norcoreanos-que-ayudaron-a-expulsar-a-invasores-ucranianos-de-provincia-rusa-2.jpg\" class=\"ff-og-image-inserted\"><\/div>\n<div class=\"Text-root Text-type_5 ArticleView-text ViewText-root \">\n<p>En la Rep\u00fablica Popular Democr\u00e1tica de Corea (RPDC) se emiti\u00f3 por primera vez un reportaje sobre los militares del pa\u00eds que participaron junto al Ej\u00e9rcito de Rusia en los combates contra la invasi\u00f3n ucraniana a la provincia rusa de Kursk.<\/p>\n<p>El material, de unos <strong>20 minutos de duraci\u00f3n<\/strong>, se emiti\u00f3 en el canal central y est\u00e1 dedicado a los soldados fallecidos durante las operaciones de expulsi\u00f3n de las fuerzas del r\u00e9gimen de Kiev del territorio ruso invadido. En&nbsp;\u00e9l&nbsp;se aprecia&nbsp;c\u00f3mo los militares de la RPDC destruyen tanques ucranianos, derriban drones enemigos y participan en asaltos a fortificaciones.&nbsp;<\/p>\n<p>Al estreno&nbsp;del&nbsp;reportaje <strong>asistieron el l\u00edder de la RPDC, Kim Jong-un, y altos mandos militares<\/strong> del pa\u00eds, varios de los cuales se emocionaron al ver las im\u00e1genes.<\/p>\n<div class=\"EmbedBlock-root EmbedBlock-twitter\">\n<div class=\"TwitterEmbed\">\n<blockquote class=\"twitter-tweet\" data-twitter=\"twitter-tweet\" data-media-max-width=\"560\">\n<p lang=\"ru\" dir=\"ltr\">\ud83c\uddf0\ud83c\uddf5\ud83c\uddf7\ud83c\uddfa\u041c\u043e\u0449\u043d\u044b\u0435 \u043a\u0430\u0434\u0440\u044b \u0431\u043e\u0451\u0432: \u0422\u0412 \u041a\u041d\u0414\u0420 \u0432\u043f\u0435\u0440\u0432\u044b\u0435 \u043f\u043e\u043a\u0430\u0437\u0430\u043b\u043e \u0440\u0435\u043f\u043e\u0440\u0442\u0430\u0436 \u043e\u0431 \u0443\u0447\u0430\u0441\u0442\u0438\u0438 \u0441\u0432\u043e\u0438\u0445 \u0431\u043e\u0439\u0446\u043e\u0432 \u0432 \u0431\u0438\u0442\u0432\u0435 \u0441 \u0412\u0421\u0423 \u0437\u0430 \u041a\u0443\u0440\u0441\u043a\u0443\u044e \u043e\u0431\u043b\u0430\u0441\u0442\u044c\u25aa\ufe0f\u0421\u044e\u0436\u0435\u0442 \u043f\u043e\u043a\u0430\u0437\u0430\u043b\u0438 \u0432\u044b\u0441\u0448\u0435\u043c\u0443 \u0440\u0443\u043a\u043e\u0432\u043e\u0434\u0441\u0442\u0432\u0443 \u041a\u041d\u0414\u0420 \u0432\u043e \u0432\u0440\u0435\u043c\u044f \u043a\u043e\u043d\u0446\u0435\u0440\u0442\u0430 \u0432 \u041f\u0445\u0435\u043d\u044c\u044f\u043d\u0435, \u043d\u0430 \u043a\u043e\u0442\u043e\u0440\u043e\u043c \u043f\u0440\u0438\u0441\u0443\u0442\u0441\u0442\u0432\u043e\u0432\u0430\u043b\u0438 \u043a\u043e\u043c\u0430\u043d\u0434\u0438\u0440\u044b, \u0441\u043e\u043b\u0434\u0430\u0442\u044b \u0438 \u0441\u0435\u043c\u044c\u0438 \u043f\u043e\u0433\u0438\u0431\u0448\u0438\u0445. <a href=\"https:\/\/t.co\/TzvfzXx5jL\">pic.twitter.com\/TzvfzXx5jL<\/a><\/p>\n<p>\u2014 \u0410\u043d\u0430\u0442\u043e\u043b\u044c (\u0412\u043e\u0436\u0434\u044c \u0422\u0443\u043d\u0433\u0443\u0441\u0438\u0438, \u0421\u0438\u0431\u0438\u0440\u0438, \u0422\u0440\u0438\u0431\u0430\u043b\u0442\u0438\u0438)\ud83d\udc8e (@otdelenie) <a href=\"https:\/\/twitter.com\/otdelenie\/status\/1958975982347370995?ref_src=twsrc%5Etfw\">August 22, 2025<\/a><\/p><\/blockquote>\n<\/div>\n<\/div>\n<h3><strong>Reuni\u00f3n con soldados&nbsp;<\/strong><\/h3>\n<p>Anteriormente,&nbsp;Kim Jong-un se <a href=\"https:\/\/actualidad.rt.com\/actualidad\/562008-kim-jong-reunirse-comandantes-participaron-liberacion-kursk\" target=\"_blank\" rel=\"noopener noreferrer\">reuni\u00f3<\/a> con los principales comandantes de las unidades de operaciones en el extranjero del Ej\u00e9rcito que participaron en la liberaci\u00f3n de la provincia de Kursk y&nbsp;<strong>elogi\u00f3 sus esfuerzos en ayuda de las fuerzas rusas<\/strong>&nbsp;para frustrar&nbsp;la invasi\u00f3n ucraniana, agradeciendo a los comandantes y los soldados por su servicio.<\/p>\n<p>Adem\u00e1s, el mandatario <a href=\"https:\/\/actualidad.rt.com\/actualidad\/562133-kim-jong-condecora-soldados-liberacion-kursk\" target=\"_blank\" rel=\"noopener noreferrer\">condecor\u00f3<\/a> con el t\u00edtulo de H\u00e9roe de la Rep\u00fablica a los comandantes y soldados del Ej\u00e9rcito Popular de Corea (EPC) que participaron en la&nbsp;operaci\u00f3n.<\/p>\n<\/div>\n","protected":false},"excerpt":{"rendered":"<p>En la Rep\u00fablica Popular Democr\u00e1tica de Corea (RPDC) se emiti\u00f3 por primera vez un reportaje sobre los militares del pa\u00eds que participaron junto al Ej\u00e9rcito de Rusia en los combates contra la invasi\u00f3n ucraniana a la provincia rusa de Kursk. El material, de unos 20 minutos de duraci\u00f3n, se emiti\u00f3 en el canal central y [&hellip;]<\/p>\n","protected":false},"author":1,"featured_media":165759,"comment_status":"closed","ping_status":"closed","sticky":false,"template":"","format":"standard","meta":[],"categories":[22],"tags":[],"_links":{"self":[{"href":"http:\/\/cordobainforma.info\/index.php\/wp-json\/wp\/v2\/posts\/165758"}],"collection":[{"href":"http:\/\/cordobainforma.info\/index.php\/wp-json\/wp\/v2\/posts"}],"about":[{"href":"http:\/\/cordobainforma.info\/index.php\/wp-json\/wp\/v2\/types\/post"}],"author":[{"embeddable":true,"href":"http:\/\/cordobainforma.info\/index.php\/wp-json\/wp\/v2\/users\/1"}],"replies":[{"embeddable":true,"href":"http:\/\/cordobainforma.info\/index.php\/wp-json\/wp\/v2\/comments?post=165758"}],"version-history":[{"count":0,"href":"http:\/\/cordobainforma.info\/index.php\/wp-json\/wp\/v2\/posts\/165758\/revisions"}],"wp:featuredmedia":[{"embeddable":true,"href":"http:\/\/cordobainforma.info\/index.php\/wp-json\/wp\/v2\/media\/165759"}],"wp:attachment":[{"href":"http:\/\/cordobainforma.info\/index.php\/wp-json\/wp\/v2\/media?parent=165758"}],"wp:term":[{"taxonomy":"category","embeddable":true,"href":"http:\/\/cordobainforma.info\/index.php\/wp-json\/wp\/v2\/categories?post=165758"},{"taxonomy":"post_tag","embeddable":true,"href":"http:\/\/cordobainforma.info\/index.php\/wp-json\/wp\/v2\/tags?post=165758"}],"curies":[{"name":"wp","href":"https:\/\/api.w.org\/{rel}","templated":true}]}}