{"id":165750,"date":"2025-08-23T11:48:21","date_gmt":"2025-08-23T11:48:21","guid":{"rendered":"https:\/\/www.mujerhoy.com\/moda\/no-te-pierdas\/blusas-entretiempo-septiembre-looks-diarios-hym-massimo-dutti-20250823090824-nt.html"},"modified":"2025-08-23T11:48:21","modified_gmt":"2025-08-23T11:48:21","slug":"las-mejores-blusas-de-entretiempo-para-estrenar-en-septiembre","status":"publish","type":"post","link":"http:\/\/cordobainforma.info\/index.php\/2025\/08\/23\/las-mejores-blusas-de-entretiempo-para-estrenar-en-septiembre\/","title":{"rendered":"Las mejores blusas de entretiempo para estrenar en septiembre"},"content":{"rendered":"<div class=\"media_block\"><\/div>\n<p><!-- AUTHOR --><\/p>\n<div class=\"voc-author-timesocial \">\n<!-- AUTHOR --><\/p>\n<div class=\"voc-author-timesocial__signature \">\n<!-- IMAGE AUTHOR -->\n<picture class=\"voc-image-signature\">\n<img class=\"voc-image-signature__img\" src=\"http:\/\/cordobainforma.info\/wp-content\/uploads\/2025\/08\/las-mejores-blusas-de-entretiempo-para-estrenar-en-septiembre.jpg\" alt=\"Elena Olivero\">\n<\/picture>\n<!-- INFO AUTHOR --> <\/div><\/div>\n<p><!-- COMPONENTS --><\/p>\n<p class=\"voc-paragraph\">Dentro de poco, volveremos a <a href=\"https:\/\/www.mujerhoy.com\/moda\/no-te-pierdas\/vaqueros-pantalones-mejor-sientan-mango-como-llevarlos-20250731123743-nt.html\" data-voc-vtm-id=\"in-text-traffic\" title=\"llevar vaqueros\" data-mrf-link=\"www.mujerhoy.com\">llevar vaqueros<\/a> en <strong>looks de diario<\/strong>. Para muchas es un alivio porque son la mejor soluci\u00f3n al qu\u00e9 me pongo y lo m\u00e1s c\u00f3modo que usar en el d\u00eda a d\u00eda. Aunque la verdad es que los <a href=\"https:\/\/www.mujerhoy.com\/moda\/tendencias\/vestidos-campesina-corseteros-rebajas-verano-zara-mango-20250724095410-nt.html\" data-voc-vtm-id=\"in-text-traffic\" title=\"vestidos de verano\" data-mrf-link=\"www.mujerhoy.com\">vestidos de verano<\/a> super fresquitos son igual de ponibles y una opci\u00f3n comod\u00edsima. De todas formas, si eres amante de los jeans, tienes que empezar a llenar tu armario de partes de arriba con las que conjuntarlos cada d\u00eda de la semana.<\/p>\n<p class=\"voc-paragraph\">Bien los tops de rebajas que hayas podido comprar con descuentazo, las <a href=\"https:\/\/www.mujerhoy.com\/moda\/no-te-pierdas\/camisas-lino-elegantes-que-no-se-arrugan-20250718153049-nt.html\" data-voc-vtm-id=\"in-text-traffic\" title=\"cl\u00e1sicas camisas de lino\" data-mrf-link=\"www.mujerhoy.com\">cl\u00e1sicas camisas de lino<\/a> que seguir\u00e1s llevando a la vuelta de vacaciones o camisetas b\u00e1sicas todoterreno. Aunque, si quieres vestir con mucho estilo lo \u00fanico que necesitan tus tejanos son estas <strong>blusas de entretiempo<\/strong> ideales para estrenar en septiembre. Quedan mon\u00edsimas.<\/p>\n<div class=\"v-c-cmp v-c-cmp--t1 \">\n<div class=\"v-cmp-rld v-cmp-rld--2 \">\n<div class=\"v-cnt-m v-cnt-m--m\">\n<div class=\"v-cnt-m__c\">\n<div class=\"v-cnt-m__w v-cnt-m__w--1\">\n<p class=\"v-cnt-m__t\">\nTAMBI\u00c9N TE INTERESA\n<\/p>\n<\/div>\n<\/div>\n<\/div>\n<div class=\"v-g v-g--2-c v-g--bdr-min-xs\">\n<div class=\"v-g__c \">\n<article class=\"v-a v-a--cmp-rld v-a--cmp-rld-2 v-a--p-l\">\n<div class=\"v-a-img-c\">\n<figure class=\"v-a-fig\">\n<a href=\"https:\/\/www.mujerhoy.com\/moda\/no-te-pierdas\/camisas-rayas-basicos-atemporales-armario-capsula-mujeres-mayores-50-anos-zara-hym-20250802081145-nt.html#vtm_modulosEngag=mod-rel:moda:noticia:1:cmp:2-not\" class=\"v-a-link\" title=\"Estas camisas de rayas son el b\u00e1sico que llevar ahora y en septiembre seg\u00fan las mejores vestidas +50\"><br \/>\n<img loading=\"lazy\" class=\"v-a-img\" src=\"http:\/\/cordobainforma.info\/wp-content\/uploads\/2025\/08\/las-mejores-blusas-de-entretiempo-para-estrenar-en-septiembre-1.jpg\" alt=\"Estas camisas de rayas son el b\u00e1sico que llevar ahora y en septiembre seg\u00fan las mejores vestidas +50\"><br \/>\n<\/a><br \/>\n<\/figure>\n<\/div>\n<\/article>\n<\/div>\n<div class=\"v-g__c \">\n<article class=\"v-a v-a--cmp-rld v-a--cmp-rld-2 v-a--p-l\">\n<div class=\"v-a-img-c\">\n<figure class=\"v-a-fig\">\n<a href=\"https:\/\/www.mujerhoy.com\/moda\/no-te-pierdas\/rebajas-zara-verano-prendas-otono-con-descuento-20250710112112-nt.html#vtm_modulosEngag=mod-rel:moda:noticia:2:cmp:2-not\" class=\"v-a-link\" title=\"Las mejores compras de las rebajas de verano de cara a la pr\u00f3xima temporada\"><br \/>\n<img loading=\"lazy\" class=\"v-a-img\" src=\"http:\/\/cordobainforma.info\/wp-content\/uploads\/2025\/08\/las-mejores-blusas-de-entretiempo-para-estrenar-en-septiembre-2.jpg\" alt=\"Las mejores compras de las rebajas de verano de cara a la pr\u00f3xima temporada\"><br \/>\n<\/a><br \/>\n<\/figure>\n<\/div>\n<\/article>\n<\/div>\n<\/div>\n<\/div>\n<\/div>\n<p><h3 class=\"v-cmp-suh\">\nLas blusas de entretiempo m\u00e1s elegantes<br \/>\n<\/h3>\n<\/p>\n<div class=\"v-c-cmp v-c-cmp--s\">\n<div class=\"v-cmp-m \">\n<article class=\"v-a v-a--cmp-m v-c-cmp--m-z\">\n<div class=\"v-a-img-c \">\n<div class=\"v-a-fig\">\n<button class=\"v-a-link\" popovertarget=\"photo-111\"><br \/>\n<img loading=\"lazy\" src=\"http:\/\/cordobainforma.info\/wp-content\/uploads\/2025\/08\/las-mejores-blusas-de-entretiempo-para-estrenar-en-septiembre-3.jpg\" class=\"v-a-img\" width=\"650\" height=\"650\" alt=\"Blusa animal print de serpiente\" data-voc-vtm-id=\"in-text-traffic\"> <\/button><figcaption class=\"v-fc\">\n<span class=\"v-fc__t\"><br \/>\nBlusa animal print de serpiente<br \/>\n<\/span><br \/>\n<span class=\"v-fc__p\"><br \/>\nMASSIMO DUTTI<br \/>\n<\/span><br \/>\n<\/figcaption><\/div>\n<\/div>\n<div id=\"photo-111\" popover class=\"v-mdl v-mdl--fw\">\n<button class=\"v-x\" popovertarget=\"photo-111\" popovertargetaction=\"hide\"><br \/>\n<span class=\"v-i\"><br \/>\n<svg width=\"24\" height=\"23.996\" viewBox=\"0 0 24 23.996\">\n<path data-name=\"Uni\u00f3n 29\" d=\"M12,14.03,2.031,24,0,21.963,9.968,12,0,2.033,2.031,0,12,9.966,21.969,0,24,2.033,14.032,12,24,21.963,21.969,24Z\" \/>\n<\/svg><br \/>\n<\/span><br \/>\n<\/button><\/p>\n<div class=\"v-mdl__c\">\n<div class=\"v-mdl__w\">\n<img loading=\"lazy\" src=\"http:\/\/cordobainforma.info\/wp-content\/uploads\/2025\/08\/las-mejores-blusas-de-entretiempo-para-estrenar-en-septiembre-3.jpg\" class=\"v-mdl__img-z\" width=\"650\" height=\"650\" alt>\n<\/div>\n<\/div>\n<\/div>\n<p><span class=\"v-bdp\"><\/span><br \/>\n<\/article>\n<\/div>\n<\/div>\n<p class=\"voc-paragraph\">La primera opci\u00f3n es pura tendencia y queda de maravilla con pantalones vaqueros anchos y un <a href=\"https:\/\/www.mujerhoy.com\/moda\/no-te-pierdas\/bolso-tendencia-otono-oskan-isabel-marant-boho-chic-favorito-mejor-vestidas-20250728120128-nt.html\" data-voc-vtm-id=\"in-text-traffic\" title=\"bolso de ante\" data-mrf-link=\"www.mujerhoy.com\">bolso de ante<\/a> o flecos. Hablamos de esta <strong>blusa fluida con animal print de serpiente<\/strong>, de Massimo Dutti. Tiene mangas largas acampanadas. Se adorna con volante. Incorpora capa. Y, cuenta con escote de pico. C\u00f3mprala a 59,95 euros.<\/p>\n<div class=\"v-c-cmp v-c-cmp--s\">\n<div class=\"v-cmp-m \">\n<article class=\"v-a v-a--cmp-m v-c-cmp--m-z\">\n<div class=\"v-a-img-c \">\n<div class=\"v-a-fig\">\n<button class=\"v-a-link\" popovertarget=\"photo-186\"><br \/>\n<img loading=\"lazy\" src=\"http:\/\/cordobainforma.info\/wp-content\/uploads\/2025\/08\/las-mejores-blusas-de-entretiempo-para-estrenar-en-septiembre-4.jpg\" class=\"v-a-img\" width=\"650\" height=\"650\" alt=\"Blusa satinada con lazada en el cuello\" data-voc-vtm-id=\"in-text-traffic\"> <\/button><figcaption class=\"v-fc\">\n<span class=\"v-fc__t\"><br \/>\nBlusa satinada con lazada en el cuello<br \/>\n<\/span><br \/>\n<span class=\"v-fc__p\"><br \/>\nMASSIMO DUTTI<br \/>\n<\/span><br \/>\n<\/figcaption><\/div>\n<\/div>\n<div id=\"photo-186\" popover class=\"v-mdl v-mdl--fw\">\n<button class=\"v-x\" popovertarget=\"photo-186\" popovertargetaction=\"hide\"><br \/>\n<span class=\"v-i\"><br \/>\n<svg width=\"24\" height=\"23.996\" viewBox=\"0 0 24 23.996\">\n<path data-name=\"Uni\u00f3n 29\" d=\"M12,14.03,2.031,24,0,21.963,9.968,12,0,2.033,2.031,0,12,9.966,21.969,0,24,2.033,14.032,12,24,21.963,21.969,24Z\" \/>\n<\/svg><br \/>\n<\/span><br \/>\n<\/button><\/p>\n<div class=\"v-mdl__c\">\n<div class=\"v-mdl__w\">\n<img loading=\"lazy\" src=\"http:\/\/cordobainforma.info\/wp-content\/uploads\/2025\/08\/las-mejores-blusas-de-entretiempo-para-estrenar-en-septiembre-4.jpg\" class=\"v-mdl__img-z\" width=\"650\" height=\"650\" alt>\n<\/div>\n<\/div>\n<\/div>\n<p><span class=\"v-bdp\"><\/span><br \/>\n<\/article>\n<\/div>\n<\/div>\n<p class=\"voc-paragraph\">Para elevar tus looks de oficina o noche, lo que necesitas es es esta <strong>camisa satinada<\/strong> color beige, de Massimo Dutti, que sienta de maravilla por dentro de faldas midi o pantalones de traje y <a href=\"https:\/\/www.mujerhoy.com\/moda\/tendencias\/zapatos-comodos-elegantes-kitten-heels-primavera-20250510123528-nt.html\" data-voc-vtm-id=\"in-text-traffic\" title=\"zapatos de tac\u00f3n bajo\" data-mrf-link=\"www.mujerhoy.com\">zapatos de tac\u00f3n bajo<\/a>. El escote es de pico. Incorpora detalle de lazada o pa\u00f1uelo a juego. Cuenta con mangas largas. Y queda fluida. Cuesta 59,95 euros.<\/p>\n<div class=\"v-c-cmp v-c-cmp--s\">\n<div class=\"v-cmp-m \">\n<article class=\"v-a v-a--cmp-m v-c-cmp--m-z\">\n<div class=\"v-a-img-c \">\n<div class=\"v-a-fig\">\n<button class=\"v-a-link\" popovertarget=\"photo-423\"><br \/>\n<img loading=\"lazy\" src=\"http:\/\/cordobainforma.info\/wp-content\/uploads\/2025\/08\/las-mejores-blusas-de-entretiempo-para-estrenar-en-septiembre-5.jpg\" class=\"v-a-img\" width=\"650\" height=\"650\" alt=\"Blusa cruzada con lazo\" data-voc-vtm-id=\"in-text-traffic\"> <\/button><figcaption class=\"v-fc\">\n<span class=\"v-fc__t\"><br \/>\nBlusa cruzada con lazo<br \/>\n<\/span><br \/>\n<span class=\"v-fc__p\"><br \/>\nMASSIMO DUTTI<br \/>\n<\/span><br \/>\n<\/figcaption><\/div>\n<\/div>\n<div id=\"photo-423\" popover class=\"v-mdl v-mdl--fw\">\n<button class=\"v-x\" popovertarget=\"photo-423\" popovertargetaction=\"hide\"><br \/>\n<span class=\"v-i\"><br \/>\n<svg width=\"24\" height=\"23.996\" viewBox=\"0 0 24 23.996\">\n<path data-name=\"Uni\u00f3n 29\" d=\"M12,14.03,2.031,24,0,21.963,9.968,12,0,2.033,2.031,0,12,9.966,21.969,0,24,2.033,14.032,12,24,21.963,21.969,24Z\" \/>\n<\/svg><br \/>\n<\/span><br \/>\n<\/button><\/p>\n<div class=\"v-mdl__c\">\n<div class=\"v-mdl__w\">\n<img loading=\"lazy\" src=\"http:\/\/cordobainforma.info\/wp-content\/uploads\/2025\/08\/las-mejores-blusas-de-entretiempo-para-estrenar-en-septiembre-5.jpg\" class=\"v-mdl__img-z\" width=\"650\" height=\"650\" alt>\n<\/div>\n<\/div>\n<\/div>\n<p><span class=\"v-bdp\"><\/span><br \/>\n<\/article>\n<\/div>\n<\/div>\n<p class=\"voc-paragraph\">Otra opci\u00f3n que te va de maravilla con <a href=\"https:\/\/www.mujerhoy.com\/moda\/no-te-pierdas\/pantalones-culotte-verano-mejores-compras-rebajas-zara-20250709080824-nt.html\" data-voc-vtm-id=\"in-text-traffic\" title=\"pantalones culotte\" data-mrf-link=\"www.mujerhoy.com\">pantalones culotte<\/a> y bailarinas o con faldas vaqueras midi es esta <strong>blusa cruzada de lino<\/strong> en tono verde, tambi\u00e9n de Massimo Dutti. Se entalla al cuerpo. Las mangas son largas. Tiene escote de pico. Y, cuenta con cierre de nudo ajustable en la cintura. Su precio es de 59,95 euros.<\/p>\n<div class=\"v-c-cmp v-c-cmp--s\">\n<div class=\"v-cmp-m \">\n<article class=\"v-a v-a--cmp-m v-c-cmp--m-z\">\n<div class=\"v-a-img-c \">\n<div class=\"v-a-fig\">\n<button class=\"v-a-link\" popovertarget=\"photo-535\"><br \/>\n<img loading=\"lazy\" src=\"http:\/\/cordobainforma.info\/wp-content\/uploads\/2025\/08\/las-mejores-blusas-de-entretiempo-para-estrenar-en-septiembre-6.jpg\" class=\"v-a-img\" width=\"650\" height=\"650\" alt=\"Blusa oversize fluida\" data-voc-vtm-id=\"in-text-traffic\"> <\/button><figcaption class=\"v-fc\">\n<span class=\"v-fc__t\"><br \/>\nBlusa oversize fluida<br \/>\n<\/span><br \/>\n<span class=\"v-fc__p\"><br \/>\nH&amp;M<br \/>\n<\/span><br \/>\n<\/figcaption><\/div>\n<\/div>\n<div id=\"photo-535\" popover class=\"v-mdl v-mdl--fw\">\n<button class=\"v-x\" popovertarget=\"photo-535\" popovertargetaction=\"hide\"><br \/>\n<span class=\"v-i\"><br \/>\n<svg width=\"24\" height=\"23.996\" viewBox=\"0 0 24 23.996\">\n<path data-name=\"Uni\u00f3n 29\" d=\"M12,14.03,2.031,24,0,21.963,9.968,12,0,2.033,2.031,0,12,9.966,21.969,0,24,2.033,14.032,12,24,21.963,21.969,24Z\" \/>\n<\/svg><br \/>\n<\/span><br \/>\n<\/button><\/p>\n<div class=\"v-mdl__c\">\n<div class=\"v-mdl__w\">\n<img loading=\"lazy\" src=\"http:\/\/cordobainforma.info\/wp-content\/uploads\/2025\/08\/las-mejores-blusas-de-entretiempo-para-estrenar-en-septiembre-6.jpg\" class=\"v-mdl__img-z\" width=\"650\" height=\"650\" alt>\n<\/div>\n<\/div>\n<\/div>\n<p><span class=\"v-bdp\"><\/span><br \/>\n<\/article>\n<\/div>\n<\/div>\n<p class=\"voc-paragraph\">Con brazaletes, <a href=\"https:\/\/www.mujerhoy.com\/moda\/no-te-pierdas\/collares-stradivarius-elevan-looks-diario-complementos-primavera-verano-20250409114231-nt.html\" data-voc-vtm-id=\"in-text-traffic\" title=\"collares largos\" data-mrf-link=\"www.mujerhoy.com\">collares largos<\/a>, vaqueros flare y unos zuecos de madera llevar\u00e1s el look boho chic m\u00e1s estiloso de la temporada gracias a esta c\u00f3moda <strong>blusa oversize<\/strong> en marr\u00f3n chocolate, de H&amp;M. Queda amplia y fluida. Tiene cuello redondo. Las mangas son largas y abullonadas. Y, cuenta con cierre de botones. Hazte con ella a 17,99 euros.<\/p>\n<div class=\"v-c-cmp v-c-cmp--s\">\n<div class=\"v-cmp-m \">\n<article class=\"v-a v-a--cmp-m v-c-cmp--m-z\">\n<div class=\"v-a-img-c \">\n<div class=\"v-a-fig\">\n<button class=\"v-a-link\" popovertarget=\"photo-873\"><br \/>\n<img loading=\"lazy\" src=\"http:\/\/cordobainforma.info\/wp-content\/uploads\/2025\/08\/las-mejores-blusas-de-entretiempo-para-estrenar-en-septiembre-7.jpg\" class=\"v-a-img\" width=\"650\" height=\"650\" alt=\"Blusa con escote bardot\" data-voc-vtm-id=\"in-text-traffic\"> <\/button><figcaption class=\"v-fc\">\n<span class=\"v-fc__t\"><br \/>\nBlusa con escote bardot<br \/>\n<\/span><br \/>\n<span class=\"v-fc__p\"><br \/>\nH&amp;M<br \/>\n<\/span><br \/>\n<\/figcaption><\/div>\n<\/div>\n<div id=\"photo-873\" popover class=\"v-mdl v-mdl--fw\">\n<button class=\"v-x\" popovertarget=\"photo-873\" popovertargetaction=\"hide\"><br \/>\n<span class=\"v-i\"><br \/>\n<svg width=\"24\" height=\"23.996\" viewBox=\"0 0 24 23.996\">\n<path data-name=\"Uni\u00f3n 29\" d=\"M12,14.03,2.031,24,0,21.963,9.968,12,0,2.033,2.031,0,12,9.966,21.969,0,24,2.033,14.032,12,24,21.963,21.969,24Z\" \/>\n<\/svg><br \/>\n<\/span><br \/>\n<\/button><\/p>\n<div class=\"v-mdl__c\">\n<div class=\"v-mdl__w\">\n<img loading=\"lazy\" src=\"http:\/\/cordobainforma.info\/wp-content\/uploads\/2025\/08\/las-mejores-blusas-de-entretiempo-para-estrenar-en-septiembre-7.jpg\" class=\"v-mdl__img-z\" width=\"650\" height=\"650\" alt>\n<\/div>\n<\/div>\n<\/div>\n<p><span class=\"v-bdp\"><\/span><br \/>\n<\/article>\n<\/div>\n<\/div>\n<p class=\"voc-paragraph\">Si llevas unos vaqueros anchos con zapatos de tac\u00f3n o una <a href=\"https:\/\/www.mujerhoy.com\/moda\/no-te-pierdas\/faldas-midi-satinadas-combinarlas-dia-noche-20250803180638-nt.html\" data-voc-vtm-id=\"in-text-traffic\" title=\"falda satinada\" data-mrf-link=\"www.mujerhoy.com\">falda satinada<\/a> con sandalias kitten heel y un shopper, ir\u00e1s vestida como las expertas de moda con esta <strong>blusa off the shoulder<\/strong> en color marr\u00f3n claro de H&amp;M. Los acabados son de volantes. Tiene escote bardot con hombros al descubierto y un el\u00e1stico. Las mangas son largas. Y, queda holgada. La conseguir\u00e1s por 22,99 euros.<\/p>\n<div class=\"v-c-cmp v-c-cmp--s\">\n<div class=\"v-cmp-m \">\n<article class=\"v-a v-a--cmp-m v-c-cmp--m-z\">\n<div class=\"v-a-img-c \">\n<div class=\"v-a-fig\">\n<button class=\"v-a-link\" popovertarget=\"photo-31\"><br \/>\n<img loading=\"lazy\" src=\"http:\/\/cordobainforma.info\/wp-content\/uploads\/2025\/08\/las-mejores-blusas-de-entretiempo-para-estrenar-en-septiembre-8.jpg\" class=\"v-a-img\" width=\"650\" height=\"650\" alt=\"Camisa blanca con bordados\" data-voc-vtm-id=\"in-text-traffic\"> <\/button><figcaption class=\"v-fc\">\n<span class=\"v-fc__t\"><br \/>\nCamisa blanca con bordados<br \/>\n<\/span><br \/>\n<span class=\"v-fc__p\"><br \/>\nH&amp;M<br \/>\n<\/span><br \/>\n<\/figcaption><\/div>\n<\/div>\n<div id=\"photo-31\" popover class=\"v-mdl v-mdl--fw\">\n<button class=\"v-x\" popovertarget=\"photo-31\" popovertargetaction=\"hide\"><br \/>\n<span class=\"v-i\"><br \/>\n<svg width=\"24\" height=\"23.996\" viewBox=\"0 0 24 23.996\">\n<path data-name=\"Uni\u00f3n 29\" d=\"M12,14.03,2.031,24,0,21.963,9.968,12,0,2.033,2.031,0,12,9.966,21.969,0,24,2.033,14.032,12,24,21.963,21.969,24Z\" \/>\n<\/svg><br \/>\n<\/span><br \/>\n<\/button><\/p>\n<div class=\"v-mdl__c\">\n<div class=\"v-mdl__w\">\n<img loading=\"lazy\" src=\"http:\/\/cordobainforma.info\/wp-content\/uploads\/2025\/08\/las-mejores-blusas-de-entretiempo-para-estrenar-en-septiembre-8.jpg\" class=\"v-mdl__img-z\" width=\"650\" height=\"650\" alt>\n<\/div>\n<\/div>\n<\/div>\n<p><span class=\"v-bdp\"><\/span><br \/>\n<\/article>\n<\/div>\n<\/div>\n<p class=\"voc-paragraph\">A cualquier edad, esta <strong>blusa de algod\u00f3n bordado color blanco<\/strong> tan rom\u00e1ntica, de H&amp;M, queda estupendamente con cualquier <a href=\"https:\/\/www.mujerhoy.com\/moda\/no-te-pierdas\/faldas-lapiz-basico-look-oficina-elegante-acertado-20250429082530-nt.html\" data-voc-vtm-id=\"in-text-traffic\" title=\"falda elegante\" data-mrf-link=\"www.mujerhoy.com\">falda elegante<\/a>, pantalones de vestir o vaqueros. Tiene mangas largas con calados a los lados y en los pu\u00f1os. Se adorna con puntillas. Cuenta con cuello redondo. Y, el cierre es de botones. Est\u00e1 disponible a 44,99 euros.<\/p>\n<div class=\"v-c-cmp v-c-cmp--s\">\n<div class=\"v-cmp-m \">\n<article class=\"v-a v-a--cmp-m v-c-cmp--m-z\">\n<div class=\"v-a-img-c \">\n<div class=\"v-a-fig\">\n<button class=\"v-a-link\" popovertarget=\"photo-806\"><br \/>\n<img loading=\"lazy\" src=\"http:\/\/cordobainforma.info\/wp-content\/uploads\/2025\/08\/las-mejores-blusas-de-entretiempo-para-estrenar-en-septiembre-9.jpg\" class=\"v-a-img\" width=\"650\" height=\"650\" alt=\"Blusa de volantes vaporosa\" data-voc-vtm-id=\"in-text-traffic\"> <\/button><figcaption class=\"v-fc\">\n<span class=\"v-fc__t\"><br \/>\nBlusa de volantes vaporosa<br \/>\n<\/span><br \/>\n<span class=\"v-fc__p\"><br \/>\nH&amp;M<br \/>\n<\/span><br \/>\n<\/figcaption><\/div>\n<\/div>\n<div id=\"photo-806\" popover class=\"v-mdl v-mdl--fw\">\n<button class=\"v-x\" popovertarget=\"photo-806\" popovertargetaction=\"hide\"><br \/>\n<span class=\"v-i\"><br \/>\n<svg width=\"24\" height=\"23.996\" viewBox=\"0 0 24 23.996\">\n<path data-name=\"Uni\u00f3n 29\" d=\"M12,14.03,2.031,24,0,21.963,9.968,12,0,2.033,2.031,0,12,9.966,21.969,0,24,2.033,14.032,12,24,21.963,21.969,24Z\" \/>\n<\/svg><br \/>\n<\/span><br \/>\n<\/button><\/p>\n<div class=\"v-mdl__c\">\n<div class=\"v-mdl__w\">\n<img loading=\"lazy\" src=\"http:\/\/cordobainforma.info\/wp-content\/uploads\/2025\/08\/las-mejores-blusas-de-entretiempo-para-estrenar-en-septiembre-9.jpg\" class=\"v-mdl__img-z\" width=\"650\" height=\"650\" alt>\n<\/div>\n<\/div>\n<\/div>\n<p><span class=\"v-bdp\"><\/span><br \/>\n<\/article>\n<\/div>\n<\/div>\n<p class=\"voc-paragraph\">Por \u00faltimo, lleva joyer\u00eda dorada elegante con <a href=\"https:\/\/www.mujerhoy.com\/moda\/no-te-pierdas\/mejores-pantalones-lino-comodos-frescos-fluidos-20250512133743-nt.html\" data-voc-vtm-id=\"in-text-traffic\" title=\"pantalones fluidos\" data-mrf-link=\"www.mujerhoy.com\">pantalones fluidos<\/a> y unos botines de tac\u00f3n, m\u00e1s un bolso de hombro y esta <strong>blusa vaporosa semitransparente<\/strong> en burdeos, de H&amp;M. Cuenta con escote de pico. Se adorna con volante fluido. Tiene cierre de botones. Y, las mangas son largas y acampanadas. Puedes encontrarla por 69 euros.<\/p>\n<div class=\"v-c-cmp v-c-cmp--t1 \">\n<div class=\"v-cmp-rld v-cmp-rld--2 \">\n<div class=\"v-cnt-m v-cnt-m--m\">\n<div class=\"v-cnt-m__c\">\n<div class=\"v-cnt-m__w v-cnt-m__w--1\">\n<p class=\"v-cnt-m__t\">\nTAMBI\u00c9N TE INTERESA\n<\/p>\n<\/div>\n<\/div>\n<\/div>\n<div class=\"v-g v-g--2-c v-g--bdr-min-xs\">\n<div class=\"v-g__c \">\n<article class=\"v-a v-a--cmp-rld v-a--cmp-rld-2 v-a--p-l\">\n<div class=\"v-a-img-c\">\n<figure class=\"v-a-fig\">\n<a href=\"https:\/\/www.mujerhoy.com\/moda\/no-te-pierdas\/pantalones-campana-vuelven-temporada-modelos-bonitos-favorecen-silueta-20250730104315-nt.html#vtm_modulosEngag=mod-rel:moda:noticia:1:cmp:2-not\" class=\"v-a-link\" title=\"Los pantalones campana vuelven una temporada m\u00e1s y estos son los modelos m\u00e1s bonitos\"><br \/>\n<img loading=\"lazy\" class=\"v-a-img\" src=\"http:\/\/cordobainforma.info\/wp-content\/uploads\/2025\/08\/las-mejores-blusas-de-entretiempo-para-estrenar-en-septiembre-10.jpg\" alt=\"Los pantalones campana vuelven una temporada m\u00e1s y estos son los modelos m\u00e1s bonitos\"><br \/>\n<\/a><br \/>\n<\/figure>\n<\/div>\n<\/article>\n<\/div>\n<div class=\"v-g__c \">\n<article class=\"v-a v-a--cmp-rld v-a--cmp-rld-2 v-a--p-l\">\n<div class=\"v-a-img-c\">\n<figure class=\"v-a-fig\">\n<a href=\"https:\/\/www.mujerhoy.com\/moda\/no-te-pierdas\/vestidos-vaqueros-tendencia-basicos-verano-favorito-reina-letizia-20250710111049-nt.html#vtm_modulosEngag=mod-rel:moda:noticia:2:cmp:2-not\" class=\"v-a-link\" title=\"Vestidos vaqueros, la tendencia que conquista a las royals y que es perfecta para llevar de la oficina al afterwork\"><br \/>\n<img loading=\"lazy\" class=\"v-a-img\" src=\"http:\/\/cordobainforma.info\/wp-content\/uploads\/2025\/08\/las-mejores-blusas-de-entretiempo-para-estrenar-en-septiembre-11.jpg\" alt=\"Vestidos vaqueros, la tendencia que conquista a las royals y que es perfecta para llevar de la oficina al afterwork\"><br \/>\n<\/a><br \/>\n<\/figure>\n<\/div>\n<\/article>\n<\/div>\n<\/div>\n<\/div>\n<\/div>\n","protected":false},"excerpt":{"rendered":"<p>Dentro de poco, volveremos a llevar vaqueros en looks de diario. Para muchas es un alivio porque son la mejor soluci\u00f3n al qu\u00e9 me pongo y lo m\u00e1s c\u00f3modo que usar en el d\u00eda a d\u00eda. Aunque la verdad es que los vestidos de verano super fresquitos son igual de ponibles y una opci\u00f3n comod\u00edsima. [&hellip;]<\/p>\n","protected":false},"author":1,"featured_media":165751,"comment_status":"closed","ping_status":"closed","sticky":false,"template":"","format":"standard","meta":[],"categories":[24],"tags":[],"_links":{"self":[{"href":"http:\/\/cordobainforma.info\/index.php\/wp-json\/wp\/v2\/posts\/165750"}],"collection":[{"href":"http:\/\/cordobainforma.info\/index.php\/wp-json\/wp\/v2\/posts"}],"about":[{"href":"http:\/\/cordobainforma.info\/index.php\/wp-json\/wp\/v2\/types\/post"}],"author":[{"embeddable":true,"href":"http:\/\/cordobainforma.info\/index.php\/wp-json\/wp\/v2\/users\/1"}],"replies":[{"embeddable":true,"href":"http:\/\/cordobainforma.info\/index.php\/wp-json\/wp\/v2\/comments?post=165750"}],"version-history":[{"count":0,"href":"http:\/\/cordobainforma.info\/index.php\/wp-json\/wp\/v2\/posts\/165750\/revisions"}],"wp:featuredmedia":[{"embeddable":true,"href":"http:\/\/cordobainforma.info\/index.php\/wp-json\/wp\/v2\/media\/165751"}],"wp:attachment":[{"href":"http:\/\/cordobainforma.info\/index.php\/wp-json\/wp\/v2\/media?parent=165750"}],"wp:term":[{"taxonomy":"category","embeddable":true,"href":"http:\/\/cordobainforma.info\/index.php\/wp-json\/wp\/v2\/categories?post=165750"},{"taxonomy":"post_tag","embeddable":true,"href":"http:\/\/cordobainforma.info\/index.php\/wp-json\/wp\/v2\/tags?post=165750"}],"curies":[{"name":"wp","href":"https:\/\/api.w.org\/{rel}","templated":true}]}}