{"id":165740,"date":"2025-08-23T11:25:00","date_gmt":"2025-08-23T11:25:00","guid":{"rendered":"http:\/\/cordobainforma.info\/index.php\/2025\/08\/23\/pablo-avelluto-detras-de-tanta-batalla-cultural-lo-que-habia-era-una-bandita-de-coimeros\/"},"modified":"2025-08-23T11:25:00","modified_gmt":"2025-08-23T11:25:00","slug":"pablo-avelluto-detras-de-tanta-batalla-cultural-lo-que-habia-era-una-bandita-de-coimeros","status":"publish","type":"post","link":"http:\/\/cordobainforma.info\/index.php\/2025\/08\/23\/pablo-avelluto-detras-de-tanta-batalla-cultural-lo-que-habia-era-una-bandita-de-coimeros\/","title":{"rendered":"Pablo Avelluto: \u00abDetr\u00e1s de tanta batalla cultural, lo que hab\u00eda era una bandita de coimeros\u00bb"},"content":{"rendered":"<div class=\"media_block\"><\/div>\n<div><img src=\"http:\/\/cordobainforma.info\/wp-content\/uploads\/2025\/08\/pablo-avelluto-detras-de-tanta-batalla-cultural-lo-que-habia-era-una-bandita-de-coimeros.jpg\" class=\"ff-og-image-inserted\"><\/div>\n<p>Perfil Redacci\u00f3n NEA<\/p>\n<p>\u201cDetr\u00e1s de tanto grito, <strong>tanto insulto<\/strong>, tanta ofensa, tanta humillaci\u00f3n, tanta <strong>batalla cultura<\/strong>l, tanta <strong>Fundaci\u00f3n Faro<\/strong>, los conservadores americanos, tanta <strong>motosierra<\/strong>, lo que hab\u00eda era <strong>una bandita de coimeros\u201d<\/strong>, asegur\u00f3 el exsecretario de Cultura de la Naci\u00f3n, <strong>Pablo Avelluto<\/strong>.<\/p>\n<p>El exfuncionario se refiri\u00f3 a los audios del ex titular de la Agencia Nacional de Discapacidad<strong> Diego Spagnuolo<\/strong>. Para Avelluto es \u201c<strong>un grupo de personas que aprovechaban las compras que el Estado hace en temas de discapacidad para quedarse con un vuelto important\u00edsimo de much\u00edsimos millones de pesos\u201d<\/strong>.<\/p>\n<p class=\"destacadoNota\"><a target=\"_blank\" href=\"https:\/\/www.perfil.com\/noticias\/nea\/rubinstein-sobre-el-fentanilo-contaminado-la-corrupcion-mata-pero-la-indolencia-tambien.phtml\" rel=\"noopener noreferrer\">Rubinstein sobre el fentanilo contaminado: \u00abLa corrupci\u00f3n mata, pero la indolencia tambi\u00e9n\u00bb<\/a><\/p>\n<h2>Audios<\/h2>\n<p>Al referirse a las pol\u00edticas de<strong> discapacidad<\/strong> se\u00f1al\u00f3 que \u201cpor un lado se cercenan\u201d, y \u201cpor el otro lado se quedan con la plata\u201d.<\/p>\n<p>Luego consider\u00f3 que cuando se suele hablar de polarizaci\u00f3n \u201cen realidad el problema que hoy tiene la Argentina es que tiene un solo polo, que es el polo del gobierno\u201d.<\/p>\n<p>\u201cY el otro polo, el que intenta construir ideas mejores a las del gobierno, superar los viejos enfrentamientos, todav\u00eda est\u00e1 en obra, todav\u00eda est\u00e1 en construcci\u00f3n\u201d, agreg\u00f3 en di\u00e1logo con el periodista <em>Gustavo Sylvestre<\/em> de <em>Radio 10<\/em>.<\/p>\n<p>\u00abEn el medio de una noticia tan terrible como es esta, tan inapelable por lo que cuentan esos<strong> audios<\/strong>, por la<strong> relaci\u00f3n muy \u00edntima entre Spagnuolo y el presidente<\/strong>, por el conocimiento que el propio Spagnuolo muestra con un alt\u00edsimo grado de detalles en sus dichos, creo que si hay una lucecita de esperanza en tanta oscuridad son estas reacciones que algunos representantes de la sociedad est\u00e1n teniendo en el parlamento\u201d, afirm\u00f3 el exfuncionario.<\/p>\n<p class=\"destacadoNota\"><a target=\"_blank\" href=\"https:\/\/www.perfil.com\/noticias\/nea\/semino-sobre-los-jubilados-estamos-en-una-situacion-de-una-crisis-que-se-lleva-vidas.phtml\" rel=\"noopener noreferrer\">Semino sobre los jubilados: \u00abEstamos en una situaci\u00f3n de una crisis que se lleva vidas\u00bb<\/a><\/p>\n<h2>\u00abUna luz en medio de semejante choreo\u00bb<\/h2>\n<p>Tambi\u00e9n expres\u00f3 que \u201c<strong>no es solamente una batalla por las ideas, sino que adem\u00e1s es una batalla por la decenci<\/strong>a\u201d.<\/p>\n<p>\u201cY entonces cambia, creo que nos coloca un escal\u00f3n m\u00e1s arriba o m\u00e1s abajo, depende como uno lo quiera ver, pero me da un poco de esperanza porque uno va viendo que no nos da todo lo mismo. <strong>Es una luz en el medio de semejante choreo<\/strong>\u201d, concluy\u00f3.<\/p>\n<div class=\"article__tags\">\n<p>En esta Nota<\/p>\n<\/p><\/div>\n","protected":false},"excerpt":{"rendered":"<p>Perfil Redacci\u00f3n NEA \u201cDetr\u00e1s de tanto grito, tanto insulto, tanta ofensa, tanta humillaci\u00f3n, tanta batalla cultural, tanta Fundaci\u00f3n Faro, los conservadores americanos, tanta motosierra, lo que hab\u00eda era una bandita de coimeros\u201d, asegur\u00f3 el exsecretario de Cultura de la Naci\u00f3n, Pablo Avelluto. El exfuncionario se refiri\u00f3 a los audios del ex titular de la Agencia [&hellip;]<\/p>\n","protected":false},"author":1,"featured_media":165741,"comment_status":"closed","ping_status":"closed","sticky":false,"template":"","format":"standard","meta":[],"categories":[2],"tags":[],"_links":{"self":[{"href":"http:\/\/cordobainforma.info\/index.php\/wp-json\/wp\/v2\/posts\/165740"}],"collection":[{"href":"http:\/\/cordobainforma.info\/index.php\/wp-json\/wp\/v2\/posts"}],"about":[{"href":"http:\/\/cordobainforma.info\/index.php\/wp-json\/wp\/v2\/types\/post"}],"author":[{"embeddable":true,"href":"http:\/\/cordobainforma.info\/index.php\/wp-json\/wp\/v2\/users\/1"}],"replies":[{"embeddable":true,"href":"http:\/\/cordobainforma.info\/index.php\/wp-json\/wp\/v2\/comments?post=165740"}],"version-history":[{"count":0,"href":"http:\/\/cordobainforma.info\/index.php\/wp-json\/wp\/v2\/posts\/165740\/revisions"}],"wp:featuredmedia":[{"embeddable":true,"href":"http:\/\/cordobainforma.info\/index.php\/wp-json\/wp\/v2\/media\/165741"}],"wp:attachment":[{"href":"http:\/\/cordobainforma.info\/index.php\/wp-json\/wp\/v2\/media?parent=165740"}],"wp:term":[{"taxonomy":"category","embeddable":true,"href":"http:\/\/cordobainforma.info\/index.php\/wp-json\/wp\/v2\/categories?post=165740"},{"taxonomy":"post_tag","embeddable":true,"href":"http:\/\/cordobainforma.info\/index.php\/wp-json\/wp\/v2\/tags?post=165740"}],"curies":[{"name":"wp","href":"https:\/\/api.w.org\/{rel}","templated":true}]}}