{"id":165725,"date":"2025-08-23T08:06:19","date_gmt":"2025-08-23T08:06:19","guid":{"rendered":"http:\/\/cordobainforma.info\/index.php\/2025\/08\/23\/los-pumas-no-pudieron-en-el-debut-podran-hoy-en-la-revancha-ante-all-blacks\/"},"modified":"2025-08-23T08:06:19","modified_gmt":"2025-08-23T08:06:19","slug":"los-pumas-no-pudieron-en-el-debut-podran-hoy-en-la-revancha-ante-all-blacks","status":"publish","type":"post","link":"http:\/\/cordobainforma.info\/index.php\/2025\/08\/23\/los-pumas-no-pudieron-en-el-debut-podran-hoy-en-la-revancha-ante-all-blacks\/","title":{"rendered":"Los Pumas no pudieron en el debut, \u00bfPodr\u00e1n hoy en la revancha ante All Blacks?"},"content":{"rendered":"<p>&#8230; <b>Nueva<\/b> Zelanda. Ser\u00e1 este s\u00e1bado a las 18.10, por la segunda fecha del &#8230; <b>C\u00f3rdoba<\/b>) y del tercera l\u00ednea Juan Mart\u00edn Gonz\u00e1lez (va como ala por&nbsp;&#8230; <\/p>\n","protected":false},"excerpt":{"rendered":"<p>&#8230; Nueva Zelanda. Ser\u00e1 este s\u00e1bado a las 18.10, por la segunda fecha del &#8230; C\u00f3rdoba) y del tercera l\u00ednea Juan Mart\u00edn Gonz\u00e1lez (va como ala por&nbsp;&#8230;<\/p>\n","protected":false},"author":1,"featured_media":0,"comment_status":"closed","ping_status":"closed","sticky":false,"template":"","format":"standard","meta":[],"categories":[23],"tags":[],"_links":{"self":[{"href":"http:\/\/cordobainforma.info\/index.php\/wp-json\/wp\/v2\/posts\/165725"}],"collection":[{"href":"http:\/\/cordobainforma.info\/index.php\/wp-json\/wp\/v2\/posts"}],"about":[{"href":"http:\/\/cordobainforma.info\/index.php\/wp-json\/wp\/v2\/types\/post"}],"author":[{"embeddable":true,"href":"http:\/\/cordobainforma.info\/index.php\/wp-json\/wp\/v2\/users\/1"}],"replies":[{"embeddable":true,"href":"http:\/\/cordobainforma.info\/index.php\/wp-json\/wp\/v2\/comments?post=165725"}],"version-history":[{"count":0,"href":"http:\/\/cordobainforma.info\/index.php\/wp-json\/wp\/v2\/posts\/165725\/revisions"}],"wp:attachment":[{"href":"http:\/\/cordobainforma.info\/index.php\/wp-json\/wp\/v2\/media?parent=165725"}],"wp:term":[{"taxonomy":"category","embeddable":true,"href":"http:\/\/cordobainforma.info\/index.php\/wp-json\/wp\/v2\/categories?post=165725"},{"taxonomy":"post_tag","embeddable":true,"href":"http:\/\/cordobainforma.info\/index.php\/wp-json\/wp\/v2\/tags?post=165725"}],"curies":[{"name":"wp","href":"https:\/\/api.w.org\/{rel}","templated":true}]}}