{"id":165724,"date":"2025-08-23T09:26:34","date_gmt":"2025-08-23T09:26:34","guid":{"rendered":"http:\/\/cordobainforma.info\/index.php\/2025\/08\/23\/las-claves-del-impacto-libertario-en-la-provincia-el-debate-economico-en-medio-de-la-pagina12\/"},"modified":"2025-08-23T09:26:34","modified_gmt":"2025-08-23T09:26:34","slug":"las-claves-del-impacto-libertario-en-la-provincia-el-debate-economico-en-medio-de-la-pagina12","status":"publish","type":"post","link":"http:\/\/cordobainforma.info\/index.php\/2025\/08\/23\/las-claves-del-impacto-libertario-en-la-provincia-el-debate-economico-en-medio-de-la-pagina12\/","title":{"rendered":"Las claves del impacto libertario en la provincia | El debate econ\u00f3mico en medio de la &#8230; &#8211; P\u00e1gina12"},"content":{"rendered":"<p>El modelo de Javier Milei tira abajo todos los indicadores bonaerenses. Recaudaci\u00f3n, recorte, coparticipaci\u00f3n y desfinanciamiento. <\/p>\n","protected":false},"excerpt":{"rendered":"<p>El modelo de Javier Milei tira abajo todos los indicadores bonaerenses. Recaudaci\u00f3n, recorte, coparticipaci\u00f3n y desfinanciamiento.<\/p>\n","protected":false},"author":1,"featured_media":0,"comment_status":"closed","ping_status":"closed","sticky":false,"template":"","format":"standard","meta":[],"categories":[23],"tags":[],"_links":{"self":[{"href":"http:\/\/cordobainforma.info\/index.php\/wp-json\/wp\/v2\/posts\/165724"}],"collection":[{"href":"http:\/\/cordobainforma.info\/index.php\/wp-json\/wp\/v2\/posts"}],"about":[{"href":"http:\/\/cordobainforma.info\/index.php\/wp-json\/wp\/v2\/types\/post"}],"author":[{"embeddable":true,"href":"http:\/\/cordobainforma.info\/index.php\/wp-json\/wp\/v2\/users\/1"}],"replies":[{"embeddable":true,"href":"http:\/\/cordobainforma.info\/index.php\/wp-json\/wp\/v2\/comments?post=165724"}],"version-history":[{"count":0,"href":"http:\/\/cordobainforma.info\/index.php\/wp-json\/wp\/v2\/posts\/165724\/revisions"}],"wp:attachment":[{"href":"http:\/\/cordobainforma.info\/index.php\/wp-json\/wp\/v2\/media?parent=165724"}],"wp:term":[{"taxonomy":"category","embeddable":true,"href":"http:\/\/cordobainforma.info\/index.php\/wp-json\/wp\/v2\/categories?post=165724"},{"taxonomy":"post_tag","embeddable":true,"href":"http:\/\/cordobainforma.info\/index.php\/wp-json\/wp\/v2\/tags?post=165724"}],"curies":[{"name":"wp","href":"https:\/\/api.w.org\/{rel}","templated":true}]}}