{"id":165690,"date":"2025-08-23T07:54:40","date_gmt":"2025-08-23T07:54:40","guid":{"rendered":"https:\/\/somoscordobeses.com\/2025\/08\/23\/niegan-la-libertad-condicional-al-segundo-de-los-hermanos-menendez\/"},"modified":"2025-08-23T07:54:40","modified_gmt":"2025-08-23T07:54:40","slug":"niegan-la-libertad-condicional-al-segundo-de-los-hermanos-menendez","status":"publish","type":"post","link":"http:\/\/cordobainforma.info\/index.php\/2025\/08\/23\/niegan-la-libertad-condicional-al-segundo-de-los-hermanos-menendez\/","title":{"rendered":"Niegan la libertad condicional al segundo de los hermanos Men\u00e9ndez"},"content":{"rendered":"<div><img src=\"http:\/\/cordobainforma.info\/wp-content\/uploads\/2025\/08\/niegan-la-libertad-condicional-al-segundo-de-los-hermanos-menendez.jpg\" class=\"ff-og-image-inserted\"><\/div>\n<p>Una Junta de Revisi\u00f3n de California <strong>neg\u00f3 este viernes la solicitud de libertad condicional a Lyle Men\u00e9ndez<\/strong>, quien corre con la misma suerte que su hermano y ambos permanecer\u00e1n en prisi\u00f3n cumpliendo la pena de <strong>cadena perpetua por el asesinato de sus padres en 1989<\/strong>.<\/p>\n<p>Durante la audiencia, una de las comisionadas del panel estatal dijo que los asesinatos cometidos por los Men\u00e9ndez el 20 de agosto de 1989 muestran \u00abun<strong> notable nivel de inestabilidad y odio <\/strong>hacia el otro\u00bb, por lo que se consider\u00f3 negar la solicitud de Lyle para obtener una medida sustitutiva. Lyle recibi\u00f3 la negativa, <strong>la misma respuesta que recibi\u00f3 su hermano, Erik<\/strong>, el jueves. Ambos continuar\u00e1n pagando su condena en la correcional de Richard Donovan, ubicada en San Diego, California, a pocos kil\u00f3metros de la frontera con M\u00e9xico.<\/p>\n<p>La familia de los Men\u00e9ndez dijeron, en un comunicado, que est\u00e1n \u00ab<strong>decepcionados<\/strong>\u00bb por la decisi\u00f3n de la junta de revisi\u00f3n pero que seguir\u00e1n buscando las medidas legales para lograr su liberaci\u00f3n y esperan que los recursos presentados sean revisados por otro tribunal en la ciudad de Los \u00c1ngeles. Las decisiones judiciales cortaron el camino hacia la libertad de ambos hermanos, quienes asesinaron a sus padres en su casa de Beverly Hills.<\/p>\n<h3>Los hechos<\/h3>\n<p>Los hermanos Men\u00e9ndez asesinaron a sus padres, Jos\u00e9 y Kitty Men\u00e9ndez,<strong> con escopetas mientras ve\u00edan televisi\u00f3n<\/strong>. El caso gener\u00f3 conmoci\u00f3n nacional por el perfil adinerado de la familia y la brutalidad del crimen. Los homicidas fueron condenados a cadena perpetua sin libertad condicional en 1996, tras dos juicios medi\u00e1ticos.<\/p>\n<p>La defensa de los asesinos aleg\u00f3 abusos sexuales, pero el jurado no lo consider\u00f3 suficiente para justificar el doble homicidio. Desde entonces, Erik y Lyle Men\u00e9ndez permanecieron en prisi\u00f3n separados, hasta <strong>2018, cuando volvieron a reencontrarse <\/strong>por una hora en una habitaci\u00f3n vigilada.<\/p>\n","protected":false},"excerpt":{"rendered":"<p>Una Junta de Revisi\u00f3n de California neg\u00f3 este viernes la solicitud de libertad condicional a Lyle Men\u00e9ndez, quien corre con la misma suerte que su hermano y ambos permanecer\u00e1n en prisi\u00f3n cumpliendo la pena de cadena perpetua por el asesinato de sus padres en 1989. Durante la audiencia, una de las comisionadas del panel estatal [&hellip;]<\/p>\n","protected":false},"author":1,"featured_media":165691,"comment_status":"closed","ping_status":"closed","sticky":false,"template":"","format":"standard","meta":[],"categories":[2],"tags":[],"_links":{"self":[{"href":"http:\/\/cordobainforma.info\/index.php\/wp-json\/wp\/v2\/posts\/165690"}],"collection":[{"href":"http:\/\/cordobainforma.info\/index.php\/wp-json\/wp\/v2\/posts"}],"about":[{"href":"http:\/\/cordobainforma.info\/index.php\/wp-json\/wp\/v2\/types\/post"}],"author":[{"embeddable":true,"href":"http:\/\/cordobainforma.info\/index.php\/wp-json\/wp\/v2\/users\/1"}],"replies":[{"embeddable":true,"href":"http:\/\/cordobainforma.info\/index.php\/wp-json\/wp\/v2\/comments?post=165690"}],"version-history":[{"count":0,"href":"http:\/\/cordobainforma.info\/index.php\/wp-json\/wp\/v2\/posts\/165690\/revisions"}],"wp:featuredmedia":[{"embeddable":true,"href":"http:\/\/cordobainforma.info\/index.php\/wp-json\/wp\/v2\/media\/165691"}],"wp:attachment":[{"href":"http:\/\/cordobainforma.info\/index.php\/wp-json\/wp\/v2\/media?parent=165690"}],"wp:term":[{"taxonomy":"category","embeddable":true,"href":"http:\/\/cordobainforma.info\/index.php\/wp-json\/wp\/v2\/categories?post=165690"},{"taxonomy":"post_tag","embeddable":true,"href":"http:\/\/cordobainforma.info\/index.php\/wp-json\/wp\/v2\/tags?post=165690"}],"curies":[{"name":"wp","href":"https:\/\/api.w.org\/{rel}","templated":true}]}}