{"id":165684,"date":"2025-08-23T00:15:16","date_gmt":"2025-08-23T00:15:16","guid":{"rendered":"https:\/\/www.clarin.com\/deportes\/partido-independiente-platense-postergado-despues-cancha-independiente-clausurada_0_pPFQzLDZvk.html"},"modified":"2025-08-23T00:15:16","modified_gmt":"2025-08-23T00:15:16","slug":"el-partido-entre-independiente-y-platense-fue-postergado-despues-de-que-la-cancha-fuera-clausurada-por-el-caos-del-miercoles","status":"publish","type":"post","link":"http:\/\/cordobainforma.info\/index.php\/2025\/08\/23\/el-partido-entre-independiente-y-platense-fue-postergado-despues-de-que-la-cancha-fuera-clausurada-por-el-caos-del-miercoles\/","title":{"rendered":"El partido entre Independiente y Platense fue postergado despu\u00e9s de que la cancha fuera clausurada por el caos del mi\u00e9rcoles"},"content":{"rendered":"<p><img src=\"http:\/\/cordobainforma.info\/wp-content\/uploads\/2025\/08\/el-partido-entre-independiente-y-platense-fue-postergado-despues-de-que-la-cancha-fuera-clausurada-por-el-caos-del-miercoles.jpg\"><\/p>\n<div><img src=\"http:\/\/cordobainforma.info\/wp-content\/uploads\/2025\/08\/el-partido-entre-independiente-y-platense-fue-postergado-despues-de-que-la-cancha-fuera-clausurada-por-el-caos-del-miercoles-2.jpg\" class=\"ff-og-image-inserted\"><\/div>\n<div id=\"element-body-0\" readability=\"65\">\n<p>El partido entre <strong>Independiente <\/strong>y <strong>Platense<\/strong>, v\u00e1lido por la sexta fecha del T<strong>orneo Clausura 2025 de la Liga Profesional de F\u00fatbol<\/strong>, fue postergado este viernes por la noche por decisi\u00f3n de la Agencia de Prevenci\u00f3n de la Violencia en el Deporte (Aprevide), dependiente del <strong>Ministerio de Seguridad de la Provincia de Buenos Aires, <\/strong>luego de que el estadio Libertadores de Am\u00e9rica quedara clausurado en las primeras horas de la jornada como consecuencia de los violentos episodios ocurridos el mi\u00e9rcoles por la noche durante el partido cancelado entre el club de Avellaneda y Universidad de Chile, por la revancha de los octavos de final de la Copa Sudamericana.<\/p>\n<\/div>\n<div id=\"element-body-1\" readability=\"63\">\n<p><em>\u00abDesde el Club Atl\u00e9tico Independiente aceptamos la solicitud de la A.Pre.Vi.De para postergar el partido ante el Club Atl\u00e9tico Platense, y que el partido pueda jugarse con p\u00fablico, en nuestra cancha y en la fecha que la justicia disponga. Los socios e hinchas de Independiente fueron v\u00edctimas de lo ocurrido en el partido ante la Universidad de Chile y nuestro compromiso es que puedan asistir a su cancha a alentar al equipo\u00bb<\/em>, public\u00f3 la instituci\u00f3n de Avellaneda en sus redes sociales tras conocerse la determinaci\u00f3n del organismo de seguridad.<\/p>\n<\/div>\n<div id=\"element-body-2\" readability=\"67\">\n<p>Aprevide, en un largo comunicado, dio el detalle de todos los sucesos que ocurrieron durante el partido del terror y reiter\u00f3 que la decisi\u00f3n de que el partido no se suspendiera antes fue tomada por la Conmebol. Asimismo, inform\u00f3 que ya fueron identificados los barras de Independiente que atacaron salvajemente a los hinchas chilenos y que todos tendr\u00e1n, como m\u00ednimo, derecho de admisi\u00f3n. Y, finalmente, argument\u00f3 los motivos de la clausura del Libertadores de Am\u00e9rica.<\/p>\n<\/div>\n<div id=\"element-body-4\" readability=\"70\">\n<p> 1) Disponer la creaci\u00f3n de una Comisi\u00f3n T\u00e9cnica Evaluadora, la cual se conformar\u00e1 con personal de esta Agencia, de la Polic\u00eda de la Provincia de Buenos Aires, con personal con conocimientos en materia de seguridad del Club Atl\u00e9tico Independiente, de la Asociaci\u00f3n del F\u00fatbol Argentino (A.F.A.), y, trat\u00e1ndose de un evento internacional, con personal de la Confederaci\u00f3n Sudamericana de F\u00fatbol (CONMEBOL). La citada Comisi\u00f3n tendr\u00e1 por objeto dar cumplimiento a la manda judicial antes mencionada y podr\u00e1 convocar, asimismo, a los profesionales que resulten necesarios, a fin de realizar en conjunto las gestiones conducentes para prevenir en el futuro hechos graves como los aqu\u00ed se\u00f1alados.<\/p>\n<\/div>\n<div id=\"element-body-5\" readability=\"66\">\n<p>2) Disponer que, una vez finalizada la reuni\u00f3n de la Comisi\u00f3n T\u00e9cnica Evaluadora, se informe a los \u00f3rganos judiciales lo acordado entre los participantes, consignando expresamente los puntos sobre los cuales hubo acuerdo, el eventual accionar a desplegarse en caso de reiteraci\u00f3n de hechos de similares caracter\u00edsticas, as\u00ed como tambi\u00e9n la metodolog\u00eda de trabajo que se implementar\u00e1 en adelante respecto de visitas, inspecciones y dem\u00e1s medidas que se consideren convenientes a los fines de lograr coordinaci\u00f3n eficaz.<\/p>\n<\/div>\n<div id=\"element-body-6\" readability=\"62\">\n<p>3) Disponer que, en el plazo de setenta y dos (72) horas h\u00e1biles, se deber\u00e1 conformar la Comisi\u00f3nT\u00e9cnica mencionada en el Art\u00edculo 1\u00b0, debiendo las partes informar la n\u00f3mina de sus integrantes.<\/p>\n<\/div>\n<div id=\"element-body-7\" readability=\"62\">\n<p>4) Requerir a la Liga Profesional de F\u00fatbol la reprogramaci\u00f3n del encuentro dispuesto para el d\u00eda domingo 24 de agosto de 2025, a las 20:30 horas, entre el Club Atl\u00e9tico Independiente y el Club Atl\u00e9tico Platense, en atenci\u00f3n a la falta de tiempo para dar cumplimiento a lo aqu\u00ed establecido.<\/p>\n<\/div>\n","protected":false},"excerpt":{"rendered":"<p>El partido entre Independiente y Platense, v\u00e1lido por la sexta fecha del Torneo Clausura 2025 de la Liga Profesional de F\u00fatbol, fue postergado este viernes por la noche por decisi\u00f3n de la Agencia de Prevenci\u00f3n de la Violencia en el Deporte (Aprevide), dependiente del Ministerio de Seguridad de la Provincia de Buenos Aires, luego de [&hellip;]<\/p>\n","protected":false},"author":1,"featured_media":165685,"comment_status":"closed","ping_status":"closed","sticky":false,"template":"","format":"standard","meta":[],"categories":[20],"tags":[],"_links":{"self":[{"href":"http:\/\/cordobainforma.info\/index.php\/wp-json\/wp\/v2\/posts\/165684"}],"collection":[{"href":"http:\/\/cordobainforma.info\/index.php\/wp-json\/wp\/v2\/posts"}],"about":[{"href":"http:\/\/cordobainforma.info\/index.php\/wp-json\/wp\/v2\/types\/post"}],"author":[{"embeddable":true,"href":"http:\/\/cordobainforma.info\/index.php\/wp-json\/wp\/v2\/users\/1"}],"replies":[{"embeddable":true,"href":"http:\/\/cordobainforma.info\/index.php\/wp-json\/wp\/v2\/comments?post=165684"}],"version-history":[{"count":0,"href":"http:\/\/cordobainforma.info\/index.php\/wp-json\/wp\/v2\/posts\/165684\/revisions"}],"wp:featuredmedia":[{"embeddable":true,"href":"http:\/\/cordobainforma.info\/index.php\/wp-json\/wp\/v2\/media\/165685"}],"wp:attachment":[{"href":"http:\/\/cordobainforma.info\/index.php\/wp-json\/wp\/v2\/media?parent=165684"}],"wp:term":[{"taxonomy":"category","embeddable":true,"href":"http:\/\/cordobainforma.info\/index.php\/wp-json\/wp\/v2\/categories?post=165684"},{"taxonomy":"post_tag","embeddable":true,"href":"http:\/\/cordobainforma.info\/index.php\/wp-json\/wp\/v2\/tags?post=165684"}],"curies":[{"name":"wp","href":"https:\/\/api.w.org\/{rel}","templated":true}]}}