{"id":165682,"date":"2025-08-23T05:28:32","date_gmt":"2025-08-23T05:28:32","guid":{"rendered":"https:\/\/www.clarin.com\/deportes\/segundo-francia-feroz-cruce-federico-gomez-us-open-cara-cara-hugo-grenier_0_HfKf1w9MP7.html"},"modified":"2025-08-23T05:28:32","modified_gmt":"2025-08-23T05:28:32","slug":"segundo-francia-el-feroz-cruce-de-federico-gomez-en-el-us-open-cara-a-cara-con-hugo-grenier","status":"publish","type":"post","link":"http:\/\/cordobainforma.info\/index.php\/2025\/08\/23\/segundo-francia-el-feroz-cruce-de-federico-gomez-en-el-us-open-cara-a-cara-con-hugo-grenier\/","title":{"rendered":"\u00abSegundo, Francia\u00bb: el feroz cruce de Federico G\u00f3mez en el US Open, cara a cara con Hugo Grenier"},"content":{"rendered":"<p><img src=\"http:\/\/cordobainforma.info\/wp-content\/uploads\/2025\/08\/segundo-francia-el-feroz-cruce-de-federico-gomez-en-el-us-open-cara-a-cara-con-hugo-grenier.jpg\"><\/p>\n<div><img src=\"http:\/\/cordobainforma.info\/wp-content\/uploads\/2025\/08\/segundo-francia-el-feroz-cruce-de-federico-gomez-en-el-us-open-cara-a-cara-con-hugo-grenier-2.jpg\" class=\"ff-og-image-inserted\"><\/div>\n<div id=\"element-body-0\" readability=\"65\">\n<p><strong>Federico G\u00f3mez<\/strong> se convirti\u00f3 en el \u00fanico argentino en ingresar al cuadro principal del <strong>US Open <\/strong>desde la qualy. Para lograrlo, el bonaerense de 28 a\u00f1os, n\u00famero 206 del ranking ATP, debi\u00f3 superar un dur\u00edsimo obst\u00e1culo en la \u00faltima ronda: el franc\u00e9s <strong>Hugo Grenier (188)<\/strong>, con quien no solo batall\u00f3 dentro de la cancha, sino tambi\u00e9n en <strong>un explosivo cruce cara a cara <\/strong>que dej\u00f3 una escena cargada de tensi\u00f3n.<\/p>\n<\/div>\n<div id=\"element-body-1\" readability=\"61\">\n<p>El nacido en Merlo termin\u00f3 festejando con parciales de 6-7 (5), 7-6 (5) y 6-2, despu\u00e9s de remontar un partido que parec\u00eda perdido: <strong>lleg\u00f3 a estar set abajo y 0-4 en el segundo parcial <\/strong>antes de reaccionar con car\u00e1cter y garra.<\/p>\n<\/div>\n<div id=\"element-body-2\" readability=\"59\">\n<p>Justamente, el altercado con Grenier se desat\u00f3 al final de ese segundo set. G\u00f3mez lo celebr\u00f3 con un grito desaforado que irrit\u00f3 al franc\u00e9s. <\/p>\n<\/div>\n<div id=\"element-body-3\" readability=\"60\">\n<p>En el cruce hacia las sillas, el europeo le recrimin\u00f3 el festejo y se desat\u00f3 una discusi\u00f3n caliente, a los gritos y con gestos ampulosos. <\/p>\n<\/div>\n<div id=\"element-body-4\" readability=\"25.96\">\n<blockquote class=\"twitter-tweet\" readability=\"7.08\">\n<p lang=\"es\" dir=\"ltr\">\u00a1Momento de tensi\u00f3n! \ud83d\ude31\ud83d\udca5<\/p>\n<p>Fede G\u00f3mez gan\u00f3 el segundo set y tuvo un entredicho con su rival. \ud83d\udc40<\/p>\n<p>\ud83d\udcfa Mir\u00e1 el <a href=\"https:\/\/twitter.com\/hashtag\/USOpen?src=hash&amp;ref_src=twsrc%5Etfw\">#USOpen<\/a> en el Plan Premium de Disney+. <a href=\"https:\/\/t.co\/FQWP2R7HYi\">pic.twitter.com\/FQWP2R7HYi<\/a><\/p>\n<p>\u2014 ESPN Tenis (@ESPNtenis) <a href=\"https:\/\/twitter.com\/ESPNtenis\/status\/1958954937703965134?ref_src=twsrc%5Etfw\">August 22, 2025<\/a><\/p><\/blockquote><\/div>\n<div id=\"element-body-5\" readability=\"61\">\n<p>Cuando Grenier se alej\u00f3 hacia su sector, G\u00f3mez lo sigui\u00f3 todav\u00eda exaltado, se\u00f1alando hacia la tribuna donde estaba el equipo del rival. La tensi\u00f3n escal\u00f3 al punto de que la jueza tuvo que bajarse de su silla para intervenir y calmar los \u00e1nimos.<\/p>\n<\/div>\n<div id=\"element-body-6\" readability=\"29.481818181818\">\n<blockquote class=\"twitter-tweet\" readability=\"10.254545454545\">\n<p lang=\"es\" dir=\"ltr\">Se puso tenso el partido\ud83d\ude27<\/p>\n<p>Federico G\u00f3mez\ud83c\udde6\ud83c\uddf7 y Hugo Grenier\ud83c\uddeb\ud83c\uddf7 tuvieron una tensa discusi\u00f3n en un cambio de lado tras la celebraci\u00f3n del argentino<\/p>\n<p>El franc\u00e9s le reclam\u00f3 lo efusivo cuando un miembro de su equipo hab\u00eda empezado todo<a href=\"https:\/\/twitter.com\/hashtag\/USOpen?src=hash&amp;ref_src=twsrc%5Etfw\">#USOpen<\/a> <\/p>\n<p><a href=\"https:\/\/t.co\/oRowjyTf5m\">pic.twitter.com\/oRowjyTf5m<\/a><\/p>\n<p>\u2014 Iv\u00e1n Aguilar (@ivabianconero) <a href=\"https:\/\/twitter.com\/ivabianconero\/status\/1958947044183482828?ref_src=twsrc%5Etfw\">August 22, 2025<\/a><\/p><\/blockquote><\/div>\n<div id=\"element-body-7\" readability=\"64\">\n<p>Minutos despu\u00e9s, G\u00f3mez explic\u00f3 lo sucedido y revel\u00f3 que desde la zona del box de Grenier lo hab\u00edan insultado. \u00abMe prend\u00ed por <strong>un par de cosas que me dijeron de afuera<\/strong>, que la verdad no son lindas de decir\u00bb, se\u00f1al\u00f3. Y remat\u00f3 con una chicana futbolera que dej\u00f3 su sello en Nueva York: \u00abLa verdad que me enfoqu\u00e9 en ganar y\u2026 <strong>segundo, Francia\u00bb.<\/strong><\/p>\n<\/div>\n<div id=\"element-body-8\" readability=\"25.684210526316\">\n<blockquote class=\"twitter-tweet\" readability=\"8.3095975232198\">\n<p lang=\"es\" dir=\"ltr\">\ud83d\udde3 \u00abMe prend\u00ed por un par de cosas que me dijeron de afuera, que la verdad no son lindas de decir. Primero me enfoqu\u00e9 en ganar y SEGUNDO FRANCIA\u201d.<\/p>\n<p>FEDERICO AGUST\u00cdN G\u00d3MEZ \ud83c\udde6\ud83c\uddf7\ud83c\udde6\ud83c\uddf7\ud83c\udde6\ud83c\uddf7<\/p>\n<p>V\u00eda <a href=\"https:\/\/twitter.com\/andresghisolfo?ref_src=twsrc%5Etfw\">@andresghisolfo<\/a><a href=\"https:\/\/t.co\/wThU0ko1a2\">pic.twitter.com\/wThU0ko1a2<\/a> <a href=\"https:\/\/t.co\/GVMzXeUB2w\">https:\/\/t.co\/GVMzXeUB2w<\/a><\/p>\n<p>\u2014 Tiempo De Tenis (@Tiempodetenis1) <a href=\"https:\/\/twitter.com\/Tiempodetenis1\/status\/1958962867517956388?ref_src=twsrc%5Etfw\">August 22, 2025<\/a><\/p><\/blockquote><\/div>\n<div id=\"element-body-9\" readability=\"63\">\n<p>G\u00f3mez participar\u00e1 por primera vez en el \u00faltimo Grand Slam de la temporada, que comenzar\u00e1 este domingo en Flushing Meadows. Sera al d\u00eda siguiente, el lunes, cuando enfrente al brit\u00e1nico<strong> Jack Draper<\/strong>, quinto favorito.<\/p>\n<\/div>\n","protected":false},"excerpt":{"rendered":"<p>Federico G\u00f3mez se convirti\u00f3 en el \u00fanico argentino en ingresar al cuadro principal del US Open desde la qualy. Para lograrlo, el bonaerense de 28 a\u00f1os, n\u00famero 206 del ranking ATP, debi\u00f3 superar un dur\u00edsimo obst\u00e1culo en la \u00faltima ronda: el franc\u00e9s Hugo Grenier (188), con quien no solo batall\u00f3 dentro de la cancha, sino [&hellip;]<\/p>\n","protected":false},"author":1,"featured_media":165683,"comment_status":"closed","ping_status":"closed","sticky":false,"template":"","format":"standard","meta":[],"categories":[20],"tags":[],"_links":{"self":[{"href":"http:\/\/cordobainforma.info\/index.php\/wp-json\/wp\/v2\/posts\/165682"}],"collection":[{"href":"http:\/\/cordobainforma.info\/index.php\/wp-json\/wp\/v2\/posts"}],"about":[{"href":"http:\/\/cordobainforma.info\/index.php\/wp-json\/wp\/v2\/types\/post"}],"author":[{"embeddable":true,"href":"http:\/\/cordobainforma.info\/index.php\/wp-json\/wp\/v2\/users\/1"}],"replies":[{"embeddable":true,"href":"http:\/\/cordobainforma.info\/index.php\/wp-json\/wp\/v2\/comments?post=165682"}],"version-history":[{"count":0,"href":"http:\/\/cordobainforma.info\/index.php\/wp-json\/wp\/v2\/posts\/165682\/revisions"}],"wp:featuredmedia":[{"embeddable":true,"href":"http:\/\/cordobainforma.info\/index.php\/wp-json\/wp\/v2\/media\/165683"}],"wp:attachment":[{"href":"http:\/\/cordobainforma.info\/index.php\/wp-json\/wp\/v2\/media?parent=165682"}],"wp:term":[{"taxonomy":"category","embeddable":true,"href":"http:\/\/cordobainforma.info\/index.php\/wp-json\/wp\/v2\/categories?post=165682"},{"taxonomy":"post_tag","embeddable":true,"href":"http:\/\/cordobainforma.info\/index.php\/wp-json\/wp\/v2\/tags?post=165682"}],"curies":[{"name":"wp","href":"https:\/\/api.w.org\/{rel}","templated":true}]}}