{"id":165680,"date":"2025-08-22T15:39:24","date_gmt":"2025-08-22T15:39:24","guid":{"rendered":"https:\/\/somoscordobeses.com\/2025\/08\/22\/tamara-pettinato-conducira-un-ciclo-politico-en-television-el-polemico-nombre-que-eligio\/"},"modified":"2025-08-22T15:39:24","modified_gmt":"2025-08-22T15:39:24","slug":"tamara-pettinato-conducira-un-ciclo-politico-en-television-el-polemico-nombre-que-eligio","status":"publish","type":"post","link":"http:\/\/cordobainforma.info\/index.php\/2025\/08\/22\/tamara-pettinato-conducira-un-ciclo-politico-en-television-el-polemico-nombre-que-eligio\/","title":{"rendered":"Tamara Pettinato conducir\u00e1 un ciclo pol\u00edtico en televisi\u00f3n: el pol\u00e9mico nombre que eligi\u00f3"},"content":{"rendered":"<div><img src=\"http:\/\/cordobainforma.info\/wp-content\/uploads\/2025\/08\/tamara-pettinato-conducira-un-ciclo-politico-en-television-el-polemico-nombre-que-eligio.jpg\" class=\"ff-og-image-inserted\"><\/div>\n<div id=\"note-body\">\n<p data-start=\"2849\" data-end=\"3229\">Despu\u00e9s de varios meses de ausencia, <strong>Tamara Pettinato<\/strong> volver\u00e1 a la pantalla chica con un ciclo de entrevistas pol\u00edticas que promete dar que hablar. El programa, que se emitir\u00e1 por la se\u00f1al de <strong>Canal 9<\/strong>, llevar\u00e1 por t\u00edtulo \u201cDecime algo lindo\u201d, un gui\u00f1o directo al famoso video filtrado desde el despacho presidencial con <strong>Alberto Fern\u00e1ndez,<\/strong> y que se volvi\u00f3 viral en redes sociales.<\/p>\n<\/div>\n<div id>\n<p data-start=\"3231\" data-end=\"3711\">Seg\u00fan adelant\u00f3 Guille Barrios en su programa radial <em>#BastaBaby,<\/em> el ciclo estar\u00e1 centrado en entrevistas con figuras del \u00e1mbito pol\u00edtico, combinando an\u00e1lisis, actualidad y la impronta caracter\u00edstica de Pettinato, conocida por su estilo directo y sin filtros. La conductora, que se alej\u00f3 temporalmente de la televisi\u00f3n tras su participaci\u00f3n en Bendita, busca con este regreso consolidar su presencia en la pantalla.<\/p>\n<\/div>\n","protected":false},"excerpt":{"rendered":"<p>Despu\u00e9s de varios meses de ausencia, Tamara Pettinato volver\u00e1 a la pantalla chica con un ciclo de entrevistas pol\u00edticas que promete dar que hablar. El programa, que se emitir\u00e1 por la se\u00f1al de Canal 9, llevar\u00e1 por t\u00edtulo \u201cDecime algo lindo\u201d, un gui\u00f1o directo al famoso video filtrado desde el despacho presidencial con Alberto Fern\u00e1ndez, [&hellip;]<\/p>\n","protected":false},"author":1,"featured_media":165681,"comment_status":"closed","ping_status":"closed","sticky":false,"template":"","format":"standard","meta":[],"categories":[2],"tags":[],"_links":{"self":[{"href":"http:\/\/cordobainforma.info\/index.php\/wp-json\/wp\/v2\/posts\/165680"}],"collection":[{"href":"http:\/\/cordobainforma.info\/index.php\/wp-json\/wp\/v2\/posts"}],"about":[{"href":"http:\/\/cordobainforma.info\/index.php\/wp-json\/wp\/v2\/types\/post"}],"author":[{"embeddable":true,"href":"http:\/\/cordobainforma.info\/index.php\/wp-json\/wp\/v2\/users\/1"}],"replies":[{"embeddable":true,"href":"http:\/\/cordobainforma.info\/index.php\/wp-json\/wp\/v2\/comments?post=165680"}],"version-history":[{"count":0,"href":"http:\/\/cordobainforma.info\/index.php\/wp-json\/wp\/v2\/posts\/165680\/revisions"}],"wp:featuredmedia":[{"embeddable":true,"href":"http:\/\/cordobainforma.info\/index.php\/wp-json\/wp\/v2\/media\/165681"}],"wp:attachment":[{"href":"http:\/\/cordobainforma.info\/index.php\/wp-json\/wp\/v2\/media?parent=165680"}],"wp:term":[{"taxonomy":"category","embeddable":true,"href":"http:\/\/cordobainforma.info\/index.php\/wp-json\/wp\/v2\/categories?post=165680"},{"taxonomy":"post_tag","embeddable":true,"href":"http:\/\/cordobainforma.info\/index.php\/wp-json\/wp\/v2\/tags?post=165680"}],"curies":[{"name":"wp","href":"https:\/\/api.w.org\/{rel}","templated":true}]}}