{"id":165644,"date":"2025-08-22T01:29:00","date_gmt":"2025-08-22T01:29:00","guid":{"rendered":"https:\/\/www.escribiendocine.com\/noticias\/2025\/08\/21\/20283-critica-de-crisis-un-viaje-distopico-de-salud-y-dignidad"},"modified":"2025-08-22T01:29:00","modified_gmt":"2025-08-22T01:29:00","slug":"critica-de-crisis-un-viaje-distopico-de-salud-y-dignidad","status":"publish","type":"post","link":"http:\/\/cordobainforma.info\/index.php\/2025\/08\/22\/critica-de-crisis-un-viaje-distopico-de-salud-y-dignidad\/","title":{"rendered":"Cr\u00edtica de \u00abCrisis\u00bb: Un viaje dist\u00f3pico de salud y dignidad"},"content":{"rendered":"<div class=\"media_block\"><\/div>\n<div><img src=\"http:\/\/cordobainforma.info\/wp-content\/uploads\/2025\/08\/critica-de-crisis-un-viaje-distopico-de-salud-y-dignidad.jpg\" class=\"ff-og-image-inserted\"><\/div>\n<div readability=\"15.771929824561\">\n<div class=\"col-xs-12 col-sm-6 col-md-12 col-lg-3 no-padding col-der\" readability=\"7\">\n<p> <span class=\"fecha\">jueves 21 de agosto de 2025 <\/span> <\/p>\n<\/p><\/div><\/div>\n<div readability=\"40\">\n<p>La pel\u00edcula uruguaya <strong>Crisis<\/strong> (2024) fusiona la ciencia ficci\u00f3n dist\u00f3pica con una profunda reflexi\u00f3n \u00e9tica sobre el derecho a decidir en cuestiones de salud.&nbsp;<\/p>\n<p>Esta producci\u00f3n independiente nos sit\u00faa en un mundo regido por un \u00abSistema \u00danico de Salud\u00bb que, si bien es r\u00e1pido para contener virus, promueve la eutanasia como una \u00absoluci\u00f3n humanitaria\u00bb para enfermedades cr\u00f3nicas. Es en este contexto opresivo que la pel\u00edcula nos plantea preguntas cruciales como si es posible resistir en un mundo hipervigilado, o si existe una verdadera escapatoria a la realidad en crisis.<\/p>\n<p>La historia comienza con un interrogatorio policial que nos sumerge en el misterio. La protagonista, Luc\u00eda, se niega a colaborar con la autoridad, marcando el tono de lo que ser\u00e1 una constante b\u00fasqueda de libertad. La trama se toma su tiempo para seguir a Luc\u00eda en su viaje a la casa de vacaciones de sus abuelos, luego de renunciar a su trabajo y recluirse en esa peque\u00f1a localidad balnearia.<\/p>\n<p>Con un bajo presupuesto, la pel\u00edcula fue posible gracias al trabajo colectivo de egresados de la Tecnicatura y el Bachillerato Audiovisual de la UTU, dirigidos por sus propios docentes. El elenco, compuesto por actores de instituciones teatrales como el Teatro Circular de Montevideo y El Galp\u00f3n, se sum\u00f3 al proyecto por su compromiso con la historia, trabajando de manera honoraria. Este esfuerzo colectivo refleja el esp\u00edritu de resistencia y solidaridad que la pel\u00edcula misma proclama.<\/p>\n<p>Basada en las tensiones y el encierro de la reciente pandemia, el filme dirigido por Adriana Nartallo y Daniel Amor\u00edn (<strong>Historias no contadas<\/strong> y <strong>Mediotanque<\/strong>) nos introduce en un futuro cercano donde la vigilancia y el control sobre los cuerpos son absolutos.&nbsp;<\/p>\n<p><iframe src=\"https:\/\/www.youtube.com\/embed\/6VbqKl0308M\" width=\"560\" height=\"314\" allowfullscreen=\"allowfullscreen\">[embedded content]<\/iframe><\/p>\n<\/p><\/div>\n","protected":false},"excerpt":{"rendered":"<p>jueves 21 de agosto de 2025 La pel\u00edcula uruguaya Crisis (2024) fusiona la ciencia ficci\u00f3n dist\u00f3pica con una profunda reflexi\u00f3n \u00e9tica sobre el derecho a decidir en cuestiones de salud.&nbsp; Esta producci\u00f3n independiente nos sit\u00faa en un mundo regido por un \u00abSistema \u00danico de Salud\u00bb que, si bien es r\u00e1pido para contener virus, promueve la [&hellip;]<\/p>\n","protected":false},"author":1,"featured_media":165645,"comment_status":"open","ping_status":"closed","sticky":false,"template":"","format":"standard","meta":[],"categories":[21],"tags":[],"_links":{"self":[{"href":"http:\/\/cordobainforma.info\/index.php\/wp-json\/wp\/v2\/posts\/165644"}],"collection":[{"href":"http:\/\/cordobainforma.info\/index.php\/wp-json\/wp\/v2\/posts"}],"about":[{"href":"http:\/\/cordobainforma.info\/index.php\/wp-json\/wp\/v2\/types\/post"}],"author":[{"embeddable":true,"href":"http:\/\/cordobainforma.info\/index.php\/wp-json\/wp\/v2\/users\/1"}],"replies":[{"embeddable":true,"href":"http:\/\/cordobainforma.info\/index.php\/wp-json\/wp\/v2\/comments?post=165644"}],"version-history":[{"count":0,"href":"http:\/\/cordobainforma.info\/index.php\/wp-json\/wp\/v2\/posts\/165644\/revisions"}],"wp:featuredmedia":[{"embeddable":true,"href":"http:\/\/cordobainforma.info\/index.php\/wp-json\/wp\/v2\/media\/165645"}],"wp:attachment":[{"href":"http:\/\/cordobainforma.info\/index.php\/wp-json\/wp\/v2\/media?parent=165644"}],"wp:term":[{"taxonomy":"category","embeddable":true,"href":"http:\/\/cordobainforma.info\/index.php\/wp-json\/wp\/v2\/categories?post=165644"},{"taxonomy":"post_tag","embeddable":true,"href":"http:\/\/cordobainforma.info\/index.php\/wp-json\/wp\/v2\/tags?post=165644"}],"curies":[{"name":"wp","href":"https:\/\/api.w.org\/{rel}","templated":true}]}}