{"id":165640,"date":"2025-08-22T12:43:21","date_gmt":"2025-08-22T12:43:21","guid":{"rendered":"https:\/\/cordobainforma.info\/index.php\/2025\/08\/22\/uno-de-los-hermanos-menendez-sufre-derrota-en-su-camino-hacia-la-libertad\/"},"modified":"2025-08-22T12:43:21","modified_gmt":"2025-08-22T12:43:21","slug":"uno-de-los-hermanos-menendez-sufre-derrota-en-su-camino-hacia-la-libertad","status":"publish","type":"post","link":"http:\/\/cordobainforma.info\/index.php\/2025\/08\/22\/uno-de-los-hermanos-menendez-sufre-derrota-en-su-camino-hacia-la-libertad\/","title":{"rendered":"Uno de los hermanos Men\u00e9ndez sufre derrota en su camino hacia la libertad"},"content":{"rendered":"<p><img src=\"http:\/\/cordobainforma.info\/wp-content\/uploads\/2025\/08\/uno-de-los-hermanos-menendez-sufre-derrota-en-su-camino-hacia-la-libertad.jpg\"><\/p>\n<p>Una junta penitenciaria de California deneg\u00f3 este jueves la solicitud de libertad condicional de Erik Men\u00e9ndez, quien junto con su hermano Lyle cumple <strong>una condena de m\u00ednimo 50 a\u00f1os por el asesinato de sus padres hace m\u00e1s de&nbsp;3 d\u00e9cadas<\/strong>, <a href=\"https:\/\/apnews.com\/article\/menendez-brothers-freedom-murder-parole-erik-lyle-483fee4506e2ea7acb7ce846e844bb8b\" target=\"_blank\" rel=\"noopener noreferrer\">informa<\/a>&nbsp;AP.<\/p>\n<p>A pesar de que la defensa destac\u00f3 su supuesto cambio personal desde el crimen, los comisionados de la junta concluyeron que<strong>&nbsp;a\u00fan es un riesgo para la sociedad por su comportamiento en prisi\u00f3n<\/strong>. Seg\u00fan New York Post, Erik <a href=\"https:\/\/nypost.com\/2025\/08\/21\/us-news\/erik-menendez-denied-parole-in-crushing-defeat-for-celebrity-killer\/\" target=\"_blank\" rel=\"noopener noreferrer\">acumul\u00f3<\/a> varias faltas disciplinarias, entre ellas la posesi\u00f3n de un tel\u00e9fono m\u00f3vil y enfrentamientos con otros reclusos.<\/p>\n<div class=\"ReadMore-root Section-root Section-is1to3-xs_is1to1\" data-widgets=\"ReadMore\">\n<div class=\"Section-container Section-isRow-isTop-isWrap\">\n<article class=\"Card-root Card-is1to1 Card-default \">\n<div class=\"Card-imageWrap\">\n<div class=\"Card-picture\"> <picture class=\"Picture-root Picture-default\"><!--[if IE 9]><video style=\"display: none;\"><![endif]--><source media=\"(-webkit-min-device-pixel-ratio: 2) and (min-resolution: 120dpi)\" srcset=\"http:\/\/cordobainforma.info\/wp-content\/uploads\/2025\/08\/uno-de-los-hermanos-menendez-sufre-derrota-en-su-camino-hacia-la-libertad-2.jpg 850w, http:\/\/cordobainforma.info\/wp-content\/uploads\/2025\/08\/uno-de-los-hermanos-menendez-sufre-derrota-en-su-camino-hacia-la-libertad-3.jpg 1960w\"><source srcset=\"http:\/\/cordobainforma.info\/wp-content\/uploads\/2025\/08\/uno-de-los-hermanos-menendez-sufre-derrota-en-su-camino-hacia-la-libertad-2.jpg, https:\/\/actualidad.rt.com\/actualidad\/460, http:\/\/cordobainforma.info\/wp-content\/uploads\/2025\/08\/uno-de-los-hermanos-menendez-sufre-derrota-en-su-camino-hacia-la-libertad-3.jpg 980w\"><!--[if IE 9]><\/video><![endif]--><img data-sizes=\"auto\" src=\"http:\/\/cordobainforma.info\/wp-content\/uploads\/2025\/08\/uno-de-los-hermanos-menendez-sufre-derrota-en-su-camino-hacia-la-libertad-2.jpg\" class=\"Picture-root Picture-default lazyload\" alt=\"La historia de los hermanos Men\u00e9ndez: todo lo necesario para entender el caso de parricidio\"><\/picture><!-- noscript pattern --><noscript><img src=\"http:\/\/cordobainforma.info\/wp-content\/uploads\/2025\/08\/uno-de-los-hermanos-menendez-sufre-derrota-en-su-camino-hacia-la-libertad-3.jpg\" alt=\"La historia de los hermanos Men\u00e9ndez: todo lo necesario para entender el caso de parricidio\"><\/noscript> <\/div><\/div>\n<\/article><\/div><\/div>\n<p>Sin embargo, Erik, de 54 a\u00f1os, tendr\u00e1 la oportunidad de <a href=\"https:\/\/apnews.com\/article\/erik-menendez-parole-hearing-confession-25c230560f2512c8190a84a32b49f2fd\" target=\"_blank\" rel=\"noopener noreferrer\">solicitar<\/a> nuevamente la libertad condicional en&nbsp;3 a\u00f1os, aunque uno de los comisionados lo inst\u00f3 a modificar su conducta. Por otro lado, Lyle, de 57 a\u00f1os, tambi\u00e9n est\u00e1 en proceso de evaluaci\u00f3n para su posible liberaci\u00f3n.<\/p>\n<h3>Su hermano podr\u00eda quedar libre<\/h3>\n<p>De acuerdo con el NYP, <strong>Lyle tiene altas posibilidades de que la junta recomiende su libertad<\/strong>. En caso de ser as\u00ed, dispondr\u00e1 de 120 d\u00edas para una revisi\u00f3n legal antes de enviar la recomendaci\u00f3n al gobernador Gavin Newsom, quien tendr\u00e1 30 d\u00edas para aprobarla. &nbsp;<\/p>\n<p>En 1996, los hermanos fueron <a href=\"https:\/\/esrt.space\/a-fondo\/561908-historia-hermanos-parricidas-menendez\" target=\"_blank\" rel=\"noopener noreferrer\">sentenciados<\/a> a cadena perpetua por asesinar a tiros a sus padres, <strong>Jos\u00e9 y Kitty Men\u00e9ndez<\/strong>, en su mansi\u00f3n de Beverly Hills en 1989. No obstante, una decisi\u00f3n judicial en mayo de este a\u00f1o redujo su condena a 50 a\u00f1os, debido a su edad&nbsp;en el momento del crimen. Esto los hizo <a href=\"https:\/\/abc7.com\/post\/hermanos-menendez-seran-evaluados-por-la-junta-de-libertad-condicional-tras-30-anos-en-prision\/17587748\/\" target=\"_blank\" rel=\"noopener noreferrer\">elegibles<\/a> para<strong> solicitar la libertad condicional<\/strong>. Ambos hermanos han sido objeto de inter\u00e9s p\u00fablico y medi\u00e1tico, impulsado por documentales y series sobre ellos.<\/p>\n<p><em><strong>Lea <a href=\"https:\/\/esrt.space\/a-fondo\/561908-historia-hermanos-parricidas-menendez\" target=\"_blank\" rel=\"noopener noreferrer\">aqu\u00ed<\/a> la historia de los hermanos Men\u00e9ndez&nbsp;<\/strong><\/em><\/p>\n","protected":false},"excerpt":{"rendered":"<p>Una junta penitenciaria de California deneg\u00f3 este jueves la solicitud de libertad condicional de Erik Men\u00e9ndez, quien junto con su hermano Lyle cumple una condena de m\u00ednimo 50 a\u00f1os por el asesinato de sus padres hace m\u00e1s de&nbsp;3 d\u00e9cadas, informa&nbsp;AP. A pesar de que la defensa destac\u00f3 su supuesto cambio personal desde el crimen, los [&hellip;]<\/p>\n","protected":false},"author":1,"featured_media":165641,"comment_status":"closed","ping_status":"closed","sticky":false,"template":"","format":"standard","meta":[],"categories":[22],"tags":[],"_links":{"self":[{"href":"http:\/\/cordobainforma.info\/index.php\/wp-json\/wp\/v2\/posts\/165640"}],"collection":[{"href":"http:\/\/cordobainforma.info\/index.php\/wp-json\/wp\/v2\/posts"}],"about":[{"href":"http:\/\/cordobainforma.info\/index.php\/wp-json\/wp\/v2\/types\/post"}],"author":[{"embeddable":true,"href":"http:\/\/cordobainforma.info\/index.php\/wp-json\/wp\/v2\/users\/1"}],"replies":[{"embeddable":true,"href":"http:\/\/cordobainforma.info\/index.php\/wp-json\/wp\/v2\/comments?post=165640"}],"version-history":[{"count":0,"href":"http:\/\/cordobainforma.info\/index.php\/wp-json\/wp\/v2\/posts\/165640\/revisions"}],"wp:featuredmedia":[{"embeddable":true,"href":"http:\/\/cordobainforma.info\/index.php\/wp-json\/wp\/v2\/media\/165641"}],"wp:attachment":[{"href":"http:\/\/cordobainforma.info\/index.php\/wp-json\/wp\/v2\/media?parent=165640"}],"wp:term":[{"taxonomy":"category","embeddable":true,"href":"http:\/\/cordobainforma.info\/index.php\/wp-json\/wp\/v2\/categories?post=165640"},{"taxonomy":"post_tag","embeddable":true,"href":"http:\/\/cordobainforma.info\/index.php\/wp-json\/wp\/v2\/tags?post=165640"}],"curies":[{"name":"wp","href":"https:\/\/api.w.org\/{rel}","templated":true}]}}