{"id":165634,"date":"2025-08-22T11:40:58","date_gmt":"2025-08-22T11:40:58","guid":{"rendered":"https:\/\/www.mujerhoy.com\/moda\/no-te-pierdas\/top-punto-tendencia-elevar-look-20250822090121-nt.html"},"modified":"2025-08-22T11:40:58","modified_gmt":"2025-08-22T11:40:58","slug":"este-verano-solo-necesitas-un-top-de-punto-para-elevar-todos-tus-looks","status":"publish","type":"post","link":"http:\/\/cordobainforma.info\/index.php\/2025\/08\/22\/este-verano-solo-necesitas-un-top-de-punto-para-elevar-todos-tus-looks\/","title":{"rendered":"Este verano solo necesitas un top de punto para elevar todos tus looks"},"content":{"rendered":"<div class=\"media_block\"><\/div>\n<p><!-- AUTHOR --><\/p>\n<div class=\"voc-author-timesocial \">\n<!-- AUTHOR --><\/p>\n<div class=\"voc-author-timesocial__signature \">\n<!-- IMAGE AUTHOR -->\n<picture class=\"voc-image-signature\">\n<img class=\"voc-image-signature__img\" src=\"http:\/\/cordobainforma.info\/wp-content\/uploads\/2025\/08\/este-verano-solo-necesitas-un-top-de-punto-para-elevar-todos-tus-looks.jpg\" alt=\"Gemma Cano\">\n<\/picture>\n<!-- INFO AUTHOR --><\/p>\n<div class=\"voc-author-timesocial__info\" data-mrf-recirculation=\"Autor\">\n<div class=\"voc-author-info\">\n<author><br \/>\n<a class=\"voc-author\" href=\"https:\/\/www.mujerhoy.com\/autor\/gemma-cano-1220.html\">Gemma Cano<\/a><br \/>\n<\/author><br \/>\n<!-- TIME --><br \/>\n<time datetime=\"2025-08-22T11:40:58Z\" data-timestamp><br \/>\nPublicado \u00b7 <span data-voc-date-modified-short> 22 de agosto de 2025, 13:40 h <\/span><br \/>\n<\/time>\n<\/div>\n<\/div>\n<\/div><\/div>\n<p><!-- COMPONENTS --><\/p>\n<p class=\"voc-paragraph\">Aunque oficialmente no ha comenzado el verano, las altas temperaturas nos invitan a so\u00f1ar con los d\u00edas de vacaciones. Esa etapa del a\u00f1o en la que podemos lucir&nbsp;mil y un looks frescos y c\u00f3modos. Y el top de punto es <strong>la prenda que siempre llega al rescate en cuando el mercurio se dispara<\/strong>. <\/p>\n<p class=\"voc-paragraph\">Una buena prenda de punto puede transformar por completo cualquier look. Tanto si se trata de un estilismo de oficina, como de una propuesta m\u00e1s relajada, el punto, en su versi\u00f3n m\u00e1s ligera, es la tendencia m\u00e1s vers\u00e1til que podemos tener en nuestro armario de verano. <\/p>\n<div class=\"v-c-cmp v-c-cmp--t1 \">\n<div class=\"v-cmp-rld v-cmp-rld--2 \">\n<div class=\"v-cnt-m v-cnt-m--m\">\n<div class=\"v-cnt-m__c\">\n<div class=\"v-cnt-m__w v-cnt-m__w--1\">\n<p class=\"v-cnt-m__t\">\nTAMBI\u00c9N TE INTERESA\n<\/p>\n<\/div>\n<\/div>\n<\/div>\n<div class=\"v-g v-g--2-c v-g--bdr-min-xs\">\n<div class=\"v-g__c \">\n<article class=\"v-a v-a--cmp-rld v-a--cmp-rld-2 v-a--p-l\">\n<div class=\"v-a-img-c\">\n<figure class=\"v-a-fig\">\n<a href=\"https:\/\/www.mujerhoy.com\/moda\/tendencias\/vaqueros-tipazo-blancos-basicos-verano-20250604133552-nt.html#vtm_modulosEngag=mod-rel:moda:noticia:1:cmp:2-not\" class=\"v-a-link\" title=\"El pantal\u00f3n blanco es el b\u00e1sico imbatible que tienes que tener este verano\"><br \/>\n<img loading=\"lazy\" class=\"v-a-img\" src=\"http:\/\/cordobainforma.info\/wp-content\/uploads\/2025\/08\/este-verano-solo-necesitas-un-top-de-punto-para-elevar-todos-tus-looks-1.jpg\" alt=\"El pantal\u00f3n blanco es el b\u00e1sico imbatible que tienes que tener este verano\"><br \/>\n<\/a><br \/>\n<\/figure>\n<\/div>\n<\/article>\n<\/div>\n<div class=\"v-g__c \">\n<article class=\"v-a v-a--cmp-rld v-a--cmp-rld-2 v-a--p-l\">\n<div class=\"v-a-img-c\">\n<figure class=\"v-a-fig\">\n<a href=\"https:\/\/www.mujerhoy.com\/moda\/no-te-pierdas\/nuevo-camisa-blanca-instagram-zara-2025-20250531115647-nt.html#vtm_modulosEngag=mod-rel:moda:noticia:2:cmp:2-not\" class=\"v-a-link\" title=\"As\u00ed son, y as\u00ed se llevan esta temporada, las camisas y blusas de rayas\"><br \/>\n<img loading=\"lazy\" class=\"v-a-img\" src=\"http:\/\/cordobainforma.info\/wp-content\/uploads\/2025\/08\/este-verano-solo-necesitas-un-top-de-punto-para-elevar-todos-tus-looks-2.jpg\" alt=\"As\u00ed son, y as\u00ed se llevan esta temporada, las camisas y blusas de rayas\"><br \/>\n<\/a><br \/>\n<\/figure>\n<\/div>\n<\/article>\n<\/div>\n<\/div>\n<\/div>\n<\/div>\n<p class=\"voc-paragraph\">Ahora bien, \u00bfen qu\u00e9 tops deber\u00edamos invertir este verano? \u00bfY c\u00f3mo podemos dar un nuevo giro a nuestras prendas de punto justo a tiempo para preparar la maleta de vacaciones? Hemos seleccionado <a href=\"https:\/\/www.mujerhoy.com\/moda\/no-te-pierdas\/vestido-midi-nuevo-basicos-baratos-zara-20250602172032-nt.html\" data-voc-vtm-id=\"in-text-traffic\" title=\"las mejores propuestas del momento\" data-mrf-link=\"www.mujerhoy.com\">las mejores propuestas del momento<\/a>, que acaban de llegar a tienda.<\/p>\n<p class=\"voc-paragraph\">Nosotras tampoco nos cansamos de la peque\u00f1a y ajustada chaquetita de la abuela. Es f\u00e1cil entender por qu\u00e9: a diferencia de las chaquetas grandes, la rebeca es sexy y recatada a la vez. Adem\u00e1s, es apta tanto para las temperaturas suaves como para las fr\u00edas: puedes llevarla como capa extra bajo el abrigo o a cuerpo cuando hace m\u00e1s calor. \u00a1Viva la rebequita!<\/p>\n<p class=\"voc-paragraph\"><strong>Esta temporada los tops de punto vienen pisando fuerte<\/strong>. Una prenda apta tanto para las temperaturas m\u00e1s altas como para las m\u00e1s templadas. Y las&nbsp;colecciones de verano est\u00e1n de nuestro lado porque llegan cargadas de propuestas que adelantan que las vacaciones est\u00e1n realmente cerca. <\/p>\n<p class=\"voc-paragraph\">Y con esa idea en la cabeza, la de hacer la maleta de vacaciones perfecta, podemos ir a\u00f1adiendo este tipo de prendas a nuestra <a href=\"https:\/\/www.mujerhoy.com\/moda\/no-te-pierdas\/vestidos-verdes-bonitos-verano-nueva-coleccion-20250601123601-nt.html\" data-voc-vtm-id=\"in-text-traffic\" title=\"lista de deseos\" data-mrf-link=\"www.mujerhoy.com\">lista de deseos<\/a>. Si echamos un vistazo a nuestras tiendas de cabecera, desde Zara a Mango, descubriremos mil y unas acciones totalmente infalibles. <\/p>\n<p class=\"voc-paragraph\">Y para ayudarte en esta b\u00fasqueda del top de punto perfecto,&nbsp;<strong>hemos escogido algunas de las propuestas m\u00e1s bonitas&nbsp;y vers\u00e1tiles<\/strong> de las colecciones de verano que acaban de llegar a las tiendas. \u00a1Lo dif\u00edcil ser\u00e1 elegir solo uno!<\/p>\n<div class=\"v-c-cmp v-c-cmp--s\">\n<div class=\"v-cmp-m \">\n<article class=\"v-a v-a--cmp-m v-c-cmp--m-z\">\n<div class=\"v-a-img-c \">\n<div class=\"v-a-fig\">\n<button class=\"v-a-link\" popovertarget=\"photo-49\"><br \/>\n<img loading=\"lazy\" src=\"http:\/\/cordobainforma.info\/wp-content\/uploads\/2025\/08\/este-verano-solo-necesitas-un-top-de-punto-para-elevar-todos-tus-looks-3.jpg\" class=\"v-a-img\" width=\"650\" height=\"650\" alt data-voc-vtm-id=\"in-text-traffic\"> <\/button>\n<\/div>\n<\/div>\n<div id=\"photo-49\" popover class=\"v-mdl v-mdl--fw\">\n<button class=\"v-x\" popovertarget=\"photo-49\" popovertargetaction=\"hide\"><br \/>\n<span class=\"v-i\"><br \/>\n<svg width=\"24\" height=\"23.996\" viewBox=\"0 0 24 23.996\">\n<path data-name=\"Uni\u00f3n 29\" d=\"M12,14.03,2.031,24,0,21.963,9.968,12,0,2.033,2.031,0,12,9.966,21.969,0,24,2.033,14.032,12,24,21.963,21.969,24Z\" \/>\n<\/svg><br \/>\n<\/span><br \/>\n<\/button><\/p>\n<div class=\"v-mdl__c\">\n<div class=\"v-mdl__w\">\n<img loading=\"lazy\" src=\"http:\/\/cordobainforma.info\/wp-content\/uploads\/2025\/08\/este-verano-solo-necesitas-un-top-de-punto-para-elevar-todos-tus-looks-3.jpg\" class=\"v-mdl__img-z\" width=\"650\" height=\"650\" alt>\n<\/div>\n<\/div>\n<\/div>\n<p><span class=\"v-bdp\"><\/span><br \/>\n<\/article>\n<\/div>\n<\/div>\n<p><h3 class=\"v-cmp-suh\">\nTop azul de punto de Zara (19,99 euros)<br \/>\n<\/h3>\n<\/p>\n<p class=\"voc-paragraph\">Las secciones de novedades de las firmas de Inditex llegan cargadas de prendas de punto tan bonitas como este dise\u00f1o de color azul. Un b\u00e1sico que llevar\u00e1s sin parar los pr\u00f3ximos meses. <\/p>\n<div class=\"v-c-cmp v-c-cmp--s\">\n<div class=\"v-cmp-m \">\n<article class=\"v-a v-a--cmp-m v-c-cmp--m-z\">\n<div class=\"v-a-img-c \">\n<div class=\"v-a-fig\">\n<button class=\"v-a-link\" popovertarget=\"photo-825\"><br \/>\n<img loading=\"lazy\" src=\"http:\/\/cordobainforma.info\/wp-content\/uploads\/2025\/08\/este-verano-solo-necesitas-un-top-de-punto-para-elevar-todos-tus-looks-4.jpg\" class=\"v-a-img\" width=\"650\" height=\"650\" alt data-voc-vtm-id=\"in-text-traffic\"> <\/button>\n<\/div>\n<\/div>\n<div id=\"photo-825\" popover class=\"v-mdl v-mdl--fw\">\n<button class=\"v-x\" popovertarget=\"photo-825\" popovertargetaction=\"hide\"><br \/>\n<span class=\"v-i\"><br \/>\n<svg width=\"24\" height=\"23.996\" viewBox=\"0 0 24 23.996\">\n<path data-name=\"Uni\u00f3n 29\" d=\"M12,14.03,2.031,24,0,21.963,9.968,12,0,2.033,2.031,0,12,9.966,21.969,0,24,2.033,14.032,12,24,21.963,21.969,24Z\" \/>\n<\/svg><br \/>\n<\/span><br \/>\n<\/button><\/p>\n<div class=\"v-mdl__c\">\n<div class=\"v-mdl__w\">\n<img loading=\"lazy\" src=\"http:\/\/cordobainforma.info\/wp-content\/uploads\/2025\/08\/este-verano-solo-necesitas-un-top-de-punto-para-elevar-todos-tus-looks-4.jpg\" class=\"v-mdl__img-z\" width=\"650\" height=\"650\" alt>\n<\/div>\n<\/div>\n<\/div>\n<p><span class=\"v-bdp\"><\/span><br \/>\n<\/article>\n<\/div>\n<\/div>\n<p><h3 class=\"v-cmp-suh\">\nTop de punto de Zara (22,99 euros)<br \/>\n<\/h3>\n<\/p>\n<p class=\"voc-paragraph\">\u00a1Ahora s\u00ed que s\u00ed! Ha llegado el momento de comenzar a descubrir las primeras prendas de cara a los d\u00edas m\u00e1s c\u00e1lidos del a\u00f1o. Este top sin mangas, que combina el blanco y el negro con detalles dorados, es uno de nuestros favoritos.<\/p>\n<div class=\"v-c-cmp v-c-cmp--s\">\n<div class=\"v-cmp-m \">\n<article class=\"v-a v-a--cmp-m v-c-cmp--m-z\">\n<div class=\"v-a-img-c \">\n<div class=\"v-a-fig\">\n<button class=\"v-a-link\" popovertarget=\"photo-524\"><br \/>\n<img loading=\"lazy\" src=\"http:\/\/cordobainforma.info\/wp-content\/uploads\/2025\/08\/este-verano-solo-necesitas-un-top-de-punto-para-elevar-todos-tus-looks-5.jpg\" class=\"v-a-img\" width=\"650\" height=\"650\" alt data-voc-vtm-id=\"in-text-traffic\"> <\/button>\n<\/div>\n<\/div>\n<div id=\"photo-524\" popover class=\"v-mdl v-mdl--fw\">\n<button class=\"v-x\" popovertarget=\"photo-524\" popovertargetaction=\"hide\"><br \/>\n<span class=\"v-i\"><br \/>\n<svg width=\"24\" height=\"23.996\" viewBox=\"0 0 24 23.996\">\n<path data-name=\"Uni\u00f3n 29\" d=\"M12,14.03,2.031,24,0,21.963,9.968,12,0,2.033,2.031,0,12,9.966,21.969,0,24,2.033,14.032,12,24,21.963,21.969,24Z\" \/>\n<\/svg><br \/>\n<\/span><br \/>\n<\/button><\/p>\n<div class=\"v-mdl__c\">\n<div class=\"v-mdl__w\">\n<img loading=\"lazy\" src=\"http:\/\/cordobainforma.info\/wp-content\/uploads\/2025\/08\/este-verano-solo-necesitas-un-top-de-punto-para-elevar-todos-tus-looks-5.jpg\" class=\"v-mdl__img-z\" width=\"650\" height=\"650\" alt>\n<\/div>\n<\/div>\n<\/div>\n<p><span class=\"v-bdp\"><\/span><br \/>\n<\/article>\n<\/div>\n<\/div>\n<p><h3 class=\"v-cmp-suh\">\nTop rojo de Mango (19,99 euros)<br \/>\n<\/h3>\n<\/p>\n<p class=\"voc-paragraph\">Este tipo de prendas de punto son una apuesta segura para cualquier look de verano. Apuesta por el color rojo para conseguir el mejor look del momento. Esta propuesta tiene todo lo que necesitas. <\/p>\n<div class=\"v-c-cmp v-c-cmp--t1 \">\n<div class=\"v-cmp-rld v-cmp-rld--2 \">\n<div class=\"v-cnt-m v-cnt-m--m\">\n<div class=\"v-cnt-m__c\">\n<div class=\"v-cnt-m__w v-cnt-m__w--1\">\n<p class=\"v-cnt-m__t\">\nTAMBI\u00c9N TE INTERESA\n<\/p>\n<\/div>\n<\/div>\n<\/div>\n<div class=\"v-g v-g--2-c v-g--bdr-min-xs\">\n<div class=\"v-g__c \">\n<article class=\"v-a v-a--cmp-rld v-a--cmp-rld-2 v-a--p-l\">\n<div class=\"v-a-img-c\">\n<figure class=\"v-a-fig\">\n<a href=\"https:\/\/www.mujerhoy.com\/moda\/no-te-pierdas\/vestidos-noche-zara-verano-20250607075307-nt.html#vtm_modulosEngag=mod-rel:moda:noticia:1:cmp:2-not\" class=\"v-a-link\" title=\"Aqu\u00ed est\u00e1n los vestidos de noche m\u00e1s especiales de la nueva temporada\"><br \/>\n<img loading=\"lazy\" class=\"v-a-img\" src=\"http:\/\/cordobainforma.info\/wp-content\/uploads\/2025\/08\/este-verano-solo-necesitas-un-top-de-punto-para-elevar-todos-tus-looks-6.jpg\" alt=\"Aqu\u00ed est\u00e1n los vestidos de noche m\u00e1s especiales de la nueva temporada\"><br \/>\n<\/a><br \/>\n<\/figure>\n<\/div>\n<\/article>\n<\/div>\n<div class=\"v-g__c \">\n<article class=\"v-a v-a--cmp-rld v-a--cmp-rld-2 v-a--p-l\">\n<div class=\"v-a-img-c\">\n<figure class=\"v-a-fig\">\n<a href=\"https:\/\/www.mujerhoy.com\/moda\/tendencias\/prenda-fiesta-verano-zara-20250601124044-nt.html#vtm_modulosEngag=mod-rel:moda:noticia:2:cmp:2-not\" class=\"v-a-link\" title=\"Esta es la prenda de fiesta que arrasar\u00e1 durante los pr\u00f3ximos meses de primavera-verano\"><br \/>\n<img loading=\"lazy\" class=\"v-a-img\" src=\"http:\/\/cordobainforma.info\/wp-content\/uploads\/2025\/08\/este-verano-solo-necesitas-un-top-de-punto-para-elevar-todos-tus-looks-7.jpg\" alt=\"Esta es la prenda de fiesta que arrasar\u00e1 durante los pr\u00f3ximos meses de primavera-verano\"><br \/>\n<\/a><br \/>\n<\/figure>\n<\/div>\n<\/article>\n<\/div>\n<\/div>\n<\/div>\n<\/div>\n","protected":false},"excerpt":{"rendered":"<p>Gemma Cano Publicado \u00b7 22 de agosto de 2025, 13:40 h Aunque oficialmente no ha comenzado el verano, las altas temperaturas nos invitan a so\u00f1ar con los d\u00edas de vacaciones. Esa etapa del a\u00f1o en la que podemos lucir&nbsp;mil y un looks frescos y c\u00f3modos. Y el top de punto es la prenda que siempre [&hellip;]<\/p>\n","protected":false},"author":1,"featured_media":165635,"comment_status":"closed","ping_status":"closed","sticky":false,"template":"","format":"standard","meta":[],"categories":[24],"tags":[],"_links":{"self":[{"href":"http:\/\/cordobainforma.info\/index.php\/wp-json\/wp\/v2\/posts\/165634"}],"collection":[{"href":"http:\/\/cordobainforma.info\/index.php\/wp-json\/wp\/v2\/posts"}],"about":[{"href":"http:\/\/cordobainforma.info\/index.php\/wp-json\/wp\/v2\/types\/post"}],"author":[{"embeddable":true,"href":"http:\/\/cordobainforma.info\/index.php\/wp-json\/wp\/v2\/users\/1"}],"replies":[{"embeddable":true,"href":"http:\/\/cordobainforma.info\/index.php\/wp-json\/wp\/v2\/comments?post=165634"}],"version-history":[{"count":0,"href":"http:\/\/cordobainforma.info\/index.php\/wp-json\/wp\/v2\/posts\/165634\/revisions"}],"wp:featuredmedia":[{"embeddable":true,"href":"http:\/\/cordobainforma.info\/index.php\/wp-json\/wp\/v2\/media\/165635"}],"wp:attachment":[{"href":"http:\/\/cordobainforma.info\/index.php\/wp-json\/wp\/v2\/media?parent=165634"}],"wp:term":[{"taxonomy":"category","embeddable":true,"href":"http:\/\/cordobainforma.info\/index.php\/wp-json\/wp\/v2\/categories?post=165634"},{"taxonomy":"post_tag","embeddable":true,"href":"http:\/\/cordobainforma.info\/index.php\/wp-json\/wp\/v2\/tags?post=165634"}],"curies":[{"name":"wp","href":"https:\/\/api.w.org\/{rel}","templated":true}]}}