{"id":165625,"date":"2025-08-22T11:35:34","date_gmt":"2025-08-22T11:35:34","guid":{"rendered":"https:\/\/cordobainforma.info\/index.php\/2025\/08\/22\/corrientes-gustavo-valdes-anuncio-el-cronograma-de-pago-de-sueldos-de-agosto-con-un-aumento-del-12\/"},"modified":"2025-08-22T11:35:34","modified_gmt":"2025-08-22T11:35:34","slug":"corrientes-gustavo-valdes-anuncio-el-cronograma-de-pago-de-sueldos-de-agosto-con-un-aumento-del-12","status":"publish","type":"post","link":"http:\/\/cordobainforma.info\/index.php\/2025\/08\/22\/corrientes-gustavo-valdes-anuncio-el-cronograma-de-pago-de-sueldos-de-agosto-con-un-aumento-del-12\/","title":{"rendered":"Corrientes: Gustavo Vald\u00e9s anunci\u00f3 el cronograma de pago de sueldos de agosto con un aumento del 12%"},"content":{"rendered":"<div class=\"media_block\"><\/div>\n<div><img src=\"http:\/\/cordobainforma.info\/wp-content\/uploads\/2025\/08\/corrientes-gustavo-valdes-anuncio-el-cronograma-de-pago-de-sueldos-de-agosto-con-un-aumento-del-12.jpg\" class=\"ff-og-image-inserted\"><\/div>\n<p>El gobernador de Corrientes, <strong>Gustavo Vald\u00e9s,<\/strong> dio a conocer a trav\u00e9s de sus redes sociales el cronograma de pago de haberes del mes de agosto, que incluye una nueva recomposici\u00f3n salarial para los agentes de la administraci\u00f3n p\u00fablica provincial.<\/p>\n<p>El pago de sueldos se realizar\u00e1 desde este lunes 25 hasta el viernes 29 y el aumento, que impactar\u00e1 tambi\u00e9n en los jubilados y pensionados, ser\u00e1 del <strong>12%<\/strong>.<\/p>\n<p class=\"destacadoNota\"><a target=\"_blank\" href=\"https:\/\/www.perfil.com\/noticias\/nea\/un-documento-revelo-que-valdes-solicito-45-mil-millones-al-banco-de-corrientes-para-pagar-salarios.phtml\" rel=\"noopener noreferrer\"><strong>Un documento revel\u00f3 que Vald\u00e9s solicit\u00f3 $45 mil millones al Banco de Corrientes para pagar salarios<\/strong><\/a><\/p>\n<p>Con esta nueva recomposici\u00f3n salarial, la tercera del a\u00f1o, la Provincia alcanza, entre enero y agosto, una variaci\u00f3n salarial del <strong>37%<\/strong> en el cargo testigo.<\/p>\n<p>En comparaci\u00f3n con la inflaci\u00f3n acumulada en el mismo per\u00edodo, que se estima en un <strong>20%<\/strong>, el Gobierno de <strong>Corrientes<\/strong> asegur\u00f3 que la decisi\u00f3n logra una recuperaci\u00f3n real del ingreso salarial mensual acumulado en el orden del <strong>17%<\/strong>.<\/p>\n<h2><strong>Cronograma de pago de salarios de agosto<\/strong><\/h2>\n<p>El cronograma de liquidaci\u00f3n de haberes se llevar\u00e1 a cabo por terminaci\u00f3n de Documento Nacional de Identidad (DNI).<\/p>\n<ul readability=\"3\">\n<li readability=\"0\">\n<p><strong>Lunes 25 de agosto:<\/strong> perciben los agentes con DNI terminados en <strong>0 y 1<\/strong>. Este tramo estar\u00e1 disponible desde el s\u00e1bado 23 en los cajeros autom\u00e1ticos del Banco de Corrientes.<\/p>\n<\/li>\n<li readability=\"-1\">\n<p><strong>Martes 26 de agosto:<\/strong> cobran los documentos terminados en <strong>2 y 3<\/strong>.<\/p>\n<\/li>\n<li readability=\"-1\">\n<p><strong>Mi\u00e9rcoles 27 de agosto:<\/strong> perciben los DNI finalizados en <strong>4 y 5<\/strong>.<\/p>\n<\/li>\n<li readability=\"-1\">\n<p><strong>Jueves 28 de agosto:<\/strong> cobran los documentos terminados en <strong>6 y 7<\/strong>.<\/p>\n<\/li>\n<li readability=\"0\">\n<p><strong>Viernes 29 de agosto:<\/strong> el pago de sueldos de agosto finaliza con los agentes con DNI terminados en <strong>8 y 9<\/strong>.<\/p>\n<\/li>\n<\/ul>\n<div class=\"article__tags\">\n<p>En esta Nota<\/p>\n<\/p><\/div>\n","protected":false},"excerpt":{"rendered":"<p>El gobernador de Corrientes, Gustavo Vald\u00e9s, dio a conocer a trav\u00e9s de sus redes sociales el cronograma de pago de haberes del mes de agosto, que incluye una nueva recomposici\u00f3n salarial para los agentes de la administraci\u00f3n p\u00fablica provincial. El pago de sueldos se realizar\u00e1 desde este lunes 25 hasta el viernes 29 y el [&hellip;]<\/p>\n","protected":false},"author":1,"featured_media":165626,"comment_status":"closed","ping_status":"closed","sticky":false,"template":"","format":"standard","meta":[],"categories":[2],"tags":[],"_links":{"self":[{"href":"http:\/\/cordobainforma.info\/index.php\/wp-json\/wp\/v2\/posts\/165625"}],"collection":[{"href":"http:\/\/cordobainforma.info\/index.php\/wp-json\/wp\/v2\/posts"}],"about":[{"href":"http:\/\/cordobainforma.info\/index.php\/wp-json\/wp\/v2\/types\/post"}],"author":[{"embeddable":true,"href":"http:\/\/cordobainforma.info\/index.php\/wp-json\/wp\/v2\/users\/1"}],"replies":[{"embeddable":true,"href":"http:\/\/cordobainforma.info\/index.php\/wp-json\/wp\/v2\/comments?post=165625"}],"version-history":[{"count":0,"href":"http:\/\/cordobainforma.info\/index.php\/wp-json\/wp\/v2\/posts\/165625\/revisions"}],"wp:featuredmedia":[{"embeddable":true,"href":"http:\/\/cordobainforma.info\/index.php\/wp-json\/wp\/v2\/media\/165626"}],"wp:attachment":[{"href":"http:\/\/cordobainforma.info\/index.php\/wp-json\/wp\/v2\/media?parent=165625"}],"wp:term":[{"taxonomy":"category","embeddable":true,"href":"http:\/\/cordobainforma.info\/index.php\/wp-json\/wp\/v2\/categories?post=165625"},{"taxonomy":"post_tag","embeddable":true,"href":"http:\/\/cordobainforma.info\/index.php\/wp-json\/wp\/v2\/tags?post=165625"}],"curies":[{"name":"wp","href":"https:\/\/api.w.org\/{rel}","templated":true}]}}