{"id":165623,"date":"2025-08-21T20:15:03","date_gmt":"2025-08-21T20:15:03","guid":{"rendered":"https:\/\/cordoba.gob.ar\/?p=80353"},"modified":"2025-08-21T20:15:03","modified_gmt":"2025-08-21T20:15:03","slug":"nueva-convocatoria-al-programa-de-incubacion-para-emprendimientos-y-pymes-cordobesas","status":"publish","type":"post","link":"http:\/\/cordobainforma.info\/index.php\/2025\/08\/21\/nueva-convocatoria-al-programa-de-incubacion-para-emprendimientos-y-pymes-cordobesas\/","title":{"rendered":"Nueva convocatoria al Programa de Incubaci\u00f3n para emprendimientos y PyMEs cordobesas"},"content":{"rendered":"<div><img src=\"http:\/\/cordobainforma.info\/wp-content\/uploads\/2025\/08\/nueva-convocatoria-al-programa-de-incubacion-para-emprendimientos-y-pymes-cordobesas.jpg\" class=\"ff-og-image-inserted\"><\/div>\n<ul>\n<li data-prosemirror-content-type=\"node\" data-prosemirror-node-name=\"paragraph\" data-prosemirror-node-block=\"true\"><strong data-prosemirror-content-type=\"mark\" data-prosemirror-mark-name=\"strong\">Entrenamiento de tres meses sin costo, con el fin de acompa\u00f1ar la creaci\u00f3n de sus estrategias de competitividad y crecimiento.<\/strong><\/li>\n<li data-prosemirror-content-type=\"node\" data-prosemirror-node-name=\"paragraph\" data-prosemirror-node-block=\"true\"><strong data-prosemirror-content-type=\"mark\" data-prosemirror-mark-name=\"strong\">La iniciativa pertenece al Club de Emprendedores.<\/strong><\/li>\n<\/ul>\n<hr>\n<p data-prosemirror-content-type=\"node\" data-prosemirror-node-name=\"paragraph\" data-prosemirror-node-block=\"true\">Hasta el 28 de agosto inclusive se encuentra abierta la convocatoria para la 7\u00b0 edici\u00f3n del Programa de Incubaci\u00f3n del Club de Emprendedores de la Secretaria de Ciudad Inteligente y Transformaci\u00f3n Digital. El entrenamiento est\u00e1 destinado a PyMEs o emprendimientos locales que quieran desarrollar y hacer crecer su modelo de negocio.<\/p>\n<p data-prosemirror-content-type=\"node\" data-prosemirror-node-name=\"paragraph\" data-prosemirror-node-block=\"true\">Durante 3 meses podr\u00e1n acceder a diversas herramientas y al acompa\u00f1amiento necesario de expertos para validar su mercado potencial, definir y estructurar el modelo de negocio, identificar oportunidades de crecimiento comercial,&nbsp; incorporar herramientas de inteligencia artificial y armar su estrategia financiera.<\/p>\n<p data-prosemirror-content-type=\"node\" data-prosemirror-node-name=\"paragraph\" data-prosemirror-node-block=\"true\">Adem\u00e1s, ser\u00e1n parte de jornadas de asistencia t\u00e9cnica en \u00e1reas particulares de su emprendimiento junto a profesionales de incubadoras y \u00e1reas de extensi\u00f3n de universidades cordobesas. Podr\u00e1n presentar su emprendimiento en distintas rondas de DemoDay (Jornadas de presentaciones efectivas) y vinculaci\u00f3n con otros actores locales, entre otras acciones.<\/p>\n<p data-prosemirror-content-type=\"node\" data-prosemirror-node-name=\"paragraph\" data-prosemirror-node-block=\"true\">El programa es sin costo y est\u00e1 dirigido espec\u00edficamente a emprendimientos o PyMEs de productos o servicios que se encuentren funcionando hace un a\u00f1o o m\u00e1s, que tengan un equipo de trabajo y se encuentren en la ciudad de C\u00f3rdoba.<\/p>\n<p data-prosemirror-content-type=\"node\" data-prosemirror-node-name=\"paragraph\" data-prosemirror-node-block=\"true\">Los interesados pueden postularse en el <a href=\"https:\/\/docs.google.com\/forms\/d\/e\/1FAIpQLSfJMrpAE7zTSb07muFdGfC56ZjOKLcN2Z4iMz4sAAgtMilbJw\/viewform?pli=1\" data-prosemirror-content-type=\"mark\" data-prosemirror-mark-name=\"link\"><strong data-prosemirror-content-type=\"mark\" data-prosemirror-mark-name=\"strong\">siguiente link<\/strong><\/a>. Quienes apliquen, deben contar con disponibilidad de participar en los encuentros semanales de 2 horas de duraci\u00f3n, los d\u00edas jueves a las 16.30 horas, en el Club de Emprendedores (Caseros 356).<\/p>\n<p data-prosemirror-content-type=\"node\" data-prosemirror-node-name=\"paragraph\" data-prosemirror-node-block=\"true\"><strong data-prosemirror-content-type=\"mark\" data-prosemirror-mark-name=\"strong\">\u00bfPor qu\u00e9 es importante incubar emprendimientos?<\/strong><\/p>\n<p data-prosemirror-content-type=\"node\" data-prosemirror-node-name=\"paragraph\" data-prosemirror-node-block=\"true\">Actualmente, los emprendimientos no logran superar los dos a\u00f1os de vida. Este plazo incluso se acorta cuando existen contextos econ\u00f3micos complejos e inestables. Es el gran desaf\u00edo al que se enfrentan los emprendedores al iniciar un negocio. Seg\u00fan datos del Global Entrepreneurship Monitor (GEM), el 80% de los emprendimientos en el pa\u00eds no traspasa los dos a\u00f1os de vida y solo un 30% llega a los 8 a\u00f1os.<\/p>\n<p data-prosemirror-content-type=\"node\" data-prosemirror-node-name=\"paragraph\" data-prosemirror-node-block=\"true\"><em data-prosemirror-content-type=\"mark\" data-prosemirror-mark-name=\"em\">\u201cNos encontramos en un contexto regional y global muy din\u00e1mico que d\u00eda a d\u00eda desaf\u00eda los modelos de gesti\u00f3n y operaciones de los emprendedores. Existe una gran necesidad de aprendizaje constante y creaci\u00f3n de redes colaborativas para mantenerse competitivos. Este programa, que con mucho esfuerzo desarrollamos desde el municipio junto a incubadoras y universidades, fortalece a los emprendimientos locales y los impulsa a crecer y ser fuente de empleo genuino\u201d,<\/em> destac\u00f3 Alejandro Rodr\u00edguez, Director del Club de Emprendedores.<\/p>\n<p data-prosemirror-content-type=\"node\" data-prosemirror-node-name=\"paragraph\" data-prosemirror-node-block=\"true\">Actualmente son m\u00e1s de 300 los emprendimientos cordobeses que se potenciaron en este programa y quienes indicaron un 95% de satisfacci\u00f3n con el apoyo recibido.<\/p>\n<p data-prosemirror-content-type=\"node\" data-prosemirror-node-name=\"paragraph\" data-prosemirror-node-block=\"true\">El Programa de Incubaci\u00f3n es posible gracias al acompa\u00f1amiento de Secretar\u00eda de Innovaci\u00f3n Y Vinculaci\u00f3n Tecnol\u00f3gica de la UNC; Centro And\u00e9n de la UTN; Universidad Siglo 21; Centro De Emprendedorismo e Innovaci\u00f3n de la UCC; Doing Labs Universidad Blas PascaL; UNDEF (Universidad de la Defensa Nacional); Fundaci\u00f3n Global Shapers C\u00f3rdoba; FIDE Incubadora de Empresas; Fundaci\u00f3n E+E; Fundaci\u00f3n Gen E; Technology with Purpose Fundation;&nbsp; Remax; Banco de C\u00f3rdoba y Ecosistema Emprendedor de C\u00f3rdoba.<\/p>\n","protected":false},"excerpt":{"rendered":"<p>Entrenamiento de tres meses sin costo, con el fin de acompa\u00f1ar la creaci\u00f3n de sus estrategias de competitividad y crecimiento. La iniciativa pertenece al Club de Emprendedores. Hasta el 28 de agosto inclusive se encuentra abierta la convocatoria para la 7\u00b0 edici\u00f3n del Programa de Incubaci\u00f3n del Club de Emprendedores de la Secretaria de Ciudad [&hellip;]<\/p>\n","protected":false},"author":1,"featured_media":165624,"comment_status":"closed","ping_status":"closed","sticky":false,"template":"","format":"standard","meta":[],"categories":[2],"tags":[],"_links":{"self":[{"href":"http:\/\/cordobainforma.info\/index.php\/wp-json\/wp\/v2\/posts\/165623"}],"collection":[{"href":"http:\/\/cordobainforma.info\/index.php\/wp-json\/wp\/v2\/posts"}],"about":[{"href":"http:\/\/cordobainforma.info\/index.php\/wp-json\/wp\/v2\/types\/post"}],"author":[{"embeddable":true,"href":"http:\/\/cordobainforma.info\/index.php\/wp-json\/wp\/v2\/users\/1"}],"replies":[{"embeddable":true,"href":"http:\/\/cordobainforma.info\/index.php\/wp-json\/wp\/v2\/comments?post=165623"}],"version-history":[{"count":0,"href":"http:\/\/cordobainforma.info\/index.php\/wp-json\/wp\/v2\/posts\/165623\/revisions"}],"wp:featuredmedia":[{"embeddable":true,"href":"http:\/\/cordobainforma.info\/index.php\/wp-json\/wp\/v2\/media\/165624"}],"wp:attachment":[{"href":"http:\/\/cordobainforma.info\/index.php\/wp-json\/wp\/v2\/media?parent=165623"}],"wp:term":[{"taxonomy":"category","embeddable":true,"href":"http:\/\/cordobainforma.info\/index.php\/wp-json\/wp\/v2\/categories?post=165623"},{"taxonomy":"post_tag","embeddable":true,"href":"http:\/\/cordobainforma.info\/index.php\/wp-json\/wp\/v2\/tags?post=165623"}],"curies":[{"name":"wp","href":"https:\/\/api.w.org\/{rel}","templated":true}]}}