{"id":165621,"date":"2025-08-21T21:21:02","date_gmt":"2025-08-21T21:21:02","guid":{"rendered":"https:\/\/cordoba.gob.ar\/?p=80397"},"modified":"2025-08-21T21:21:02","modified_gmt":"2025-08-21T21:21:02","slug":"el-coro-de-los-ninos-cantores-en-el-teatro-comedia-antes-de-actuar-en-europa","status":"publish","type":"post","link":"http:\/\/cordobainforma.info\/index.php\/2025\/08\/21\/el-coro-de-los-ninos-cantores-en-el-teatro-comedia-antes-de-actuar-en-europa\/","title":{"rendered":"El Coro de los Ni\u00f1os Cantores en el Teatro Comedia antes de actuar en Europa"},"content":{"rendered":"<div><img src=\"http:\/\/cordobainforma.info\/wp-content\/uploads\/2025\/08\/el-coro-de-los-ninos-cantores-en-el-teatro-comedia-antes-de-actuar-en-europa.jpg\" class=\"ff-og-image-inserted\"><\/div>\n<ul>\n<li data-prosemirror-content-type=\"node\" data-prosemirror-node-name=\"paragraph\" data-prosemirror-node-block=\"true\"><strong>Este domingo, a las 19:00, presentan el concierto \u201cVoces en Traves\u00eda\u201d.<\/strong><\/li>\n<li data-prosemirror-content-type=\"node\" data-prosemirror-node-name=\"paragraph\" data-prosemirror-node-block=\"true\"><strong>Las entradas pueden adquirirse por Ticketek o en las boleter\u00edas del teatro.<\/strong><\/li>\n<\/ul>\n<hr>\n<p data-prosemirror-content-type=\"node\" data-prosemirror-node-name=\"paragraph\" data-prosemirror-node-block=\"true\">El Coro Juvenil Mixto de la Escuela de Ni\u00f1os Cantores de C\u00f3rdoba \u201cDomingo Z\u00edpoli\u201d, bajo la direcci\u00f3n de Emilio Chavesta, ofrece este domingo, a las 19:00 horas, el repertorio que presentar\u00e1 en su pr\u00f3xima gira por Europa.<\/p>\n<p data-prosemirror-content-type=\"node\" data-prosemirror-node-name=\"paragraph\" data-prosemirror-node-block=\"true\">La actuaci\u00f3n tendr\u00e1 lugar en la sala mayor del Teatro Comedia, Rivadavia 254, y las entradas pueden adquirirse por Ticketek o en las boleter\u00edas del teatro a partir de las 16:00 horas.<\/p>\n<p data-prosemirror-content-type=\"node\" data-prosemirror-node-name=\"paragraph\" data-prosemirror-node-block=\"true\">En octubre de este a\u00f1o, el coro llevar\u00e1 su arte a escenarios europeos con la idea de fortalecer el desempe\u00f1o musical de los estudiantes de 15 a 18 a\u00f1os.<\/p>\n","protected":false},"excerpt":{"rendered":"<p>Este domingo, a las 19:00, presentan el concierto \u201cVoces en Traves\u00eda\u201d. Las entradas pueden adquirirse por Ticketek o en las boleter\u00edas del teatro. El Coro Juvenil Mixto de la Escuela de Ni\u00f1os Cantores de C\u00f3rdoba \u201cDomingo Z\u00edpoli\u201d, bajo la direcci\u00f3n de Emilio Chavesta, ofrece este domingo, a las 19:00 horas, el repertorio que presentar\u00e1 en [&hellip;]<\/p>\n","protected":false},"author":1,"featured_media":165622,"comment_status":"closed","ping_status":"closed","sticky":false,"template":"","format":"standard","meta":[],"categories":[2],"tags":[],"_links":{"self":[{"href":"http:\/\/cordobainforma.info\/index.php\/wp-json\/wp\/v2\/posts\/165621"}],"collection":[{"href":"http:\/\/cordobainforma.info\/index.php\/wp-json\/wp\/v2\/posts"}],"about":[{"href":"http:\/\/cordobainforma.info\/index.php\/wp-json\/wp\/v2\/types\/post"}],"author":[{"embeddable":true,"href":"http:\/\/cordobainforma.info\/index.php\/wp-json\/wp\/v2\/users\/1"}],"replies":[{"embeddable":true,"href":"http:\/\/cordobainforma.info\/index.php\/wp-json\/wp\/v2\/comments?post=165621"}],"version-history":[{"count":0,"href":"http:\/\/cordobainforma.info\/index.php\/wp-json\/wp\/v2\/posts\/165621\/revisions"}],"wp:featuredmedia":[{"embeddable":true,"href":"http:\/\/cordobainforma.info\/index.php\/wp-json\/wp\/v2\/media\/165622"}],"wp:attachment":[{"href":"http:\/\/cordobainforma.info\/index.php\/wp-json\/wp\/v2\/media?parent=165621"}],"wp:term":[{"taxonomy":"category","embeddable":true,"href":"http:\/\/cordobainforma.info\/index.php\/wp-json\/wp\/v2\/categories?post=165621"},{"taxonomy":"post_tag","embeddable":true,"href":"http:\/\/cordobainforma.info\/index.php\/wp-json\/wp\/v2\/tags?post=165621"}],"curies":[{"name":"wp","href":"https:\/\/api.w.org\/{rel}","templated":true}]}}