{"id":165619,"date":"2025-08-22T06:09:45","date_gmt":"2025-08-22T06:09:45","guid":{"rendered":"http:\/\/cordobainforma.info\/index.php\/2025\/08\/22\/legislatura-funcionarios-expusieron-sobre-el-impacto-del-sector-cientifico-tecnologico-en-el\/"},"modified":"2025-08-22T06:09:45","modified_gmt":"2025-08-22T06:09:45","slug":"legislatura-funcionarios-expusieron-sobre-el-impacto-del-sector-cientifico-tecnologico-en-el","status":"publish","type":"post","link":"http:\/\/cordobainforma.info\/index.php\/2025\/08\/22\/legislatura-funcionarios-expusieron-sobre-el-impacto-del-sector-cientifico-tecnologico-en-el\/","title":{"rendered":"Legislatura: funcionarios expusieron sobre el impacto del sector cient\u00edfico-tecnol\u00f3gico en el &#8230;"},"content":{"rendered":"<p>&#8230; <b>C\u00f3rdoba<\/b>. La Comisi\u00f3n de Tecnolog\u00eda, Innovaci\u00f3n y <b>Econom\u00eda<\/b> del Conocimiento de la Unicameral, encabezada por el legislador Juan Blangino, recibi\u00f3 a&nbsp;&#8230; <\/p>\n","protected":false},"excerpt":{"rendered":"<p>&#8230; C\u00f3rdoba. La Comisi\u00f3n de Tecnolog\u00eda, Innovaci\u00f3n y Econom\u00eda del Conocimiento de la Unicameral, encabezada por el legislador Juan Blangino, recibi\u00f3 a&nbsp;&#8230;<\/p>\n","protected":false},"author":1,"featured_media":0,"comment_status":"closed","ping_status":"closed","sticky":false,"template":"","format":"standard","meta":[],"categories":[23],"tags":[],"_links":{"self":[{"href":"http:\/\/cordobainforma.info\/index.php\/wp-json\/wp\/v2\/posts\/165619"}],"collection":[{"href":"http:\/\/cordobainforma.info\/index.php\/wp-json\/wp\/v2\/posts"}],"about":[{"href":"http:\/\/cordobainforma.info\/index.php\/wp-json\/wp\/v2\/types\/post"}],"author":[{"embeddable":true,"href":"http:\/\/cordobainforma.info\/index.php\/wp-json\/wp\/v2\/users\/1"}],"replies":[{"embeddable":true,"href":"http:\/\/cordobainforma.info\/index.php\/wp-json\/wp\/v2\/comments?post=165619"}],"version-history":[{"count":0,"href":"http:\/\/cordobainforma.info\/index.php\/wp-json\/wp\/v2\/posts\/165619\/revisions"}],"wp:attachment":[{"href":"http:\/\/cordobainforma.info\/index.php\/wp-json\/wp\/v2\/media?parent=165619"}],"wp:term":[{"taxonomy":"category","embeddable":true,"href":"http:\/\/cordobainforma.info\/index.php\/wp-json\/wp\/v2\/categories?post=165619"},{"taxonomy":"post_tag","embeddable":true,"href":"http:\/\/cordobainforma.info\/index.php\/wp-json\/wp\/v2\/tags?post=165619"}],"curies":[{"name":"wp","href":"https:\/\/api.w.org\/{rel}","templated":true}]}}