{"id":165585,"date":"2025-08-22T03:44:26","date_gmt":"2025-08-22T03:44:26","guid":{"rendered":"https:\/\/www.clarin.com\/deportes\/muneco-gallardo-noche-picante-enojo-pregunta-corto-conferencia-prensa-voy-disfrutar-noche_0_9I1Cia1CYF.html"},"modified":"2025-08-22T03:44:26","modified_gmt":"2025-08-22T03:44:26","slug":"el-muneco-gallardo-y-una-noche-picante-se-enojo-con-una-pregunta-y-corto-la-conferencia-de-prensa-voy-a-disfrutar-de-esta-noche","status":"publish","type":"post","link":"http:\/\/cordobainforma.info\/index.php\/2025\/08\/22\/el-muneco-gallardo-y-una-noche-picante-se-enojo-con-una-pregunta-y-corto-la-conferencia-de-prensa-voy-a-disfrutar-de-esta-noche\/","title":{"rendered":"El Mu\u00f1eco Gallardo y una noche picante: se enoj\u00f3 con una pregunta y cort\u00f3 la conferencia de prensa: \u00abVoy a disfrutar de esta noche\u00bb"},"content":{"rendered":"<p><img src=\"http:\/\/cordobainforma.info\/wp-content\/uploads\/2025\/08\/el-muneco-gallardo-y-una-noche-picante-se-enojo-con-una-pregunta-y-corto-la-conferencia-de-prensa-voy-a-disfrutar-de-esta-noche.jpg\"><\/p>\n<div><img src=\"http:\/\/cordobainforma.info\/wp-content\/uploads\/2025\/08\/el-muneco-gallardo-y-una-noche-picante-se-enojo-con-una-pregunta-y-corto-la-conferencia-de-prensa-voy-a-disfrutar-de-esta-noche-2.jpg\" class=\"ff-og-image-inserted\"><\/div>\n<div id=\"element-body-0\" readability=\"56.435100548446\">\n<p><strong>Marcelo Gallardo<\/strong> tuvo una noche dif\u00edcil. Alcanzaba con ver sus gestos de preocupaci\u00f3n y disconformidad a pasitos de la l\u00ednea de cal del Monumental para entender que padeci\u00f3 <a href=\"https:\/\/www.clarin.com\/deportes\/river-paso-peor-partido-gallardo-desahogo-penales-libertad-palmeiras-rival-cuartos-libertadores_0_cDK4Ys7Ev8.html\" target=\"_blank\" title=\"el muy flojo partido de River contra Libertad de Paraguay\" alt=\"el muy flojo partido de River contra Libertad de Paraguay\" rel=\"noopener noreferrer\">el muy flojo partido de River contra Libertad de Paraguay<\/a>. Es que el tr\u00e1mite se complic\u00f3 mucho m\u00e1s de lo esperado y despu\u00e9s del 1-1 en los 90 minutos, que culmin\u00f3 con diez hombres por la roja que vio Giuliano Galoppo, necesit\u00f3 de los penales para meterse en los cuartos de final de la ansiada Copa Libertadores, donde lo espera el todopoderoso Palmeiras de Brasil.<\/p>\n<\/div>\n<div id=\"element-body-1\" readability=\"61\">\n<p>Por eso se entend\u00eda el rostro de alivio apenas comenz\u00f3 la conferencia de prensa. No s\u00f3lo por meterse otra vez entre los ocho mejores del continente, sino porque adem\u00e1s cort\u00f3 el maleficio de las series desde los doce pasos. Eran ocho consecutivas para \u00e9l y ocho consecutivas para el Millonario -tres correspond\u00eda a la era Demichelis-.<\/p>\n<\/div>\n<div id=\"element-body-2\" readability=\"64\">\n<p>\u00abLa gente contagi\u00f3, se puso a ayudar al equipo en ese momento y el <em>Flaco <\/em>(por Franco Armani) termin\u00f3 atajando el penal decisivo, y bueno, una vez para este lado no estaba mal. \u00bfPara no tener que sufrir? En algunos momentos hay que sufrir. \u00bfY si era la noche para sufrir y terminar como terminamos? Bienvenida sea esta noche sufrida. Ahora tenemos que recuperar la mayor cantidad de jugadores y buscar la regularidad futbol\u00edstica que todos queremos\u00bb, arranc\u00f3 el <em>Mu\u00f1eco<\/em>.<\/p>\n<\/div>\n<div id=\"element-body-3\" readability=\"62\">\n<p>Parec\u00eda que todo ven\u00eda bien. Hasta que un periodista lo incomod\u00f3 con la segunda pregunta. \u00abNo lo perdimos, si eso esperabas, no lo perdimos\u00bb, le dijo luego de fastidiarse al entender que el trabajador de prensa lo hab\u00eda consultado sobre un tema que acababa de contestar.<\/p>\n<\/div>\n<div id=\"element-body-4\" readability=\"20.7375\">\n<blockquote class=\"twitter-tweet\" readability=\"3.95\">\n<p lang=\"es\" dir=\"ltr\">Chau Mu\u00f1eco, buenas noches \ud83e\udd29\ud83d\udc4b\ud83c\udffb <a href=\"https:\/\/t.co\/3uzddTJkpy\">pic.twitter.com\/3uzddTJkpy<\/a><\/p>\n<p>\u2014 Pasi\u00f3n Monumental (@pmonumental) <a href=\"https:\/\/twitter.com\/pmonumental\/status\/1958731059949896058?ref_src=twsrc%5Etfw\">August 22, 2025<\/a><\/p><\/blockquote><\/div>\n<div id=\"element-body-5\" readability=\"65\">\n<p>Y sigui\u00f3: \u00abLa noche era oscura para nosotros, as\u00ed que estoy contento de pasar esta noche que no ven\u00eda bien, sobre todo en el segundo tiempo. Voy a disfrutar de esta noche, porque cuando no jug\u00e1s bien y viene mal parida la cosa, hoy cay\u00f3 la moneda para este lado y no est\u00e1 mal que eso pase\u00bb, complet\u00f3 el DT antes de dar s\u00fabitamente por concluido el encuentro con los acreditados.<\/p>\n<\/div>\n<div id=\"element-body-6\" readability=\"64\">\n<p>No hubo margen para una tercera pregunta. \u00abMe voy a disfrutar de esta noche\u00bb, repiti\u00f3 Gallardo, que se fue contento por el resultado, pero seguramente muy preocupado porque no termina de encontrar un equipo confiable, que fluct\u00faa mucho en su funcionamiento. Ahora tiene tiempo para trabajar. Aunque Palmeiras asoma como un rival de mucha mayor jerarqu\u00eda que un Libertad humilde que lo tuvo contra las cuerdas.<\/p>\n<\/div>\n<p><h2>El resumen de River 1 (3) vs Libertad 1 (1) por los octavos de final de la Copa Libertadores<\/h2><\/p>\n","protected":false},"excerpt":{"rendered":"<p>Marcelo Gallardo tuvo una noche dif\u00edcil. Alcanzaba con ver sus gestos de preocupaci\u00f3n y disconformidad a pasitos de la l\u00ednea de cal del Monumental para entender que padeci\u00f3 el muy flojo partido de River contra Libertad de Paraguay. Es que el tr\u00e1mite se complic\u00f3 mucho m\u00e1s de lo esperado y despu\u00e9s del 1-1 en los [&hellip;]<\/p>\n","protected":false},"author":1,"featured_media":165586,"comment_status":"closed","ping_status":"closed","sticky":false,"template":"","format":"standard","meta":[],"categories":[20],"tags":[],"_links":{"self":[{"href":"http:\/\/cordobainforma.info\/index.php\/wp-json\/wp\/v2\/posts\/165585"}],"collection":[{"href":"http:\/\/cordobainforma.info\/index.php\/wp-json\/wp\/v2\/posts"}],"about":[{"href":"http:\/\/cordobainforma.info\/index.php\/wp-json\/wp\/v2\/types\/post"}],"author":[{"embeddable":true,"href":"http:\/\/cordobainforma.info\/index.php\/wp-json\/wp\/v2\/users\/1"}],"replies":[{"embeddable":true,"href":"http:\/\/cordobainforma.info\/index.php\/wp-json\/wp\/v2\/comments?post=165585"}],"version-history":[{"count":0,"href":"http:\/\/cordobainforma.info\/index.php\/wp-json\/wp\/v2\/posts\/165585\/revisions"}],"wp:featuredmedia":[{"embeddable":true,"href":"http:\/\/cordobainforma.info\/index.php\/wp-json\/wp\/v2\/media\/165586"}],"wp:attachment":[{"href":"http:\/\/cordobainforma.info\/index.php\/wp-json\/wp\/v2\/media?parent=165585"}],"wp:term":[{"taxonomy":"category","embeddable":true,"href":"http:\/\/cordobainforma.info\/index.php\/wp-json\/wp\/v2\/categories?post=165585"},{"taxonomy":"post_tag","embeddable":true,"href":"http:\/\/cordobainforma.info\/index.php\/wp-json\/wp\/v2\/tags?post=165585"}],"curies":[{"name":"wp","href":"https:\/\/api.w.org\/{rel}","templated":true}]}}