{"id":165579,"date":"2025-08-21T22:41:08","date_gmt":"2025-08-21T22:41:08","guid":{"rendered":"https:\/\/somoscordobeses.com\/2025\/08\/21\/martin-llaryora-anuncio-la-creacion-del-instituto-argentino-del-mani-2\/"},"modified":"2025-08-21T22:41:08","modified_gmt":"2025-08-21T22:41:08","slug":"martin-llaryora-anuncio-la-creacion-del-instituto-argentino-del-mani","status":"publish","type":"post","link":"http:\/\/cordobainforma.info\/index.php\/2025\/08\/21\/martin-llaryora-anuncio-la-creacion-del-instituto-argentino-del-mani\/","title":{"rendered":"Mart\u00edn Llaryora anunci\u00f3 la creaci\u00f3n del Instituto Argentino del Man\u00ed"},"content":{"rendered":"<div><img src=\"http:\/\/cordobainforma.info\/wp-content\/uploads\/2025\/08\/martin-llaryora-anuncio-la-creacion-del-instituto-argentino-del-mani.jpg\" class=\"ff-og-image-inserted\"><\/div>\n<p>El gobernador Mart\u00edn Llaryora estuvo en el 50 aniversario de la C\u00e1mara Argentina del Man\u00ed y aprovech\u00f3 la oportunidad para anunciar la creaci\u00f3n del Instituto Argentino del Man\u00ed. En ese marco, tambi\u00e9n propuso desarrollar el Sello de Certificaci\u00f3n de Calidad y Origen del Man\u00ed C\u00f3rdoba.<\/p>\n<p>El Instituto Argentino del Man\u00ed ser\u00e1 un centro de referencia y nodo de articulaci\u00f3n del sector a nivel nacional, trabajando en innovaci\u00f3n e impulsando la formaci\u00f3n t\u00e9cnico-cient\u00edfica y las instituciones relacionadas con la cadena productiva del man\u00ed.<\/p>\n<p>Adem\u00e1s, contendr\u00e1 un centro de capacitaci\u00f3n dedicado a la formaci\u00f3n de nuevos recursos humanos, aportando as\u00ed capital humano a una cadena de valor en constante crecimiento y desarrollo, que demanda m\u00e1s y nuevos perfiles.<\/p>\n<p>El sello \u201cMan\u00ed C\u00f3rdoba\u201d, por su parte, forma parte de una estrategia orientada a resaltar las virtudes del man\u00ed cordob\u00e9s, reconocido internacionalmente por su calidad.<\/p>\n<h4>El man\u00ed, en n\u00fameros<\/h4>\n<p>Argentina es el mayor exportador mundial de man\u00ed, un sector que gener\u00f3 m\u00e1s de 1.100 millones de d\u00f3lares. La provincia de C\u00f3rdoba concentra el 75% de la producci\u00f3n total nacional y el 95% de su industrializaci\u00f3n.<\/p>\n<p>Adem\u00e1s, 30 localidades del sur cordob\u00e9s tienen al man\u00ed como su principal actividad econ\u00f3mica con m\u00e1s de 12.000 empleos directos y cientos de miles indirectos. En paralelo, 5 plantas ya generan energ\u00eda el\u00e9ctrica usando c\u00e1scara de man\u00ed, demostrando que podemos ser l\u00edderes productivos, ambientales y sociales.<\/p>\n","protected":false},"excerpt":{"rendered":"<p>El gobernador Mart\u00edn Llaryora estuvo en el 50 aniversario de la C\u00e1mara Argentina del Man\u00ed y aprovech\u00f3 la oportunidad para anunciar la creaci\u00f3n del Instituto Argentino del Man\u00ed. En ese marco, tambi\u00e9n propuso desarrollar el Sello de Certificaci\u00f3n de Calidad y Origen del Man\u00ed C\u00f3rdoba. El Instituto Argentino del Man\u00ed ser\u00e1 un centro de referencia [&hellip;]<\/p>\n","protected":false},"author":1,"featured_media":165580,"comment_status":"closed","ping_status":"closed","sticky":false,"template":"","format":"standard","meta":[],"categories":[2],"tags":[],"_links":{"self":[{"href":"http:\/\/cordobainforma.info\/index.php\/wp-json\/wp\/v2\/posts\/165579"}],"collection":[{"href":"http:\/\/cordobainforma.info\/index.php\/wp-json\/wp\/v2\/posts"}],"about":[{"href":"http:\/\/cordobainforma.info\/index.php\/wp-json\/wp\/v2\/types\/post"}],"author":[{"embeddable":true,"href":"http:\/\/cordobainforma.info\/index.php\/wp-json\/wp\/v2\/users\/1"}],"replies":[{"embeddable":true,"href":"http:\/\/cordobainforma.info\/index.php\/wp-json\/wp\/v2\/comments?post=165579"}],"version-history":[{"count":0,"href":"http:\/\/cordobainforma.info\/index.php\/wp-json\/wp\/v2\/posts\/165579\/revisions"}],"wp:featuredmedia":[{"embeddable":true,"href":"http:\/\/cordobainforma.info\/index.php\/wp-json\/wp\/v2\/media\/165580"}],"wp:attachment":[{"href":"http:\/\/cordobainforma.info\/index.php\/wp-json\/wp\/v2\/media?parent=165579"}],"wp:term":[{"taxonomy":"category","embeddable":true,"href":"http:\/\/cordobainforma.info\/index.php\/wp-json\/wp\/v2\/categories?post=165579"},{"taxonomy":"post_tag","embeddable":true,"href":"http:\/\/cordobainforma.info\/index.php\/wp-json\/wp\/v2\/tags?post=165579"}],"curies":[{"name":"wp","href":"https:\/\/api.w.org\/{rel}","templated":true}]}}