{"id":165543,"date":"2025-08-21T12:22:00","date_gmt":"2025-08-21T12:22:00","guid":{"rendered":"http:\/\/cordobainforma.info\/index.php\/2025\/08\/21\/ee-uu-y-la-ue-pactan-por-escrito-los-terminos-de-su-nuevo-acuerdo-comercial\/"},"modified":"2025-08-21T12:22:00","modified_gmt":"2025-08-21T12:22:00","slug":"ee-uu-y-la-ue-pactan-por-escrito-los-terminos-de-su-nuevo-acuerdo-comercial","status":"publish","type":"post","link":"http:\/\/cordobainforma.info\/index.php\/2025\/08\/21\/ee-uu-y-la-ue-pactan-por-escrito-los-terminos-de-su-nuevo-acuerdo-comercial\/","title":{"rendered":"EE.UU. y la UE pactan por escrito los t\u00e9rminos de su nuevo acuerdo comercial"},"content":{"rendered":"<div><img src=\"http:\/\/cordobainforma.info\/wp-content\/uploads\/2025\/08\/ee-uu-y-la-ue-pactan-por-escrito-los-terminos-de-su-nuevo-acuerdo-comercial.jpg\" class=\"ff-og-image-inserted\"><\/div>\n<div class=\"Text-root Text-type_5 ArticleView-text ViewText-root \">\n<p>Este jueves, las autoridades de EE.UU. y la Uni\u00f3n Europea han <a href=\"https:\/\/ec.europa.eu\/commission\/presscorner\/detail\/en\/ip_25_1973\" target=\"_blank\" rel=\"noopener noreferrer\">presentado<\/a>&nbsp;su&nbsp;nuevo acuerdo transatl\u00e1ntico de <strong>comercio e inversi\u00f3n<\/strong>.<\/p>\n<p>El <a href=\"https:\/\/policy.trade.ec.europa.eu\/news\/joint-statement-united-states-european-union-framework-agreement-reciprocal-fair-and-balanced-trade-2025-08-21_en\" target=\"_blank\" rel=\"noopener noreferrer\">acuerdo incluye<\/a> la <strong>eliminaci\u00f3n de aranceles <\/strong>de la UE a todos los bienes industriales estadounidenses, as\u00ed como un acceso preferencial&nbsp;al mercado europeo para los productos marinos y de agricultura&nbsp;del pa\u00eds norteamericano. Por su parte, Estados Unidos aplica una <strong>tasa arancelaria preferencial<\/strong> del 15 % a la gran mayor\u00eda de las exportaciones de la UE, <strong>incluidos sectores estrat\u00e9gicos<\/strong> como autom\u00f3viles, productos farmac\u00e9uticos, semiconductores y madera.<\/p>\n<p>De acuerdo al documento, ambas partes considerar\u00e1n <strong>la inclusi\u00f3n de m\u00e1s sectores y productos<\/strong> importantes para sus econom\u00edas en la lista preferencial arancelaria en la b\u00fasqueda de un&nbsp;comercio rec\u00edproco, justo y equilibrado.<\/p>\n<\/div>\n","protected":false},"excerpt":{"rendered":"<p>Este jueves, las autoridades de EE.UU. y la Uni\u00f3n Europea han presentado&nbsp;su&nbsp;nuevo acuerdo transatl\u00e1ntico de comercio e inversi\u00f3n. El acuerdo incluye la eliminaci\u00f3n de aranceles de la UE a todos los bienes industriales estadounidenses, as\u00ed como un acceso preferencial&nbsp;al mercado europeo para los productos marinos y de agricultura&nbsp;del pa\u00eds norteamericano. Por su parte, Estados Unidos [&hellip;]<\/p>\n","protected":false},"author":1,"featured_media":165544,"comment_status":"closed","ping_status":"closed","sticky":false,"template":"","format":"standard","meta":[],"categories":[22],"tags":[],"_links":{"self":[{"href":"http:\/\/cordobainforma.info\/index.php\/wp-json\/wp\/v2\/posts\/165543"}],"collection":[{"href":"http:\/\/cordobainforma.info\/index.php\/wp-json\/wp\/v2\/posts"}],"about":[{"href":"http:\/\/cordobainforma.info\/index.php\/wp-json\/wp\/v2\/types\/post"}],"author":[{"embeddable":true,"href":"http:\/\/cordobainforma.info\/index.php\/wp-json\/wp\/v2\/users\/1"}],"replies":[{"embeddable":true,"href":"http:\/\/cordobainforma.info\/index.php\/wp-json\/wp\/v2\/comments?post=165543"}],"version-history":[{"count":0,"href":"http:\/\/cordobainforma.info\/index.php\/wp-json\/wp\/v2\/posts\/165543\/revisions"}],"wp:featuredmedia":[{"embeddable":true,"href":"http:\/\/cordobainforma.info\/index.php\/wp-json\/wp\/v2\/media\/165544"}],"wp:attachment":[{"href":"http:\/\/cordobainforma.info\/index.php\/wp-json\/wp\/v2\/media?parent=165543"}],"wp:term":[{"taxonomy":"category","embeddable":true,"href":"http:\/\/cordobainforma.info\/index.php\/wp-json\/wp\/v2\/categories?post=165543"},{"taxonomy":"post_tag","embeddable":true,"href":"http:\/\/cordobainforma.info\/index.php\/wp-json\/wp\/v2\/tags?post=165543"}],"curies":[{"name":"wp","href":"https:\/\/api.w.org\/{rel}","templated":true}]}}