{"id":165522,"date":"2025-08-21T11:50:52","date_gmt":"2025-08-21T11:50:52","guid":{"rendered":"https:\/\/cordoba.gob.ar\/?p=80361"},"modified":"2025-08-21T11:50:52","modified_gmt":"2025-08-21T11:50:52","slug":"el-dia-de-las-infancias-se-celebra-en-el-mario-alberto-kempes","status":"publish","type":"post","link":"http:\/\/cordobainforma.info\/index.php\/2025\/08\/21\/el-dia-de-las-infancias-se-celebra-en-el-mario-alberto-kempes\/","title":{"rendered":"El D\u00eda de las Infancias se celebra en el Mario Alberto Kempes"},"content":{"rendered":"<div><img src=\"http:\/\/cordobainforma.info\/wp-content\/uploads\/2025\/08\/el-dia-de-las-infancias-se-celebra-en-el-mario-alberto-kempes.jpg\" class=\"ff-og-image-inserted\"><\/div>\n<ul>\n<li data-prosemirror-content-type=\"node\" data-prosemirror-node-name=\"paragraph\" data-prosemirror-node-block=\"true\"><strong>Este domingo las puertas se abrir\u00e1n a las 08:00 horas. M\u00e1s de 50 colectivos se trasladar\u00e1n de manera gratuita al estadio.<\/strong><\/li>\n<li data-prosemirror-content-type=\"node\" data-prosemirror-node-name=\"paragraph\" data-prosemirror-node-block=\"true\"><strong><strong>Estar\u00e1n presentes Pi\u00f1\u00f3n Fijo, Bandin, Yami Safdie, Valentino Merlo, Los Tekis, Migrantes y el cierre al ritmo del tunga tunga con Dami\u00e1n C\u00f3rdoba.<\/strong><\/strong><br \/>\n<hr>\n<\/li>\n<\/ul>\n<p data-prosemirror-content-type=\"node\" data-prosemirror-node-name=\"paragraph\" data-prosemirror-node-block=\"true\">Este domingo, la Municipalidad de C\u00f3rdoba junto al Gobierno de la Provincia y Cadena 3 Argentina celebran el D\u00eda de las Infancias con shows en vivo y mucha diversi\u00f3n para grandes e infantes. La fiesta que ya es una tradici\u00f3n en la ciudad se realizar\u00e1 como todos los a\u00f1os en el Estadio Mario Alberto Kempes.<\/p>\n<p data-prosemirror-content-type=\"node\" data-prosemirror-node-name=\"paragraph\" data-prosemirror-node-block=\"true\">Comenzar\u00e1 a las 08:00 de la ma\u00f1ana y se extender\u00e1 hasta las 13:00 horas, con entrada libre y gratuita. Los asistentes deber\u00e1n ingresar por el port\u00f3n 1 (Sur) y el port\u00f3n 2 (Norte).<\/p>\n<p data-prosemirror-content-type=\"node\" data-prosemirror-node-name=\"paragraph\" data-prosemirror-node-block=\"true\">El evento contar\u00e1 con la presencia de Pi\u00f1\u00f3n Fijo, el payaso que hace cantar y bailar a toda la familia con sus canciones tradicionales. Tambi\u00e9n ser\u00e1n de la partida Bandin, Yami Safdie y Valentino Merlo quienes se sumar\u00e1n con sus hits que son furor en las plataformas digitales y se han convertido en los m\u00e1s seguidos por los adolescentes.<\/p>\n<p data-prosemirror-content-type=\"node\" data-prosemirror-node-name=\"paragraph\" data-prosemirror-node-block=\"true\">Facundo Garc\u00eda y Nicol\u00e1s Valdi, integrantes de Migrantes, traer\u00e1n todo el ritmo de la cumbia pop para hacer vibrar el Estadio con temas como \u00abVete\u00bb, \u00abBonita\u00bb y \u00abLado Triste\u00bb. El carnaval juje\u00f1o estar\u00e1 presente a trav\u00e9s de Los Tekis, quienes le pondr\u00e1n el color y la alegr\u00eda a una jornada que promete ser inolvidable.<\/p>\n<p data-prosemirror-content-type=\"node\" data-prosemirror-node-name=\"paragraph\" data-prosemirror-node-block=\"true\">El cierre ser\u00e1 al ritmo del tunga tunga de la mano de Dami\u00e1n C\u00f3rdoba.<\/p>\n<p data-prosemirror-content-type=\"node\" data-prosemirror-node-name=\"paragraph\" data-prosemirror-node-block=\"true\">Adem\u00e1s de los shows en vivo, habr\u00e1 actividades pensadas para los m\u00e1s peque\u00f1os del hogar, sorteos, juegos y regalos para todos las ni\u00f1as y ni\u00f1os que asistan al evento; a quienes adem\u00e1s se les convidar\u00e1 chocolate caliente y criollos, lo que har\u00e1 m\u00e1s c\u00e1lida la ma\u00f1ana del domingo.<\/p>\n<p data-prosemirror-content-type=\"node\" data-prosemirror-node-name=\"paragraph\" data-prosemirror-node-block=\"true\">Es importante recordar que se puede llevar mate y merienda, pero no se permite el ingreso de bebidas en envases de vidrio, elementos cortantes o punzantes, ni conservadoras.<\/p>\n<p data-prosemirror-content-type=\"node\" data-prosemirror-node-name=\"paragraph\" data-prosemirror-node-block=\"true\"><strong data-prosemirror-content-type=\"mark\" data-prosemirror-mark-name=\"strong\">Operativo de traslado gratuito<\/strong><\/p>\n<p data-prosemirror-content-type=\"node\" data-prosemirror-node-name=\"paragraph\" data-prosemirror-node-block=\"true\">Para el D\u00eda de las Infancias, la Municipalidad de C\u00f3rdoba desplegar\u00e1 un operativo de traslado desde numerosos puntos de la ciudad hacia el estadio.<\/p>\n<p data-prosemirror-content-type=\"node\" data-prosemirror-node-name=\"paragraph\" data-prosemirror-node-block=\"true\">Desde las 07:00 horas, colectivos de las empresas TAMSAU, Coniferal, S\u00edBus, Fam trasladar\u00e1n de manera gratuita a los vecinos y vecinas desde 8 polideportivos, 6 Parques Educativos y la Plaza de la Intendencia \u2013 H\u00e9roes de Malvinas.<\/p>\n<p data-prosemirror-content-type=\"node\" data-prosemirror-node-name=\"paragraph\" data-prosemirror-node-block=\"true\">El operativo de traslado se realizar\u00e1 desde los polideportivos de Villa La Tela, El Chingolo, Panamericano, Corral de Palos, Los Algarrobos, Matienzo, General Bustos y Bajo Pueyrred\u00f3n; y tambi\u00e9n en todos los Parques Educativos (Norte, Este, Sureste, Sur, Estaci\u00f3n Flores y Noroeste)<\/p>\n<p data-prosemirror-content-type=\"node\" data-prosemirror-node-name=\"paragraph\" data-prosemirror-node-block=\"true\">Adem\u00e1s, a partir de las 06:00 de la ma\u00f1ana y hasta las 16:00 horas, las l\u00edneas con recorrido al estadio Mario Alberto Kempes ser\u00e1n gratuitas: los colectivos 71 y 72 de la empresa Fam y la 80 de S\u00edBus.<\/p>\n<p data-prosemirror-content-type=\"node\" data-prosemirror-node-name=\"paragraph\" data-prosemirror-node-block=\"true\"><strong data-prosemirror-content-type=\"mark\" data-prosemirror-mark-name=\"strong\">C\u00f3rdoba cerca tuyo<\/strong><\/p>\n<p data-prosemirror-content-type=\"node\" data-prosemirror-node-name=\"paragraph\" data-prosemirror-node-block=\"true\">En el Kempes tambi\u00e9n se podr\u00e1 acceder al Programa \u201cC\u00f3rdoba Cerca Yuyo\u201d. Se trata de una propuesta integral de servicios y experiencias que tiene como objetivo acercar las herramientas del Estado Provincial a todos los ciudadanos con la presencia de diferentes \u00e1reas de gobierno.<\/p>\n<p data-prosemirror-content-type=\"node\" data-prosemirror-node-name=\"paragraph\" data-prosemirror-node-block=\"true\">All\u00ed se podr\u00e1n realizar la inscripci\u00f3n al Boleto Educativo Cordob\u00e9s, Obrero Social, Adulto Mayor, Metropolitano y el Pase Libre por Discapacidad y Enfermedades Cr\u00f3nicas. Tambi\u00e9n resolver consultas de Ciudadano Digital (CIDI), constataci\u00f3n a nivel 2, gesti\u00f3n de DNI y pasaporte.<\/p>\n<p data-prosemirror-content-type=\"node\" data-prosemirror-node-name=\"paragraph\" data-prosemirror-node-block=\"true\">Las personas podr\u00e1n recibir informaci\u00f3n, asesoramiento e inscribirse a los cr\u00e9ditos del Banco de la Gente. Tambi\u00e9n se atender\u00e1 a aquellos interesados en cr\u00e9ditos que ofrece la Fundaci\u00f3n Banco de C\u00f3rdoba.<\/p>\n<p data-prosemirror-content-type=\"node\" data-prosemirror-node-name=\"paragraph\" data-prosemirror-node-block=\"true\">En lo relativo a salud, se llevar\u00e1n a cabo vacunaciones, asesoramiento en salud bucal, testeos de VIH y enfermedades de transmisi\u00f3n sexual. Tambi\u00e9n estar\u00e1 presente el Programa Protecci\u00f3n a la Embarazada y su Beb\u00e9 para ofrecer orientaci\u00f3n, turnos e inscripci\u00f3n para mujeres sin obra social, entre otros.<\/p>\n","protected":false},"excerpt":{"rendered":"<p>Este domingo las puertas se abrir\u00e1n a las 08:00 horas. M\u00e1s de 50 colectivos se trasladar\u00e1n de manera gratuita al estadio. Estar\u00e1n presentes Pi\u00f1\u00f3n Fijo, Bandin, Yami Safdie, Valentino Merlo, Los Tekis, Migrantes y el cierre al ritmo del tunga tunga con Dami\u00e1n C\u00f3rdoba. Este domingo, la Municipalidad de C\u00f3rdoba junto al Gobierno de la [&hellip;]<\/p>\n","protected":false},"author":1,"featured_media":165523,"comment_status":"closed","ping_status":"closed","sticky":false,"template":"","format":"standard","meta":[],"categories":[2],"tags":[],"_links":{"self":[{"href":"http:\/\/cordobainforma.info\/index.php\/wp-json\/wp\/v2\/posts\/165522"}],"collection":[{"href":"http:\/\/cordobainforma.info\/index.php\/wp-json\/wp\/v2\/posts"}],"about":[{"href":"http:\/\/cordobainforma.info\/index.php\/wp-json\/wp\/v2\/types\/post"}],"author":[{"embeddable":true,"href":"http:\/\/cordobainforma.info\/index.php\/wp-json\/wp\/v2\/users\/1"}],"replies":[{"embeddable":true,"href":"http:\/\/cordobainforma.info\/index.php\/wp-json\/wp\/v2\/comments?post=165522"}],"version-history":[{"count":0,"href":"http:\/\/cordobainforma.info\/index.php\/wp-json\/wp\/v2\/posts\/165522\/revisions"}],"wp:featuredmedia":[{"embeddable":true,"href":"http:\/\/cordobainforma.info\/index.php\/wp-json\/wp\/v2\/media\/165523"}],"wp:attachment":[{"href":"http:\/\/cordobainforma.info\/index.php\/wp-json\/wp\/v2\/media?parent=165522"}],"wp:term":[{"taxonomy":"category","embeddable":true,"href":"http:\/\/cordobainforma.info\/index.php\/wp-json\/wp\/v2\/categories?post=165522"},{"taxonomy":"post_tag","embeddable":true,"href":"http:\/\/cordobainforma.info\/index.php\/wp-json\/wp\/v2\/tags?post=165522"}],"curies":[{"name":"wp","href":"https:\/\/api.w.org\/{rel}","templated":true}]}}