{"id":165520,"date":"2025-08-21T03:34:28","date_gmt":"2025-08-21T03:34:28","guid":{"rendered":"http:\/\/cordobainforma.info\/index.php\/2025\/08\/21\/se-viene-una-nueva-ola-de-inflacion-lo-que-anticipan-los-precios-mayoristas-el-cronista\/"},"modified":"2025-08-21T03:34:28","modified_gmt":"2025-08-21T03:34:28","slug":"se-viene-una-nueva-ola-de-inflacion-lo-que-anticipan-los-precios-mayoristas-el-cronista","status":"publish","type":"post","link":"http:\/\/cordobainforma.info\/index.php\/2025\/08\/21\/se-viene-una-nueva-ola-de-inflacion-lo-que-anticipan-los-precios-mayoristas-el-cronista\/","title":{"rendered":"\u00bfSe viene una <b>nueva<\/b> ola de inflaci\u00f3n? Lo que anticipan los precios mayoristas &#8211; El Cronista"},"content":{"rendered":"<p>La inflaci\u00f3n mayorista registr\u00f3 un salto al 2,8% mensual. &middot; \u00bfSe viene un <b>nuevo<\/b> salto de inflaci\u00f3n? &middot; El peso del d\u00f3lar &middot; El dato econ\u00f3mico que ser\u00e1&nbsp;&#8230; <\/p>\n","protected":false},"excerpt":{"rendered":"<p>La inflaci\u00f3n mayorista registr\u00f3 un salto al 2,8% mensual. &middot; \u00bfSe viene un nuevo salto de inflaci\u00f3n? &middot; El peso del d\u00f3lar &middot; El dato econ\u00f3mico que ser\u00e1&nbsp;&#8230;<\/p>\n","protected":false},"author":1,"featured_media":0,"comment_status":"closed","ping_status":"closed","sticky":false,"template":"","format":"standard","meta":[],"categories":[23],"tags":[],"_links":{"self":[{"href":"http:\/\/cordobainforma.info\/index.php\/wp-json\/wp\/v2\/posts\/165520"}],"collection":[{"href":"http:\/\/cordobainforma.info\/index.php\/wp-json\/wp\/v2\/posts"}],"about":[{"href":"http:\/\/cordobainforma.info\/index.php\/wp-json\/wp\/v2\/types\/post"}],"author":[{"embeddable":true,"href":"http:\/\/cordobainforma.info\/index.php\/wp-json\/wp\/v2\/users\/1"}],"replies":[{"embeddable":true,"href":"http:\/\/cordobainforma.info\/index.php\/wp-json\/wp\/v2\/comments?post=165520"}],"version-history":[{"count":0,"href":"http:\/\/cordobainforma.info\/index.php\/wp-json\/wp\/v2\/posts\/165520\/revisions"}],"wp:attachment":[{"href":"http:\/\/cordobainforma.info\/index.php\/wp-json\/wp\/v2\/media?parent=165520"}],"wp:term":[{"taxonomy":"category","embeddable":true,"href":"http:\/\/cordobainforma.info\/index.php\/wp-json\/wp\/v2\/categories?post=165520"},{"taxonomy":"post_tag","embeddable":true,"href":"http:\/\/cordobainforma.info\/index.php\/wp-json\/wp\/v2\/tags?post=165520"}],"curies":[{"name":"wp","href":"https:\/\/api.w.org\/{rel}","templated":true}]}}