{"id":165485,"date":"2025-08-21T04:37:21","date_gmt":"2025-08-21T04:37:21","guid":{"rendered":"https:\/\/www.clarin.com\/deportes\/grindetti-pidio-sancion-conmebol-universidad-chile-reclamo-liberacion-responsabilidad-independiente_0_UaHXhdHWQn.html"},"modified":"2025-08-21T04:37:21","modified_gmt":"2025-08-21T04:37:21","slug":"grindetti-pidio-una-sancion-de-la-conmebol-a-la-universidad-de-chile-y-reclamo-la-liberacion-de-la-responsabilidad-a-independiente","status":"publish","type":"post","link":"http:\/\/cordobainforma.info\/index.php\/2025\/08\/21\/grindetti-pidio-una-sancion-de-la-conmebol-a-la-universidad-de-chile-y-reclamo-la-liberacion-de-la-responsabilidad-a-independiente\/","title":{"rendered":"Grindetti pidi\u00f3 \u00abuna sanci\u00f3n\u00bb de la Conmebol a la Universidad de Chile y reclam\u00f3 \u00abla liberaci\u00f3n de la responsabilidad a Independiente\u00bb"},"content":{"rendered":"<p><img src=\"http:\/\/cordobainforma.info\/wp-content\/uploads\/2025\/08\/grindetti-pidio-una-sancion-de-la-conmebol-a-la-universidad-de-chile-y-reclamo-la-liberacion-de-la-responsabilidad-a-independiente.jpg\"><\/p>\n<div><img src=\"http:\/\/cordobainforma.info\/wp-content\/uploads\/2025\/08\/grindetti-pidio-una-sancion-de-la-conmebol-a-la-universidad-de-chile-y-reclamo-la-liberacion-de-la-responsabilidad-a-independiente-2.jpg\" class=\"ff-og-image-inserted\"><\/div>\n<div id=\"element-body-0\" readability=\"62\">\n<p><strong>Independiente no quiere perder tiempo<\/strong>. Despu\u00e9s de la barbarie que se vivi\u00f3 este mi\u00e9rcoles por la noche en Avellaneda, el presidente del club <strong>N\u00e9stor Grindetti <\/strong>habl\u00f3 sobre <strong>\u00abun claro responsable\u00bb<\/strong> de los violentos episodios y anticip\u00f3 que viajar\u00e1n a Paraguay para reunirse con la Conmebol de cara a la resoluci\u00f3n del <strong>encuentro que fue cancelado ante la Universidad de Chile<\/strong>, en el inicio del segundo tiempo cuando el resultado estaba 1-1.<\/p>\n<\/div>\n<div id=\"element-body-1\" readability=\"65\">\n<p><strong>\u00abEstuvimos hablando con la gente de Conmebol, vamos a defender los intereses del club porque Independiente no ha tenido nada que ver, est\u00e1 claro que el comienzo y la continuidad del problema fue de un solo p\u00fablico. De hecho hay 90 detenidos y son todos de la Universidad de Chile. Si hay que viajar a Paraguay, lo haremos, vamos a seguir hasta la \u00faltimo. Ac\u00e1 corresponde una sanci\u00f3n al club chileno y una liberaci\u00f3n de la responsabilidad a Independiente\u00bb<\/strong>, asegur\u00f3 en declaraciones al canal TyC Sports.<\/p>\n<\/div>\n<div id=\"element-body-2\" readability=\"27.630952380952\">\n<blockquote class=\"twitter-tweet\" readability=\"7.5357142857143\">\n<p lang=\"es\" dir=\"ltr\">N\u00e9stor Grindetti, presidente de Independiente, EN VIVO: \u00abLe corresponde una sanci\u00f3n a la U por lo sucedido. Nosotros vamos a defender los intereses de Independiente ante CONMEBOL\u00bb. <a href=\"https:\/\/t.co\/1ZHOZ3pQ61\">pic.twitter.com\/1ZHOZ3pQ61<\/a><\/p>\n<p>\u2014 TyC Sports (@TyCSports) <a href=\"https:\/\/twitter.com\/TyCSports\/status\/1958384640118391016?ref_src=twsrc%5Etfw\">August 21, 2025<\/a><\/p><\/blockquote><\/div>\n<div id=\"element-body-3\" readability=\"61\">\n<p>En la misma l\u00ednea se expres\u00f3 <strong>Daniel Seoane<\/strong>, el secretario del club de Avellaneda: <strong>\u00abEs un noche muy triste. No tengo recuerdos de haber vivido algo as\u00ed. Lo que acaba de hacer la parcialidad de la U. de Chile es una locura, al borde de la tragedia. Es muy triste\u00bb<\/strong>.<\/p>\n<\/div>\n<div id=\"element-body-4\" readability=\"63\">\n<p><strong>\u00abHay muchos heridos de Independiente que han recibido sillazos, banquetas de la tribuna alta, nos tiraron inodoros para abajo. Rompieron todo lo que se les cruz\u00f3 por el camino. Independiente es un equipo que no tiene hechos de violencia cuando juega de visitante y de local. La U de Chile tiene bastantes antecedentes en estas situaciones. Son unos inadaptados totales\u201d<\/strong>, complet\u00f3.<\/p>\n<\/div>\n<div id=\"element-body-5\" readability=\"64\">\n<p><strong>\u00abNos destrozaron los ba\u00f1os y tiraban los artefactos a la tribuna. Dir\u00eda que estoy con bronca, amargado, angustiado. El p\u00fablico de Independiente no se merec\u00eda una cosa as\u00ed. El operativo lo determina la Conmebol, de hecho cuando fuimos a Chile era una tribuna compartida dividida con unas vallas. Las prevenciones eran las l\u00f3gicas. Lo que no se puede prever son los comportamientos que salen de los par\u00e1metros normales\u00bb<\/strong>, detall\u00f3 Grindetti.<\/p>\n<\/div>\n<div id=\"element-body-6\" readability=\"60\">\n<p><strong>\u00abEl Gobierno de la Provincia me coment\u00f3 que hab\u00eda 90 detenidos, heridos sin riesgo en los hospitales de Avellaneda y algunos heridos leves\u00bb<\/strong>, detall\u00f3 el presidente sobre el saldo de los incidentes.<\/p>\n<\/div>\n","protected":false},"excerpt":{"rendered":"<p>Independiente no quiere perder tiempo. Despu\u00e9s de la barbarie que se vivi\u00f3 este mi\u00e9rcoles por la noche en Avellaneda, el presidente del club N\u00e9stor Grindetti habl\u00f3 sobre \u00abun claro responsable\u00bb de los violentos episodios y anticip\u00f3 que viajar\u00e1n a Paraguay para reunirse con la Conmebol de cara a la resoluci\u00f3n del encuentro que fue cancelado [&hellip;]<\/p>\n","protected":false},"author":1,"featured_media":165486,"comment_status":"closed","ping_status":"closed","sticky":false,"template":"","format":"standard","meta":[],"categories":[20],"tags":[],"_links":{"self":[{"href":"http:\/\/cordobainforma.info\/index.php\/wp-json\/wp\/v2\/posts\/165485"}],"collection":[{"href":"http:\/\/cordobainforma.info\/index.php\/wp-json\/wp\/v2\/posts"}],"about":[{"href":"http:\/\/cordobainforma.info\/index.php\/wp-json\/wp\/v2\/types\/post"}],"author":[{"embeddable":true,"href":"http:\/\/cordobainforma.info\/index.php\/wp-json\/wp\/v2\/users\/1"}],"replies":[{"embeddable":true,"href":"http:\/\/cordobainforma.info\/index.php\/wp-json\/wp\/v2\/comments?post=165485"}],"version-history":[{"count":0,"href":"http:\/\/cordobainforma.info\/index.php\/wp-json\/wp\/v2\/posts\/165485\/revisions"}],"wp:featuredmedia":[{"embeddable":true,"href":"http:\/\/cordobainforma.info\/index.php\/wp-json\/wp\/v2\/media\/165486"}],"wp:attachment":[{"href":"http:\/\/cordobainforma.info\/index.php\/wp-json\/wp\/v2\/media?parent=165485"}],"wp:term":[{"taxonomy":"category","embeddable":true,"href":"http:\/\/cordobainforma.info\/index.php\/wp-json\/wp\/v2\/categories?post=165485"},{"taxonomy":"post_tag","embeddable":true,"href":"http:\/\/cordobainforma.info\/index.php\/wp-json\/wp\/v2\/tags?post=165485"}],"curies":[{"name":"wp","href":"https:\/\/api.w.org\/{rel}","templated":true}]}}