{"id":165483,"date":"2025-08-21T05:29:40","date_gmt":"2025-08-21T05:29:40","guid":{"rendered":"https:\/\/www.clarin.com\/deportes\/embajador-chile-argentina-confirmo-heridos-grave-barbarie-independiente-vs-chile-entro-quirofano_0_q8sGHbUsdW.html"},"modified":"2025-08-21T05:29:40","modified_gmt":"2025-08-21T05:29:40","slug":"el-embajador-de-chile-en-la-argentina-confirmo-nueve-heridos-uno-de-ellos-grave-por-la-barbarie-de-independiente-vs-la-u-de-chile-entro-al-quirofano","status":"publish","type":"post","link":"http:\/\/cordobainforma.info\/index.php\/2025\/08\/21\/el-embajador-de-chile-en-la-argentina-confirmo-nueve-heridos-uno-de-ellos-grave-por-la-barbarie-de-independiente-vs-la-u-de-chile-entro-al-quirofano\/","title":{"rendered":"El embajador de Chile en la Argentina confirm\u00f3 nueve heridos, uno de ellos grave, por la barbarie de Independiente vs la U. de Chile: \u00abEntr\u00f3 al quir\u00f3fano\u00bb"},"content":{"rendered":"<p><img src=\"http:\/\/cordobainforma.info\/wp-content\/uploads\/2025\/08\/el-embajador-de-chile-en-la-argentina-confirmo-nueve-heridos-uno-de-ellos-grave-por-la-barbarie-de-independiente-vs-la-u-de-chile-entro-al-quirofano.jpg\"><\/p>\n<div><img src=\"http:\/\/cordobainforma.info\/wp-content\/uploads\/2025\/08\/el-embajador-de-chile-en-la-argentina-confirmo-nueve-heridos-uno-de-ellos-grave-por-la-barbarie-de-independiente-vs-la-u-de-chile-entro-al-quirofano-2.jpg\" class=\"ff-og-image-inserted\"><\/div>\n<div id=\"element-body-0\" readability=\"66\">\n<p>Pese a que la barbarie que recorri\u00f3 el mundo ocurri\u00f3 en Avellaneda, la primera palabra oficial de un funcionario lleg\u00f3 entrada la madrugada de este jueves y correspondi\u00f3 al embajador de Chile en Argentina, <strong>Jos\u00e9 Antonio Viera-Gallo<\/strong>, quien <strong>confirm\u00f3 el saldo de nueve heridos, uno de ellos de la Universidad de Chile en estado grave y operado de urgencia en el hospital Fiorito de Avellaneda<\/strong>, despu\u00e9s de los graves incidentes con los fan\u00e1ticos de <strong>Independiente<\/strong>, en medio de la revancha de los octavos de final de la <strong>Copa Sudamericana<\/strong>.<\/p>\n<\/div>\n<div id=\"element-body-1\" readability=\"62\">\n<p>En declaraciones a la radio chilena &#8216;Bio Bio&#8217;, calific\u00f3 a los hechos como \u201cmuy condenables\u201d y \u201cmuy graves\u201d, mientras que detall\u00f3 que el equipo consular chileno se moviliz\u00f3 de inmediato con la c\u00f3nsul general y el agregado de Carabineros en el estadio para seguir la situaci\u00f3n y coordinar con las autoridades locales.<\/p>\n<\/div>\n<div id=\"element-body-2\" readability=\"60\">\n<p>El embajador afirm\u00f3 que la informaci\u00f3n con la que contaba hasta el momento de su salida al aire indicaba \u201cheridos de ambos lados\u00bb de los protagonistas de los incidentes m\u00e1s graves, en el inicio del segundo tiempo y que derivaron en la cancelaci\u00f3n del encuentro por parte de la Conmebol. <\/p>\n<\/div>\n<div id=\"element-body-3\" readability=\"60\">\n<p><strong>\u00abHay heridos con arma blanca y hay uno de los heridos chilenos que est\u00e1 grave. Entr\u00f3 al quir\u00f3fano\u201c<\/strong>, precis\u00f3 Viera-Gallo en su relato, del que despu\u00e9s se supo que tiene 32 a\u00f1os.<\/p>\n<\/div>\n<div id=\"element-body-4\" readability=\"65\">\n<p>Una vez que salieron del estadio, seg\u00fan inform\u00f3 la Polic\u00eda de la Ciudad, \u00abse requisaron todos los micros que volvieron del estadio de Independiente a Puerto Madero\u00bb. <strong>\u00abEstos simpatizantes son los que se hospedaron en hoteles de la Ciudad y se juntaron all\u00ed para ir todos juntos al partido. La Divisi\u00f3n de perros K9 revis\u00f3 los micros, mientras que los polic\u00edas identificaron a cada uno de los 400 hinchas con sus fotos y respectivas c\u00e9dulas. No se encontraron armas blancas, ni drogas ni tampoco bengalas\u00bb<\/strong>, indic\u00f3.<\/p>\n<\/div>\n<div id=\"element-body-5\" readability=\"65\">\n<p><strong>\u201cEl contacto permanente lo tiene en forma directa nuestro agregado de Carabineros con ellos y eso se tiene antes del partido, durante el partido y ahora\u201d<\/strong>, afirm\u00f3 Viera-Gallo sobre c\u00f3mo se prepara el operativo de seguridad, que encapsul\u00f3 a los hinchas en Puerto Madero, en la Capital Federal, antes de recorrer los pocos kil\u00f3metros que los separan hasta Avellaneda cerca de la hora del encuentro.<\/p>\n<\/div>\n<div id=\"element-body-7\" readability=\"61\">\n<p>El presidente de Chile, <strong>Gabriel Boric<\/strong>, conden\u00f3 la violencia desatada por las barrabravas durante el partido en Avellaneda y tild\u00f3 de <strong>\u00abirresponsable\u00bb a la Confederaci\u00f3n Sudamericana de F\u00fatbol (Conmebol)<\/strong>.<\/p>\n<\/div>\n<div id=\"element-body-8\" readability=\"64\">\n<p>En un breve mensaje difundido a trav\u00e9s de redes sociales, revel\u00f3 que la Canciller\u00eda chilena est\u00e1 trabajando para garantizar el regreso seguro tanto a los futbolistas como a los hinchas de la &#8216;U&#8217;, y denunci\u00f3 el problema que supone, en general, la presencia de estas barras radicales en el f\u00fatbol.<\/p>\n<\/div>\n<div id=\"element-body-9\" readability=\"61\">\n<p><strong>\u00abLo sucedido en Avellaneda entre las hinchadas de Independiente y Universidad de Chile est\u00e1 mal en demasiados sentidos, desde la violencia en las barras hasta la evidente irresponsabilidad en la organizaci\u00f3n. La justicia deber\u00e1 determinar los responsables\u00bb<\/strong>, se\u00f1al\u00f3 Boric.<\/p>\n<\/div>\n<div id=\"element-body-10\" readability=\"31.018237082067\">\n<blockquote class=\"twitter-tweet\" readability=\"7.6352583586626\">\n<p lang=\"es\" dir=\"ltr\">Lo sucedido en Avellaneda entre las hinchadas de Independiente y Universidad de Chile est\u00e1 mal en demasiados sentidos, desde la violencia en las barras hasta la evidente irresponsabilidad en la organizaci\u00f3n. La justicia deber\u00e1 determinar los responsables. <\/p>\n<p>Ahora nuestra\u2026<\/p>\n<p>\u2014 Gabriel Boric Font (@GabrielBoric) <a href=\"https:\/\/twitter.com\/GabrielBoric\/status\/1958376692654715283?ref_src=twsrc%5Etfw\">August 21, 2025<\/a><\/p><\/blockquote><\/div>\n<div id=\"element-body-11\" readability=\"64\">\n<p><strong>\u00abAhora nuestra prioridad como Gobierno es conocer el estado de nuestros compatriotas que han sido agredidos, asegurar su atenci\u00f3n m\u00e9dica inmediata y que a quienes est\u00e1n detenidos se les respeten sus garant\u00edas. Para ello estamos trabajando con Embajada, Consulado, Canciller\u00eda y Ministerio del Interior\u00bb<\/strong>, agreg\u00f3.<\/p>\n<\/div>\n<div id=\"element-body-12\" readability=\"63\">\n<p><strong>\u00abLe he encargado a nuestro embajador en Argentina, Jos\u00e9 Antonio Viera Gallo, que se dirija personalmente tanto a la Comisar\u00eda donde est\u00e1n detenidos los hinchas de la U como al Hospital donde se encuentran los heridos para garantizar la seguridad de nuestros compatriotas\u00bb<\/strong>, recalc\u00f3 Boric en un segundo mensaje en su cuenta oficial.<\/p>\n<\/div>\n","protected":false},"excerpt":{"rendered":"<p>Pese a que la barbarie que recorri\u00f3 el mundo ocurri\u00f3 en Avellaneda, la primera palabra oficial de un funcionario lleg\u00f3 entrada la madrugada de este jueves y correspondi\u00f3 al embajador de Chile en Argentina, Jos\u00e9 Antonio Viera-Gallo, quien confirm\u00f3 el saldo de nueve heridos, uno de ellos de la Universidad de Chile en estado grave [&hellip;]<\/p>\n","protected":false},"author":1,"featured_media":165484,"comment_status":"closed","ping_status":"closed","sticky":false,"template":"","format":"standard","meta":[],"categories":[20],"tags":[],"_links":{"self":[{"href":"http:\/\/cordobainforma.info\/index.php\/wp-json\/wp\/v2\/posts\/165483"}],"collection":[{"href":"http:\/\/cordobainforma.info\/index.php\/wp-json\/wp\/v2\/posts"}],"about":[{"href":"http:\/\/cordobainforma.info\/index.php\/wp-json\/wp\/v2\/types\/post"}],"author":[{"embeddable":true,"href":"http:\/\/cordobainforma.info\/index.php\/wp-json\/wp\/v2\/users\/1"}],"replies":[{"embeddable":true,"href":"http:\/\/cordobainforma.info\/index.php\/wp-json\/wp\/v2\/comments?post=165483"}],"version-history":[{"count":0,"href":"http:\/\/cordobainforma.info\/index.php\/wp-json\/wp\/v2\/posts\/165483\/revisions"}],"wp:featuredmedia":[{"embeddable":true,"href":"http:\/\/cordobainforma.info\/index.php\/wp-json\/wp\/v2\/media\/165484"}],"wp:attachment":[{"href":"http:\/\/cordobainforma.info\/index.php\/wp-json\/wp\/v2\/media?parent=165483"}],"wp:term":[{"taxonomy":"category","embeddable":true,"href":"http:\/\/cordobainforma.info\/index.php\/wp-json\/wp\/v2\/categories?post=165483"},{"taxonomy":"post_tag","embeddable":true,"href":"http:\/\/cordobainforma.info\/index.php\/wp-json\/wp\/v2\/tags?post=165483"}],"curies":[{"name":"wp","href":"https:\/\/api.w.org\/{rel}","templated":true}]}}