{"id":165481,"date":"2025-08-21T04:38:30","date_gmt":"2025-08-21T04:38:30","guid":{"rendered":"https:\/\/somoscordobeses.com\/2025\/08\/21\/violencia-extrema-en-independiente-vs-u-de-chile-butacas-quemadas-heridos-y-corridas\/"},"modified":"2025-08-21T04:38:30","modified_gmt":"2025-08-21T04:38:30","slug":"violencia-extrema-en-independiente-vs-u-de-chile-butacas-quemadas-heridos-y-corridas","status":"publish","type":"post","link":"http:\/\/cordobainforma.info\/index.php\/2025\/08\/21\/violencia-extrema-en-independiente-vs-u-de-chile-butacas-quemadas-heridos-y-corridas\/","title":{"rendered":"Violencia extrema en Independiente vs. U. de Chile: butacas quemadas, heridos y corridas"},"content":{"rendered":"<div><img src=\"http:\/\/cordobainforma.info\/wp-content\/uploads\/2025\/08\/violencia-extrema-en-independiente-vs-u-de-chile-butacas-quemadas-heridos-y-corridas.jpg\" class=\"ff-og-image-inserted\"><\/div>\n<p>El encuentro entre Independiente y la Universidad de Chile, correspondiente a la vuelta de los octavos de final de la Copa Sudamericana, fue cancelado por graves incidentes en las tribunas del estadio Libertadores de Am\u00e9rica.<\/p>\n<p>Durante el segundo tiempo, desde el sector ocupado por simpatizantes de la U de Chile prendieron fuego butacas, lo que gener\u00f3 focos de incendio en la platea.<\/p>\n<figure data-tadevel-template=\"web\/multimedia\" data-type=\"photo\"> <\/figure>\n<p>En paralelo, se registraron agresiones con proyectiles que alcanzaron a hinchas de Independiente. Algunos resultaron heridos, seg\u00fan se pudo observar en la transmisi\u00f3n oficial de la Conmebol.<\/p>\n<p>De acuerdo con lo informado por la organizaci\u00f3n, para este partido se hab\u00eda dispuesto un operativo de 650 efectivos policiales. Pese a ello, los incidentes se extendieron dentro y fuera del estadio.<\/p>\n<figure data-tadevel-template=\"web\/multimedia\" data-type=\"video\"><figcaption>\n<p>X de Nelson Lafit<\/p>\n<\/figcaption><\/figure>\n<p>En la salida por la avenida Mitre, la polic\u00eda dispers\u00f3 a los hinchas visitantes con balas de goma y gases lacrim\u00f3genos.<\/p>\n<figure data-tadevel-template=\"web\/multimedia\" data-type=\"video\"><figcaption>\n<p>X de El Enganche<\/p>\n<\/figcaption><\/figure>\n<p>M\u00e1s tarde, la barra de Independiente ingres\u00f3 a la tribuna, agredi\u00f3 y desnud\u00f3 a hinchas chilenos que se encontraban a\u00fan en el sector visitante.<\/p>\n<p>Las im\u00e1genes son escalofriantes. Uno de los hinchas chilenos debi\u00f3 saltar al vac\u00edo desde la tribuna alta y qued\u00f3 gravemente herido.<\/p>\n<figure data-tadevel-template=\"web\/multimedia\" data-type=\"video\"><figcaption>\n<p>X de ProDeportes<\/p>\n<\/figcaption><\/figure>\n<p>Seg\u00fan informaron diferentes medios de Buenos Aires, habr\u00eda tres hinchas heridos de gravedad.<\/p>\n<figure data-tadevel-template=\"web\/multimedia\" data-type=\"video\"><figcaption>\n<p>X de Germ\u00e1n Garc\u00eda Grova<\/p>\n<\/figcaption><\/figure>\n<p>En tanto, la polic\u00eda detuvo a m\u00e1s de 350 hinchas de la U de Chile en las afueras del Libertadores de Am\u00e9rica.<\/p>\n<figure data-html data-tadevel-template=\"web\/multimedia\" data-type=\"rich\" data-url=\"https:\/\/twitter.com\/Sudamericana\/status\/1958361110433681809\"><figcaption>\n<p>X de CONMEBOL Sudamericana<\/p>\n<\/figcaption><\/figure>\n<p>El partido qued\u00f3 cancelado por Conmebol y se esperan posibles sanciones para ambos clubes.<\/p>\n","protected":false},"excerpt":{"rendered":"<p>El encuentro entre Independiente y la Universidad de Chile, correspondiente a la vuelta de los octavos de final de la Copa Sudamericana, fue cancelado por graves incidentes en las tribunas del estadio Libertadores de Am\u00e9rica. Durante el segundo tiempo, desde el sector ocupado por simpatizantes de la U de Chile prendieron fuego butacas, lo que [&hellip;]<\/p>\n","protected":false},"author":1,"featured_media":165482,"comment_status":"closed","ping_status":"closed","sticky":false,"template":"","format":"standard","meta":[],"categories":[2],"tags":[],"_links":{"self":[{"href":"http:\/\/cordobainforma.info\/index.php\/wp-json\/wp\/v2\/posts\/165481"}],"collection":[{"href":"http:\/\/cordobainforma.info\/index.php\/wp-json\/wp\/v2\/posts"}],"about":[{"href":"http:\/\/cordobainforma.info\/index.php\/wp-json\/wp\/v2\/types\/post"}],"author":[{"embeddable":true,"href":"http:\/\/cordobainforma.info\/index.php\/wp-json\/wp\/v2\/users\/1"}],"replies":[{"embeddable":true,"href":"http:\/\/cordobainforma.info\/index.php\/wp-json\/wp\/v2\/comments?post=165481"}],"version-history":[{"count":0,"href":"http:\/\/cordobainforma.info\/index.php\/wp-json\/wp\/v2\/posts\/165481\/revisions"}],"wp:featuredmedia":[{"embeddable":true,"href":"http:\/\/cordobainforma.info\/index.php\/wp-json\/wp\/v2\/media\/165482"}],"wp:attachment":[{"href":"http:\/\/cordobainforma.info\/index.php\/wp-json\/wp\/v2\/media?parent=165481"}],"wp:term":[{"taxonomy":"category","embeddable":true,"href":"http:\/\/cordobainforma.info\/index.php\/wp-json\/wp\/v2\/categories?post=165481"},{"taxonomy":"post_tag","embeddable":true,"href":"http:\/\/cordobainforma.info\/index.php\/wp-json\/wp\/v2\/tags?post=165481"}],"curies":[{"name":"wp","href":"https:\/\/api.w.org\/{rel}","templated":true}]}}