{"id":165479,"date":"2025-08-21T04:38:36","date_gmt":"2025-08-21T04:38:36","guid":{"rendered":"https:\/\/somoscordobeses.com\/2025\/08\/21\/casacion-bloqueo-el-decreto-que-extendia-la-amnistia-fiscal-a-redes-de-evasion\/"},"modified":"2025-08-21T04:38:36","modified_gmt":"2025-08-21T04:38:36","slug":"casacion-bloqueo-el-decreto-que-extendia-la-amnistia-fiscal-a-redes-de-evasion","status":"publish","type":"post","link":"http:\/\/cordobainforma.info\/index.php\/2025\/08\/21\/casacion-bloqueo-el-decreto-que-extendia-la-amnistia-fiscal-a-redes-de-evasion\/","title":{"rendered":"Casaci\u00f3n bloque\u00f3 el decreto que extend\u00eda la amnist\u00eda fiscal a redes de evasi\u00f3n"},"content":{"rendered":"<div><img src=\"http:\/\/cordobainforma.info\/wp-content\/uploads\/2025\/08\/casacion-bloqueo-el-decreto-que-extendia-la-amnistia-fiscal-a-redes-de-evasion.jpg\" class=\"ff-og-image-inserted\"><\/div>\n<p>La <strong>C\u00e1mara Federal de Casaci\u00f3n Penal<\/strong> declar\u00f3 inconstitucional el <i>Decreto 608\/2024<\/i>, firmado por el presidente <strong>Javier Milei<\/strong>, que habilitaba extinguir la acci\u00f3n penal contra empresarios condenados por asociaci\u00f3n il\u00edcita fiscal en la causa conocida como <i>\u201cCereal Negro\u201d<\/i>, vinculada a operaciones ilegales con empresas como <strong>Vicentin<\/strong>, <strong>Cargill<\/strong> y <strong>Bunge Argentina<\/strong>.<\/p>\n<p>La decisi\u00f3n fue adoptada por la Sala II, con los votos de los jueces <strong>Alejandro W. Slokar<\/strong> y <strong>\u00c1ngela Ledesma<\/strong>, y la disidencia del juez <strong>Guillermo Yacobucci<\/strong>, tras aceptar los recursos presentados por la <strong>AFIP<\/strong> y el <strong>Ministerio P\u00fablico Fiscal<\/strong>.<\/p>\n<p>El tribunal consider\u00f3 \u201carbitraria\u201d la resoluci\u00f3n del <strong>Tribunal Oral Federal 2 de C\u00f3rdoba<\/strong> que hab\u00eda beneficiado a los imputados al aplicar la Ley 27.743, conocida como Medidas Fiscales Paliativas y Relevantes.<\/p>\n<p><mark><strong>La investigaci\u00f3n judicial prob\u00f3 que los condenados montaron un circuito para comprar cereal en negro y blanquearlo mediante sociedades ficticias a nombre de prestanombres insolventes, defraudando al fisco por sumas millonarias. Con esos fondos adquirieron inmuebles y veh\u00edculos de alta gama.<\/strong><\/mark><\/p>\n<p>El fallo representa un rev\u00e9s para la pol\u00edtica fiscal del Gobierno, que en los \u00faltimos meses impuls\u00f3 medidas de blanqueo y alivio impositivo orientadas a sectores de altos ingresos, mientras aplicaba recortes en partidas sociales y previsionales.<\/p>\n","protected":false},"excerpt":{"rendered":"<p>La C\u00e1mara Federal de Casaci\u00f3n Penal declar\u00f3 inconstitucional el Decreto 608\/2024, firmado por el presidente Javier Milei, que habilitaba extinguir la acci\u00f3n penal contra empresarios condenados por asociaci\u00f3n il\u00edcita fiscal en la causa conocida como \u201cCereal Negro\u201d, vinculada a operaciones ilegales con empresas como Vicentin, Cargill y Bunge Argentina. La decisi\u00f3n fue adoptada por la [&hellip;]<\/p>\n","protected":false},"author":1,"featured_media":165480,"comment_status":"closed","ping_status":"closed","sticky":false,"template":"","format":"standard","meta":[],"categories":[2],"tags":[],"_links":{"self":[{"href":"http:\/\/cordobainforma.info\/index.php\/wp-json\/wp\/v2\/posts\/165479"}],"collection":[{"href":"http:\/\/cordobainforma.info\/index.php\/wp-json\/wp\/v2\/posts"}],"about":[{"href":"http:\/\/cordobainforma.info\/index.php\/wp-json\/wp\/v2\/types\/post"}],"author":[{"embeddable":true,"href":"http:\/\/cordobainforma.info\/index.php\/wp-json\/wp\/v2\/users\/1"}],"replies":[{"embeddable":true,"href":"http:\/\/cordobainforma.info\/index.php\/wp-json\/wp\/v2\/comments?post=165479"}],"version-history":[{"count":0,"href":"http:\/\/cordobainforma.info\/index.php\/wp-json\/wp\/v2\/posts\/165479\/revisions"}],"wp:featuredmedia":[{"embeddable":true,"href":"http:\/\/cordobainforma.info\/index.php\/wp-json\/wp\/v2\/media\/165480"}],"wp:attachment":[{"href":"http:\/\/cordobainforma.info\/index.php\/wp-json\/wp\/v2\/media?parent=165479"}],"wp:term":[{"taxonomy":"category","embeddable":true,"href":"http:\/\/cordobainforma.info\/index.php\/wp-json\/wp\/v2\/categories?post=165479"},{"taxonomy":"post_tag","embeddable":true,"href":"http:\/\/cordobainforma.info\/index.php\/wp-json\/wp\/v2\/tags?post=165479"}],"curies":[{"name":"wp","href":"https:\/\/api.w.org\/{rel}","templated":true}]}}