{"id":165439,"date":"2025-08-20T06:20:36","date_gmt":"2025-08-20T06:20:36","guid":{"rendered":"https:\/\/www.mujerhoy.com\/vivir\/decoracion\/truco-expertos-decoracion-habitaciones-pequenas-parezcan-grandes-20250820111522-nt.html"},"modified":"2025-08-20T06:20:36","modified_gmt":"2025-08-20T06:20:36","slug":"el-truco-que-los-expertos-en-decoracion-recomiendan-para-que-las-habitaciones-pequenas-parezcan-mas-grandes","status":"publish","type":"post","link":"http:\/\/cordobainforma.info\/index.php\/2025\/08\/20\/el-truco-que-los-expertos-en-decoracion-recomiendan-para-que-las-habitaciones-pequenas-parezcan-mas-grandes\/","title":{"rendered":"El truco que los expertos en decoraci\u00f3n recomiendan para que las habitaciones peque\u00f1as parezcan m\u00e1s grandes"},"content":{"rendered":"<div class=\"media_block\"><\/div>\n<p><!-- AUTHOR --><\/p>\n<div class=\"voc-author-timesocial \">\n<!-- AUTHOR --><\/p>\n<div class=\"voc-author-timesocial__signature \">\n<!-- IMAGE AUTHOR -->\n<picture class=\"voc-image-signature\">\n<img class=\"voc-image-signature__img\" src=\"http:\/\/cordobainforma.info\/wp-content\/uploads\/2025\/08\/el-truco-que-los-expertos-en-decoracion-recomiendan-para-que-las-habitaciones-pequenas-parezcan-mas-grandes.jpg\" alt=\"Ana Calvo\">\n<\/picture>\n<!-- INFO AUTHOR --><\/p>\n<div class=\"voc-author-timesocial__info\" data-mrf-recirculation=\"Autor\">\n<div class=\"voc-author-info\">\n<author><br \/>\n<a class=\"voc-author\" href=\"https:\/\/www.mujerhoy.com\/autor\/ana-calvo-1186.html\">Ana Calvo<\/a><br \/>\n<\/author><br \/>\n<!-- TIME --><br \/>\n<time datetime=\"2025-08-20T06:20:36Z\" data-timestamp><br \/>\nPublicado \u00b7 <span data-voc-date-modified-short> 20 de agosto de 2025, 08:20 h <\/span><br \/>\n<\/time>\n<\/div>\n<\/div>\n<\/div><\/div>\n<p><!-- COMPONENTS --><\/p>\n<p class=\"voc-paragraph\"><strong>Decorar una casa<\/strong> no es solo una cuesti\u00f3n de buen gusto. Ni siquiera es tan sencillo como estudiarse <a href=\"https:\/\/www.mujerhoy.com\/vivir\/decoracion\/tendencias-deco-verano-2025-estilo-mediterraneo-claves-casa-bonita-20250618160344-nt.html\" title=\"www.mujerhoy.com\" data-voc-vtm-id=\"in-text-traffic\" data-mrf-link=\"www.mujerhoy.com\">las tendencias de la temporada<\/a> y copiarlas al pie de la letra (un <a href=\"https:\/\/www.mujerhoy.com\/vivir\/decoracion\/casas-pequenas-trucos-decoracion-faciles-errores-habitaciones-mas-grandes-20221115123602-nt.html\" title=\"www.mujerhoy.com\" data-voc-vtm-id=\"in-text-traffic\" data-mrf-link=\"www.mujerhoy.com\">error de primero de interiorismo<\/a>, si me preguntan). Decorar una casa es mucho m\u00e1s y las decisiones est\u00e9ticas no ser\u00e1n las m\u00e1s importantes que tengamos que tomar.<\/p>\n<p class=\"voc-paragraph\">Sabemos que las tendencias est\u00e1n para inspirarnos y adaptarlas a nuestras necesidades, pero hacer de esa necesidad habitacional virtud va a ser la clave para que acertemos con la decoraci\u00f3n de nuestra casa. No se trata solo de que sea bonita o est\u00e9 a la \u00faltima, tambi\u00e9n tiene que contar qui\u00e9nes somos y, sobre todo, ser <a href=\"https:\/\/www.mujerhoy.com\/vivir\/decoracion\/consejo-madre-ordenar-armario-ropa-en-perchas-iguales-20250627140500-nt.html\" title=\"www.mujerhoy.com\" data-voc-vtm-id=\"in-text-traffic\" data-mrf-link=\"www.mujerhoy.com\">pr\u00e1ctica y funcional<\/a> para quienes viven en ella. <strong>Convertir una casa en nuestro hogar<\/strong> es, sin duda, el gran reto.<\/p>\n<div class=\"v-c-cmp v-c-cmp--t1 \">\n<div class=\"v-cmp-rld v-cmp-rld--2 \">\n<div class=\"v-cnt-m v-cnt-m--m\">\n<div class=\"v-cnt-m__c\">\n<div class=\"v-cnt-m__w v-cnt-m__w--1\">\n<p class=\"v-cnt-m__t\">\nTAMBI\u00c9N TE INTERESA\n<\/p>\n<\/div>\n<\/div>\n<\/div>\n<div class=\"v-g v-g--2-c v-g--bdr-min-xs\">\n<div class=\"v-g__c \">\n<article class=\"v-a v-a--cmp-rld v-a--cmp-rld-2 v-a--p-l\">\n<div class=\"v-a-img-c\">\n<figure class=\"v-a-fig\">\n<a href=\"https:\/\/www.mujerhoy.com\/vivir\/decoracion\/truco-recibidor-pasillo-estrechos-parezcan-mas-grandes-20250811152111-nt.html#vtm_modulosEngag=mod-rel:vivir:noticia:1:cmp:2-not\" class=\"v-a-link\" title=\"Siete trucos e ideas deco para que un pasillo o recibidor estrechos parezcan m\u00e1s grandes y funcionales\"><br \/>\n<img loading=\"lazy\" class=\"v-a-img\" src=\"http:\/\/cordobainforma.info\/wp-content\/uploads\/2025\/08\/el-truco-que-los-expertos-en-decoracion-recomiendan-para-que-las-habitaciones-pequenas-parezcan-mas-grandes-1.jpg\" alt=\"Siete trucos e ideas deco para que un pasillo o recibidor estrechos parezcan m\u00e1s grandes y funcionales\"><br \/>\n<\/a><br \/>\n<\/figure>\n<\/div>\n<\/article>\n<\/div>\n<div class=\"v-g__c \">\n<article class=\"v-a v-a--cmp-rld v-a--cmp-rld-2 v-a--p-l\">\n<div class=\"v-a-img-c\">\n<figure class=\"v-a-fig\">\n<a href=\"https:\/\/www.mujerhoy.com\/vivir\/decoracion\/ikea-comoda-mas-vendida-edicion-limitada-hemnes-mueble-precioso-barato-20250812121411-nt.html#vtm_modulosEngag=mod-rel:vivir:noticia:2:cmp:2-not\" class=\"v-a-link\" title=\"IKEA lanza una edici\u00f3n limitada preciosa de su c\u00f3moda m\u00e1s vendida: en el color tendencia del verano y con gran capacidad de almacenaje\"><br \/>\n<img loading=\"lazy\" class=\"v-a-img\" src=\"http:\/\/cordobainforma.info\/wp-content\/uploads\/2025\/08\/el-truco-que-los-expertos-en-decoracion-recomiendan-para-que-las-habitaciones-pequenas-parezcan-mas-grandes-2.jpg\" alt=\"IKEA lanza una edici\u00f3n limitada preciosa de su c\u00f3moda m\u00e1s vendida: en el color tendencia del verano y con gran capacidad de almacenaje\"><br \/>\n<\/a><br \/>\n<\/figure>\n<\/div>\n<\/article>\n<\/div>\n<\/div>\n<\/div>\n<\/div>\n<p class=\"voc-paragraph\">Uno de los primeros problemas que suelen surgir cuando tenemos que decorar espacios en nuestra casa es que estos no se corresponden con nuestras espectativas. Queremos <a href=\"https:\/\/www.mujerhoy.com\/vivir\/decoracion\/como-usar-blanco-decoracion-color-tendencia-verano-inspiracion-salones-ideas-bonitas-casa-20250723131423-nt.html\" title=\"www.mujerhoy.com\" data-voc-vtm-id=\"in-text-traffic\" data-mrf-link=\"www.mujerhoy.com\">un sal\u00f3n m\u00e1s grande<\/a>, un dormitorio m\u00e1s grande, <a href=\"https:\/\/www.mujerhoy.com\/vivir\/decoracion\/trucos-decoracion-cocinas-pequenas-parezcan-mas-grandes-ideas-bonitas-inspiracion-20250514080711-nt.html\" title=\"www.mujerhoy.com\" data-voc-vtm-id=\"in-text-traffic\" data-mrf-link=\"www.mujerhoy.com\">una cocina m\u00e1s grande<\/a>. Pero aunque los milagros no existen, <strong>la magia deco<\/strong> s\u00ed y en muchos casos puede conseguir que el tama\u00f1o no importe. O, al menos, que no sea un problema.<\/p>\n<p class=\"voc-paragraph\">Sabemos que hay <strong>trucos universales que funcionan<\/strong> para conseguir ampliar visualmente las estancias de nuestra casa. El uso del <a href=\"https:\/\/www.mujerhoy.com\/vivir\/decoracion\/trucos-decoracion-casa-parezca-mas-grande-como-usar-color-blanco-20211104120730-nt.html\" title=\"www.mujerhoy.com\" data-voc-vtm-id=\"in-text-traffic\" data-mrf-link=\"www.mujerhoy.com\">color y la luz<\/a>, los muebles con truco, el uso de espejos, el orden o la buena organizaci\u00f3n de los espacios ser\u00e1 clave para conseguirlo. Pero hoy vamos a ir un paso m\u00e1s all\u00e1, aunque conlleve reforma.<\/p>\n<p><h3 class=\"v-cmp-suh\">\nEl truco m\u00e1s usado por los decoradores en dormitorios peque\u00f1os<br \/>\n<\/h3>\n<\/p>\n<p class=\"voc-paragraph\">Aunque el sal\u00f3n y la cocina, con permiso del jard\u00edn o la terraza, suelen ser los grandes protagonistas, lo cierto es que el dormitorio es nuestro lugar sagrado de la casa. Y no solo el principal, que suele ser m\u00e1s grande: <strong>la habitaci\u00f3n de los ni\u00f1os o las de invitados<\/strong> tambi\u00e9n merecen su dosis de atenci\u00f3n y mimo deco.<\/p>\n<p class=\"voc-paragraph\">A menudo, estas estancias son las m\u00e1s reducidas de la casa, pero las circunstancias van cambiando y donde antes ten\u00edamos un despacho o un vestidor, ahora tenemos que <strong>crear la habitaci\u00f3n de dos peque\u00f1os<\/strong>. Y creedme, van a necesitar mucho m\u00e1s espacio que tus bolsos y, probablemente, que todo lo que imagines junto.<\/p>\n<p class=\"voc-paragraph\">As\u00ed que nos ponemos manos a la obra en busca de soluciones bonitas y, sobre todo, funcionales para <strong>optimizar al m\u00e1ximo un espacio<\/strong> en el que el confort y la seguridad, adem\u00e1s de la est\u00e9tica, van a ser claves. Y hemos encontrado un patr\u00f3n com\u00fan que usan los interioristas como truco y que consigue que, aunque parezca imposible, los metros cuadrados se multipliquen como por arte de magia.<\/p>\n<p class=\"voc-paragraph\">En estos casos, <strong>se reinventa el concepto de habitaci\u00f3n compartida<\/strong> y se huye de las composiciones cl\u00e1sicas a las que est\u00e1bamos acostumbrados en los dormitorios infantiles y juveniles. Adi\u00f3s a la f\u00f3rmula de las literas o las dos camas individuales, la mesita de noche en el centro, un escritorio com\u00fan y un armario y una c\u00f3moda. <\/p>\n<p class=\"voc-paragraph\">Eso s\u00ed, lejos de apostar por los conceptos abiertos a los que estamos acostumbrados en salones y cocinas, en este caso los expertos se basan en una optimizaci\u00f3n del espacio basado en una <strong>divisi\u00f3n racional y funcional<\/strong> a trav\u00e9s de colores y elementos de separaci\u00f3n m\u00f3viles, los juegos de alturas y el aprovechamiento milim\u00e9trico de hasta el \u00faltimo rinc\u00f3n.<\/p>\n<p class=\"voc-paragraph\">Uno de los trucos se basa en la <strong>creaci\u00f3n de alturas diferenciadas<\/strong>, pero con soluciones que van m\u00e1s all\u00e1 de las t\u00edpicas literas, lo que nos permite reorganizar el espacio de una forma m\u00e1s funcional y conseguir m\u00e1s espacio de almacenamiento. Las camas se elevan del suelo, aprovechando as\u00ed las zonas inferiores para colocar armarios y cajoneras.<\/p>\n<p class=\"voc-paragraph\">Adem\u00e1s, <strong>se diferencian las zonas<\/strong> de dormir de las de estudio y ocio a trav\u00e9s de divisiones f\u00edsicas integradas en el espacio, algo que favorece el descanso y la concentraci\u00f3n, adem\u00e1s de mantener la privacidad de cada uno de sus habitantes en caso necesario. El broche final lo pondr\u00e1n los <strong>colores, texturas, estampados<\/strong> y estilos que usaremos en paredes, textiles y elementos decorativos para imprimir el car\u00e1cter y gusto de sus habitantes.<\/p>\n<div class=\"v-c-cmp v-c-cmp--t1 \">\n<div class=\"v-cmp-rld v-cmp-rld--2 \">\n<div class=\"v-cnt-m v-cnt-m--m\">\n<div class=\"v-cnt-m__c\">\n<div class=\"v-cnt-m__w v-cnt-m__w--1\">\n<p class=\"v-cnt-m__t\">\nTAMBI\u00c9N TE INTERESA\n<\/p>\n<\/div>\n<\/div>\n<\/div>\n<div class=\"v-g v-g--2-c v-g--bdr-min-xs\">\n<div class=\"v-g__c \">\n<article class=\"v-a v-a--cmp-rld v-a--cmp-rld-2 v-a--p-l\">\n<div class=\"v-a-img-c\">\n<figure class=\"v-a-fig\">\n<a href=\"https:\/\/www.mujerhoy.com\/vivir\/decoracion\/camas-japonesas-futones-truco-deco-habitacion-pequena-parezca-mas-grande-20250625152322-nt.html#vtm_modulosEngag=mod-rel:vivir:noticia:1:cmp:2-not\" class=\"v-a-link\" title=\"Las camas japonesas y futones con los que tu habitaci\u00f3n peque\u00f1a parecer\u00e1 mucho m\u00e1s grande\"><br \/>\n<img loading=\"lazy\" class=\"v-a-img\" src=\"http:\/\/cordobainforma.info\/wp-content\/uploads\/2025\/08\/el-truco-que-los-expertos-en-decoracion-recomiendan-para-que-las-habitaciones-pequenas-parezcan-mas-grandes-3.jpg\" alt=\"Las camas japonesas y futones con los que tu habitaci\u00f3n peque\u00f1a parecer\u00e1 mucho m\u00e1s grande\"><br \/>\n<\/a><br \/>\n<\/figure>\n<\/div>\n<\/article>\n<\/div>\n<div class=\"v-g__c \">\n<article class=\"v-a v-a--cmp-rld v-a--cmp-rld-2 v-a--p-l\">\n<div class=\"v-a-img-c\">\n<figure class=\"v-a-fig\">\n<a href=\"https:\/\/www.mujerhoy.com\/vivir\/decoracion\/truco-recibidor-pasillo-estrechos-parezcan-mas-grandes-20250811152111-nt.html#vtm_modulosEngag=mod-rel:vivir:noticia:2:cmp:2-not\" class=\"v-a-link\" title=\"Siete trucos e ideas deco para que un pasillo o recibidor estrechos parezcan m\u00e1s grandes y funcionales\"><br \/>\n<img loading=\"lazy\" class=\"v-a-img\" src=\"http:\/\/cordobainforma.info\/wp-content\/uploads\/2025\/08\/el-truco-que-los-expertos-en-decoracion-recomiendan-para-que-las-habitaciones-pequenas-parezcan-mas-grandes-1.jpg\" alt=\"Siete trucos e ideas deco para que un pasillo o recibidor estrechos parezcan m\u00e1s grandes y funcionales\"><br \/>\n<\/a><br \/>\n<\/figure>\n<\/div>\n<\/article>\n<\/div>\n<\/div>\n<\/div>\n<\/div>\n","protected":false},"excerpt":{"rendered":"<p>Ana Calvo Publicado \u00b7 20 de agosto de 2025, 08:20 h Decorar una casa no es solo una cuesti\u00f3n de buen gusto. Ni siquiera es tan sencillo como estudiarse las tendencias de la temporada y copiarlas al pie de la letra (un error de primero de interiorismo, si me preguntan). Decorar una casa es mucho [&hellip;]<\/p>\n","protected":false},"author":1,"featured_media":165440,"comment_status":"open","ping_status":"closed","sticky":false,"template":"","format":"standard","meta":[],"categories":[18],"tags":[],"_links":{"self":[{"href":"http:\/\/cordobainforma.info\/index.php\/wp-json\/wp\/v2\/posts\/165439"}],"collection":[{"href":"http:\/\/cordobainforma.info\/index.php\/wp-json\/wp\/v2\/posts"}],"about":[{"href":"http:\/\/cordobainforma.info\/index.php\/wp-json\/wp\/v2\/types\/post"}],"author":[{"embeddable":true,"href":"http:\/\/cordobainforma.info\/index.php\/wp-json\/wp\/v2\/users\/1"}],"replies":[{"embeddable":true,"href":"http:\/\/cordobainforma.info\/index.php\/wp-json\/wp\/v2\/comments?post=165439"}],"version-history":[{"count":0,"href":"http:\/\/cordobainforma.info\/index.php\/wp-json\/wp\/v2\/posts\/165439\/revisions"}],"wp:featuredmedia":[{"embeddable":true,"href":"http:\/\/cordobainforma.info\/index.php\/wp-json\/wp\/v2\/media\/165440"}],"wp:attachment":[{"href":"http:\/\/cordobainforma.info\/index.php\/wp-json\/wp\/v2\/media?parent=165439"}],"wp:term":[{"taxonomy":"category","embeddable":true,"href":"http:\/\/cordobainforma.info\/index.php\/wp-json\/wp\/v2\/categories?post=165439"},{"taxonomy":"post_tag","embeddable":true,"href":"http:\/\/cordobainforma.info\/index.php\/wp-json\/wp\/v2\/tags?post=165439"}],"curies":[{"name":"wp","href":"https:\/\/api.w.org\/{rel}","templated":true}]}}