{"id":165431,"date":"2025-08-18T22:08:27","date_gmt":"2025-08-18T22:08:27","guid":{"rendered":"https:\/\/playfmradio.com\/?p=11874"},"modified":"2025-08-18T22:08:27","modified_gmt":"2025-08-18T22:08:27","slug":"isla-de-caras-se-presenta-en-cordoba-jueves-en-sala-formosa","status":"publish","type":"post","link":"http:\/\/cordobainforma.info\/index.php\/2025\/08\/18\/isla-de-caras-se-presenta-en-cordoba-jueves-en-sala-formosa\/","title":{"rendered":"Isla de Caras se presenta en C\u00f3rdoba: jueves en Sala Formosa"},"content":{"rendered":"<p>Con un estilo que viene ganando cada vez m\u00e1s espacio en la escena indie, Isla de Caras desembarca en C\u00f3rdoba este jueves 21 de agosto para presentarse en Sala Formosa. El show ya est\u00e1 cerca de agotar sus localidades, se\u00f1al del gran momento que atraviesa la banda. <\/p>\n<p>En los \u00faltimos a\u00f1os, el grupo recorri\u00f3 escenarios de Argentina, M\u00e9xico, Chile y Espa\u00f1a, compartiendo grillas con proyectos de la nueva generaci\u00f3n latinoamericana y confirmando su proyecci\u00f3n internacional. Su propuesta se caracteriza por canciones que combinan pop<br \/>con climas electr\u00f3nicos y una fuerte impronta visual en cada show. <\/p>\n<p>La visita a C\u00f3rdoba los encuentra en plena expansi\u00f3n, con un p\u00fablico que viene creciendo fecha tras fecha y que los acompa\u00f1a en este presente donde cada recital se convierte en un 6encuentro cercano con su universo musical.<br \/><img loading=\"lazy\" fetchpriority=\"high\" decoding=\"async\" src=\"http:\/\/cordobainforma.info\/wp-content\/uploads\/2025\/08\/isla-de-caras-se-presenta-en-cordoba-jueves-en-sala-formosa.png\" alt width=\"300\" height=\"300\" class=\"alignnone size-medium wp-image-11876\" srcset=\"http:\/\/cordobainforma.info\/wp-content\/uploads\/2025\/08\/isla-de-caras-se-presenta-en-cordoba-jueves-en-sala-formosa.png 300w, http:\/\/cordobainforma.info\/wp-content\/uploads\/2025\/08\/isla-de-caras-se-presenta-en-cordoba-jueves-en-sala-formosa-1.png 150w, http:\/\/cordobainforma.info\/wp-content\/uploads\/2025\/08\/isla-de-caras-se-presenta-en-cordoba-jueves-en-sala-formosa-2.png 170w, http:\/\/cordobainforma.info\/wp-content\/uploads\/2025\/08\/isla-de-caras-se-presenta-en-cordoba-jueves-en-sala-formosa-3.png 500w\" sizes=\"(max-width: 300px) 100vw, 300px\"><br \/>Las entradas para el show del jueves est\u00e1n disponibles en alpogo.com.<\/p>\n<p> <!-- AUTHOR PART ========================= --> <!-- AUTHOR PART END ========================= --> <\/p>\n","protected":false},"excerpt":{"rendered":"<p>Con un estilo que viene ganando cada vez m\u00e1s espacio en la escena indie, Isla de Caras desembarca en C\u00f3rdoba este jueves 21 de agosto para presentarse en Sala Formosa. El show ya est\u00e1 cerca de agotar sus localidades, se\u00f1al del gran momento que atraviesa la banda. En los \u00faltimos a\u00f1os, el grupo recorri\u00f3 escenarios [&hellip;]<\/p>\n","protected":false},"author":1,"featured_media":165432,"comment_status":"closed","ping_status":"closed","sticky":false,"template":"","format":"standard","meta":[],"categories":[23,2],"tags":[],"_links":{"self":[{"href":"http:\/\/cordobainforma.info\/index.php\/wp-json\/wp\/v2\/posts\/165431"}],"collection":[{"href":"http:\/\/cordobainforma.info\/index.php\/wp-json\/wp\/v2\/posts"}],"about":[{"href":"http:\/\/cordobainforma.info\/index.php\/wp-json\/wp\/v2\/types\/post"}],"author":[{"embeddable":true,"href":"http:\/\/cordobainforma.info\/index.php\/wp-json\/wp\/v2\/users\/1"}],"replies":[{"embeddable":true,"href":"http:\/\/cordobainforma.info\/index.php\/wp-json\/wp\/v2\/comments?post=165431"}],"version-history":[{"count":0,"href":"http:\/\/cordobainforma.info\/index.php\/wp-json\/wp\/v2\/posts\/165431\/revisions"}],"wp:featuredmedia":[{"embeddable":true,"href":"http:\/\/cordobainforma.info\/index.php\/wp-json\/wp\/v2\/media\/165432"}],"wp:attachment":[{"href":"http:\/\/cordobainforma.info\/index.php\/wp-json\/wp\/v2\/media?parent=165431"}],"wp:term":[{"taxonomy":"category","embeddable":true,"href":"http:\/\/cordobainforma.info\/index.php\/wp-json\/wp\/v2\/categories?post=165431"},{"taxonomy":"post_tag","embeddable":true,"href":"http:\/\/cordobainforma.info\/index.php\/wp-json\/wp\/v2\/tags?post=165431"}],"curies":[{"name":"wp","href":"https:\/\/api.w.org\/{rel}","templated":true}]}}