{"id":165423,"date":"2025-08-20T11:36:27","date_gmt":"2025-08-20T11:36:27","guid":{"rendered":"https:\/\/somoscordobeses.com\/2025\/08\/20\/y-tu-de-que-generacion-eres\/"},"modified":"2025-08-20T11:36:27","modified_gmt":"2025-08-20T11:36:27","slug":"y-tu-de-que-generacion-eres","status":"publish","type":"post","link":"http:\/\/cordobainforma.info\/index.php\/2025\/08\/20\/y-tu-de-que-generacion-eres\/","title":{"rendered":"Y t\u00fa, De qu\u00e9 generaci\u00f3n eres?"},"content":{"rendered":"<div><img src=\"http:\/\/cordobainforma.info\/wp-content\/uploads\/2025\/08\/y-tu-de-que-generacion-eres.jpg\" class=\"ff-og-image-inserted\"><\/div>\n<p>Se considera que alrededor de cada 20 a\u00f1os hay cambios suficientemente significativos en el mundo como para marcar a una generaci\u00f3n. El grupo de personas nacidas en un determinado periodo de tiempo se ve influido por las circunstancias sociales y econ\u00f3micas propias del momento. De ah\u00ed que los nacidos entre 1930 y 1948 sean llamados <strong>\u00abni\u00f1os de la posguerra\u00bb,<\/strong> y la generaci\u00f3n que les sucede, los<strong> \u00abbaby boomers\u00bb. <\/strong><\/p>\n<p>Estas caracter\u00edsticas sociol\u00f3gicas que comparte un sector de la poblaci\u00f3n moldean la forma de vida que experimenta cada grupo, y con la velocidad de los avances tecnol\u00f3gicos, los rangos de edad m\u00e1s j\u00f3venes han transformado las tradiciones y costumbres de sus antecesores. Desde los \u00ab<strong>millenials<\/strong>\u00ab, pasando por la <strong>\u00abgeneraci\u00f3n Z\u00bb<\/strong>, y hasta la <strong>\u00abgeneraci\u00f3n Alpha\u00bb,<\/strong> cada grupo re\u00fane una serie de caracter\u00edsticas con las que los integrantes se identifican por sus h\u00e1bitos y formas de pensamiento.<\/p>\n<h2>\u00bfDe qu\u00e9 generaci\u00f3n eres?<\/h2>\n<p>La clasificaci\u00f3n se hace teniendo en cuenta la fecha de nacimiento, porque el periodo hist\u00f3rico y sus particularidades determina c\u00f3mo se comporta el grupo, sus <strong>priodidades, rutinas y modos de interactuar <\/strong>con otras personas. Si bien los l\u00edmites de las \u00faltimas&nbsp;generaciones&nbsp;a\u00fan se discuten, es posible establecer a\u00f1os de nacimiento que designan cada una de ellas por las m\u00e1ximas con la que se identifica la mayor\u00eda de los pertenecientes.<\/p>\n<h3>Ni\u00f1os de la posguerra<\/h3>\n<p>Los nacidos <strong>entre 1930 y 1948<\/strong> vivieron los efectos de la Guerra Civil espa\u00f1ola. Son la generaci\u00f3n menos numerosa, ya que recoge a los <strong>mayores de 70 a\u00f1os de edad<\/strong>, y las duras condiciones que vivieron de hambre y mortalidad infantil tras el conflicto marcaron su car\u00e1cter trabajador y austero. Han sido educados en el sacrificio y con unos valores tradicionales. En la actualidad, aportan una visi\u00f3n clave a las siguientes generaciones, que no han pasado por tantas dificultades, a trav\u00e9s de su v\u00ednculo de abuelos-nietos.<\/p>\n<figure data-aida-image readability=\"1\"><picture><source media=\"(min-width:640.1px)\" type=\"image\/webp\" width=\"2000.0\" height=\"1333.0\"><source media=\"(min-width: 320.1px) and (max-width: 640px)\" type=\"image\/webp\" width=\"640.0\" height=\"427.0\"><source media=\"(max-width: 320px)\" type=\"image\/webp\" width=\"320.0\" height=\"213.0\"><source media=\"(min-width:640.1px)\" type=\"image\/jpeg\" width=\"2000.0\" height=\"1333.0\" data-aida-photoclipping><source media=\"(min-width: 320.1px) and (max-width: 640px)\" type=\"image\/jpeg\" width=\"640.0\" height=\"427.0\" data-aida-photoclipping><source media=\"(max-width: 320px)\" type=\"image\/jpeg\" width=\"320.0\" height=\"213.0\" data-aida-photoclipping><\/picture><figcaption data-aida-caption readability=\"2\">\n<p>Ni\u00f1os de la posguerra <span data-aida-captionauthor> \/ L-EMV<\/span><\/p>\n<\/figcaption><\/figure>\n<h3>Baby Boomers<\/h3>\n<p>La <strong>generaci\u00f3n nacida entre 1949 y 1964<\/strong> en Espa\u00f1a agrupa a unos 12 millones de personas y constituye <strong>el sector m\u00e1s numeroso del pa\u00eds<\/strong>. Creci\u00f3 en un per\u00edodo de prosperidad y estabilidad tras la posguerra, lo que permiti\u00f3 un modelo de vida centrado en el trabajo, basado en el esfuerzo y la b\u00fasqueda de estabilidad laboral. Esta etapa supuso transformaciones sociales clave, como la incorporaci\u00f3n de la mujer al mercado laboral, el inicio del declive de la familia tradicional, la migraci\u00f3n del campo a la ciudad y el acceso al consumo de masas, con hitos como las vacaciones en la costa o la compra del primer autom\u00f3vil. Aunque han sabido adaptarse a las innovaciones tecnol\u00f3gicas, suelen mantener un enfoque m\u00e1s tradicional en su uso, priorizando, por ejemplo, las llamadas telef\u00f3nicas frente a las aplicaciones de mensajer\u00eda instant\u00e1nea.<\/p>\n<figure data-aida-image><picture><source media=\"(min-width:640.1px)\" type=\"image\/webp\" width=\"2000.0\" height=\"2000.0\"><source media=\"(min-width: 320.1px) and (max-width: 640px)\" type=\"image\/webp\" width=\"640.0\" height=\"640.0\"><source media=\"(max-width: 320px)\" type=\"image\/webp\" width=\"320.0\" height=\"320.0\"><source media=\"(min-width:640.1px)\" type=\"image\/jpeg\" width=\"2000.0\" height=\"2000.0\" data-aida-photoclipping><source media=\"(min-width: 320.1px) and (max-width: 640px)\" type=\"image\/jpeg\" width=\"640.0\" height=\"640.0\" data-aida-photoclipping><source media=\"(max-width: 320px)\" type=\"image\/jpeg\" width=\"320.0\" height=\"320.0\" data-aida-photoclipping><\/picture><figcaption data-aida-caption>\n<p>Baby Boomers <span data-aida-captionauthor> \/ L-EMV<\/span><\/p>\n<\/figcaption><\/figure>\n<h3>Generaci\u00f3n X<\/h3>\n<p>La apertura pol\u00edtica marc\u00f3 al sector de los <strong>nacidos entre 1965 y 1980<\/strong>. Este grupo se caracteriza por haber crecido en plena expansi\u00f3n del consumismo y bajo una fuerte presi\u00f3n por el \u00e9xito, al tiempo que asist\u00eda al nacimiento de Internet y a la incorporaci\u00f3n progresiva de la inform\u00e1tica tanto en el trabajo como en la vida cotidiana. <strong>Esta generaci\u00f3n, tambi\u00e9n conocida como la de la EGB<\/strong>, combina la cultura del esfuerzo heredada con una creciente b\u00fasqueda de equilibrio entre lo laboral, lo personal y el ocio, junto con una mayor preocupaci\u00f3n por la salud. A caballo entre lo anal\u00f3gico y lo digital, pasaron de escribir a m\u00e1quina a dominar el teclado del ordenador port\u00e1til. De esta forma, la generaci\u00f3n X se considera un grupo adaptable, independiente y clave en la transici\u00f3n hacia la modernidad.<\/p>\n<figure data-aida-image><picture><source media=\"(min-width:640.1px)\" type=\"image\/webp\" width=\"2000.0\" height=\"1333.0\"><source media=\"(min-width: 320.1px) and (max-width: 640px)\" type=\"image\/webp\" width=\"640.0\" height=\"427.0\"><source media=\"(max-width: 320px)\" type=\"image\/webp\" width=\"320.0\" height=\"213.0\"><source media=\"(min-width:640.1px)\" type=\"image\/jpeg\" width=\"2000.0\" height=\"1333.0\" data-aida-photoclipping><source media=\"(min-width: 320.1px) and (max-width: 640px)\" type=\"image\/jpeg\" width=\"640.0\" height=\"427.0\" data-aida-photoclipping><source media=\"(max-width: 320px)\" type=\"image\/jpeg\" width=\"320.0\" height=\"213.0\" data-aida-photoclipping><\/picture><figcaption data-aida-caption>\n<p>Generaci\u00f3n X <span data-aida-captionauthor> \/ L-EMV<\/span><\/p>\n<\/figcaption><\/figure>\n<h3>Millenials o Generaci\u00f3n Y<\/h3>\n<p>Los nacidos<strong> entre 1981 y 1996<\/strong> representan en Espa\u00f1a a m\u00e1s de siete millones de personas. Constituyen la primera generaci\u00f3n verdaderamente global, con valores compartidos entre todos los pa\u00edses occidentales. Crecieron en los inicios de la digitalizaci\u00f3n y alcanzaron la vida adulta en plena crisis econ\u00f3mica, lo que condicion\u00f3 su acceso al mercado laboral y consolid\u00f3 su imagen de \u201cgeneraci\u00f3n frustrada\u201d. A menudo estigmatizados como perezosos o individualistas, tambi\u00e9n son reconocidos por impulsar estilos de vida saludables, como<strong> el ecologismo y un fuerte compromiso con la diversidad, la tolerancia y el pacifismo.<\/strong> Est\u00e1n familiarizados con la tecnolog\u00eda y cuentan con una elevada especializaci\u00f3n laboral. Tienden a priorizar las experiencias sobre la acumulaci\u00f3n de bienes materiales, y socialmente se han posicionado como una generaci\u00f3n transformadora.<\/p>\n<figure data-aida-image><picture><source media=\"(min-width:640.1px)\" type=\"image\/webp\" width=\"2000.0\" height=\"1333.0\"><source media=\"(min-width: 320.1px) and (max-width: 640px)\" type=\"image\/webp\" width=\"640.0\" height=\"427.0\"><source media=\"(max-width: 320px)\" type=\"image\/webp\" width=\"320.0\" height=\"213.0\"><source media=\"(min-width:640.1px)\" type=\"image\/jpeg\" width=\"2000.0\" height=\"1333.0\" data-aida-photoclipping><source media=\"(min-width: 320.1px) and (max-width: 640px)\" type=\"image\/jpeg\" width=\"640.0\" height=\"427.0\" data-aida-photoclipping><source media=\"(max-width: 320px)\" type=\"image\/jpeg\" width=\"320.0\" height=\"213.0\" data-aida-photoclipping><\/picture><figcaption data-aida-caption>\n<p>Millenials <span data-aida-captionauthor> \/ L-EMV<\/span><\/p>\n<\/figcaption><\/figure>\n<h3>Generaci\u00f3n Z<\/h3>\n<p>La \u00abGen Z\u00bb, como es conocida en internet, re\u00fane a la poblaci\u00f3n nacida <strong>entre 1997 y 2010.<\/strong> Esta franja supera en n\u00famero a los millennials con cerca de 7,8 millones de j\u00f3venes en Espa\u00f1a y se define como la primera generaci\u00f3n plenamente nativa digital. Crecieron inmersos en Internet y las redes sociales, por ellos son creativos, \u00e1giles y multitarea. Su sistema de aprendizaje es autodidacta, son adaptables y tienen un enfoque pragm\u00e1tico ante los recursos limitados. Aunque enfrentan tasas de desempleo superiores al 25 %, se destacan por su esp\u00edritu emprendedor y su capacidad para crear nuevas oportunidades laborales, incluso inventando sus propios empleos a trav\u00e9s de las plataformas digitales. Comprometidos con la diversidad, la sostenibilidad y la salud mental, combinan el activismo heredado de los millennials con <strong>una visi\u00f3n m\u00e1s global y flexible del mundo.<\/strong> Su conexi\u00f3n con la tecnolog\u00eda es innata y, si bien esto los hace vulnerables ante los riesgos de internet, tambien les da armas para impulsar cambios sociales, cuestionar lo establecido y redefinir lo que es el \u00e9xito, en un mundo laboral y vital en constante cambio.<\/p>\n<figure data-aida-image><picture><source media=\"(min-width:640.1px)\" type=\"image\/webp\" width=\"2000.0\" height=\"1333.0\"><source media=\"(min-width: 320.1px) and (max-width: 640px)\" type=\"image\/webp\" width=\"640.0\" height=\"427.0\"><source media=\"(max-width: 320px)\" type=\"image\/webp\" width=\"320.0\" height=\"213.0\"><source media=\"(min-width:640.1px)\" type=\"image\/jpeg\" width=\"2000.0\" height=\"1333.0\" data-aida-photoclipping><source media=\"(min-width: 320.1px) and (max-width: 640px)\" type=\"image\/jpeg\" width=\"640.0\" height=\"427.0\" data-aida-photoclipping><source media=\"(max-width: 320px)\" type=\"image\/jpeg\" width=\"320.0\" height=\"213.0\" data-aida-photoclipping><\/picture><figcaption data-aida-caption>\n<p>Generaci\u00f3n Z <span data-aida-captionauthor> \/ L-EMV<\/span><\/p>\n<\/figcaption><\/figure>\n<h3>Generaci\u00f3n Alpha<\/h3>\n<p>Formada por los <strong>nacidos a partir de 2011<\/strong>, es la primera en crecer en un entorno completamente digitalizado, rodeada de asistentes virtuales, pantallas t\u00e1ctiles y algoritmos que anticipan sus necesidades. Su mundo es h\u00edbrido, veloz y visual, y desde la infancia conviven de manera natural con la inteligencia artificial y la hiperconectividad. <strong>Se espera que sean ingeniosos, globales y altamente competentes en el uso de la tecnolog\u00eda<\/strong>, aunque tambi\u00e9n m\u00e1s expuestos a la dependencia digital y a la sobreestimulaci\u00f3n. Su reto ser\u00e1 equilibrar la inmediatez y la innovaci\u00f3n con el bienestar personal y colectivo en un contexto de profundas transformaciones sociales y ambientales.<\/p>\n<figure data-aida-image readability=\"1\"><picture><source media=\"(min-width:640.1px)\" type=\"image\/webp\" width=\"2000.0\" height=\"1333.0\"><source media=\"(min-width: 320.1px) and (max-width: 640px)\" type=\"image\/webp\" width=\"640.0\" height=\"427.0\"><source media=\"(max-width: 320px)\" type=\"image\/webp\" width=\"320.0\" height=\"213.0\"><source media=\"(min-width:640.1px)\" type=\"image\/jpeg\" width=\"2000.0\" height=\"1333.0\" data-aida-photoclipping><source media=\"(min-width: 320.1px) and (max-width: 640px)\" type=\"image\/jpeg\" width=\"640.0\" height=\"427.0\" data-aida-photoclipping><source media=\"(max-width: 320px)\" type=\"image\/jpeg\" width=\"320.0\" height=\"213.0\" data-aida-photoclipping><\/picture><figcaption data-aida-caption readability=\"2\">\n<p>Generaci\u00f3n Alpha <span data-aida-captionauthor> \/ L-EMV<\/span><\/p>\n<\/figcaption><\/figure>\n<p data-close=\"closedContent\">Suscr\u00edbete para seguir leyendo<\/p>\n","protected":false},"excerpt":{"rendered":"<p>Se considera que alrededor de cada 20 a\u00f1os hay cambios suficientemente significativos en el mundo como para marcar a una generaci\u00f3n. El grupo de personas nacidas en un determinado periodo de tiempo se ve influido por las circunstancias sociales y econ\u00f3micas propias del momento. De ah\u00ed que los nacidos entre 1930 y 1948 sean llamados [&hellip;]<\/p>\n","protected":false},"author":1,"featured_media":165424,"comment_status":"closed","ping_status":"closed","sticky":false,"template":"","format":"standard","meta":[],"categories":[2],"tags":[],"_links":{"self":[{"href":"http:\/\/cordobainforma.info\/index.php\/wp-json\/wp\/v2\/posts\/165423"}],"collection":[{"href":"http:\/\/cordobainforma.info\/index.php\/wp-json\/wp\/v2\/posts"}],"about":[{"href":"http:\/\/cordobainforma.info\/index.php\/wp-json\/wp\/v2\/types\/post"}],"author":[{"embeddable":true,"href":"http:\/\/cordobainforma.info\/index.php\/wp-json\/wp\/v2\/users\/1"}],"replies":[{"embeddable":true,"href":"http:\/\/cordobainforma.info\/index.php\/wp-json\/wp\/v2\/comments?post=165423"}],"version-history":[{"count":0,"href":"http:\/\/cordobainforma.info\/index.php\/wp-json\/wp\/v2\/posts\/165423\/revisions"}],"wp:featuredmedia":[{"embeddable":true,"href":"http:\/\/cordobainforma.info\/index.php\/wp-json\/wp\/v2\/media\/165424"}],"wp:attachment":[{"href":"http:\/\/cordobainforma.info\/index.php\/wp-json\/wp\/v2\/media?parent=165423"}],"wp:term":[{"taxonomy":"category","embeddable":true,"href":"http:\/\/cordobainforma.info\/index.php\/wp-json\/wp\/v2\/categories?post=165423"},{"taxonomy":"post_tag","embeddable":true,"href":"http:\/\/cordobainforma.info\/index.php\/wp-json\/wp\/v2\/tags?post=165423"}],"curies":[{"name":"wp","href":"https:\/\/api.w.org\/{rel}","templated":true}]}}