{"id":165421,"date":"2025-08-20T11:15:00","date_gmt":"2025-08-20T11:15:00","guid":{"rendered":"https:\/\/cordobainforma.info\/index.php\/2025\/08\/20\/depredador-un-hombre-esta-acusado-de-abusar-de-su-hija-y-otras-dos-ninas-de-su-circulo-familiar\/"},"modified":"2025-08-20T11:15:00","modified_gmt":"2025-08-20T11:15:00","slug":"depredador-un-hombre-esta-acusado-de-abusar-de-su-hija-y-otras-dos-ninas-de-su-circulo-familiar","status":"publish","type":"post","link":"http:\/\/cordobainforma.info\/index.php\/2025\/08\/20\/depredador-un-hombre-esta-acusado-de-abusar-de-su-hija-y-otras-dos-ninas-de-su-circulo-familiar\/","title":{"rendered":"\u00abDepredador\u00bb: un hombre est\u00e1 acusado de abusar de su hija y otras dos ni\u00f1as de su c\u00edrculo familiar"},"content":{"rendered":"<div class=\"media_block\"><\/div>\n<div><img src=\"http:\/\/cordobainforma.info\/wp-content\/uploads\/2025\/08\/depredador-un-hombre-esta-acusado-de-abusar-de-su-hija-y-otras-dos-ninas-de-su-circulo-familiar.jpg\" class=\"ff-og-image-inserted\"><\/div>\n<p>El fiscal de Instrucci\u00f3n de <strong>Delitos contra la Integridad Sexual<\/strong>, <strong>Juan \u00c1vila Echenique<\/strong>, orden\u00f3 la <strong>prisi\u00f3n preventiva<\/strong>, confirmada por el juez de Control, de un hombre acusado de<strong> abusar sexualmente de su hija y de otras dos integrantes de su c\u00edrculo familiar<\/strong>, todas menores de edad.<\/p>\n<p>El <strong>Ministerio P\u00fablico Fiscal (MPF)<\/strong> inform\u00f3 que el sospechoso, de 36 a\u00f1os, est\u00e1 imputado por los delitos \u00abde <strong>abuso sexual calificado y promoci\u00f3n a la corrupci\u00f3n agravada<\/strong>\u00ab. <\/p>\n<p>\u00abLos hechos habr\u00edan sucedido en la ciudad de C\u00f3rdoba. El imputado se desempe\u00f1aba como chofer de una aplicaci\u00f3n pero los hechos no fueron vinculados con su actividad\u00bb, se\u00f1ala un comunicado oficial.<\/p>\n<p class=\"destacadoNota\"><a target=\"_blank\" href=\"https:\/\/www.perfil.com\/noticias\/cordoba\/javier-grasso-continua-profugo-tras-la-imputacion-por-el-femicidio-de-milagros-bastos.phtml\" rel=\"noopener noreferrer\">Jorge Javier Grasso contin\u00faa pr\u00f3fugo tras la imputaci\u00f3n por el femicidio de Milagros Bastos<\/a><\/p>\n<h2>Abuso<\/h2>\n<p>\u00ab<strong>Hoy al menos hay tres v\u00edctimas con denuncias fehacientes realizadas<\/strong>. Hay un imputado. Tenemos entendido que hay m\u00e1s v\u00edctimas. Ayer hicimos como un conocimiento p\u00fablico de la causa para instar a las personas que a\u00fan no han hecho la denuncia a que la realicen\u00bb, explic\u00f3 la abogada <strong>Fernanda Alaniz<\/strong>. <\/p>\n<p>\u00abDurante los <strong>\u00faltimos 12 a\u00f1os<\/strong> se han venido cometiendo<strong> abusos contra ni\u00f1os<\/strong>. Y creemos que estamos frente a un <strong>violador serial<\/strong>. Hay m\u00e1s v\u00edctimas\u00bb, agreg\u00f3 en declaraciones a <em>Mitre C\u00f3rdoba<\/em>.<\/p>\n<p>Adem\u00e1s precis\u00f3 que el acusado \u00ab<strong>ha abusado de su propia hija<\/strong>\u00bb y que \u00abes a pedido de la misma ni\u00f1a que esta causa hoy se hace conocida\u00bb. \u00abElla fue quien pidi\u00f3 que habl\u00e1ramos en su nombre, junto con su madre, para instar a estas v\u00edctimas a que hagan la denuncia porque hay otros abusos en el seno familiar que no formalizaron la denuncia y <strong>hay otros dos abusos m\u00e1s que s\u00ed la han formulado<\/strong> en conjunto con ella\u00bb, a\u00f1adi\u00f3 la letrada.<\/p>\n<p class=\"destacadoNota\"><a target=\"_blank\" href=\"https:\/\/www.perfil.com\/noticias\/cordoba\/orden-de-merito-confirmado-para-elegir-los-nuevos-fiscales-de-flagrancia.phtml\" rel=\"noopener noreferrer\">Orden de m\u00e9rito confirmado para elegir los nuevos fiscales de flagrancia<\/a><\/p>\n<h2>\u00abDepredador\u00bb<\/h2>\n<p>Alaniz asegur\u00f3 que \u00ablos abusos se han cometido en<strong> v\u00edctimas de entre 7 y 14 a\u00f1os<\/strong>\u00bb y que \u00absu propia hija por un a\u00f1o soport\u00f3 los abusos en el marco del r\u00e9gimen comunicacional a modo de prevenci\u00f3n de que no abusara de su hermano\u00bb. \u00ab<strong>Ella tem\u00eda que si no iba a la casa de su pap\u00e1, la pr\u00f3xima v\u00edctima fuera su hermano<\/strong>. En su ausencia, <strong>el depredador<\/strong> fuera en contra del otro ni\u00f1o, que es menor a\u00fan que ella\u00bb, asever\u00f3.<\/p>\n<p>\u00abCuando la hija de este pervertido habla, hubo una reuni\u00f3n en la que se comunica a la familia lo que hab\u00eda sucedido, y fue en ese contexto que surgi\u00f3 que hab\u00eda dos v\u00edctimas m\u00e1s dentro del grupo familiar porque se animaron a hablar\u00bb, confirm\u00f3.<\/p>\n<p>\u00abEn los tres casos los da\u00f1os son irreversibles. Lo que se est\u00e1 viviendo con estas j\u00f3venes realmente es muy triste, muy lamentable. El da\u00f1o que ha hecho este depredador realmente es irreversible\u00bb, concluy\u00f3 Alaniz.<\/p>\n","protected":false},"excerpt":{"rendered":"<p>El fiscal de Instrucci\u00f3n de Delitos contra la Integridad Sexual, Juan \u00c1vila Echenique, orden\u00f3 la prisi\u00f3n preventiva, confirmada por el juez de Control, de un hombre acusado de abusar sexualmente de su hija y de otras dos integrantes de su c\u00edrculo familiar, todas menores de edad. El Ministerio P\u00fablico Fiscal (MPF) inform\u00f3 que el sospechoso, [&hellip;]<\/p>\n","protected":false},"author":1,"featured_media":165422,"comment_status":"closed","ping_status":"closed","sticky":false,"template":"","format":"standard","meta":[],"categories":[2],"tags":[],"_links":{"self":[{"href":"http:\/\/cordobainforma.info\/index.php\/wp-json\/wp\/v2\/posts\/165421"}],"collection":[{"href":"http:\/\/cordobainforma.info\/index.php\/wp-json\/wp\/v2\/posts"}],"about":[{"href":"http:\/\/cordobainforma.info\/index.php\/wp-json\/wp\/v2\/types\/post"}],"author":[{"embeddable":true,"href":"http:\/\/cordobainforma.info\/index.php\/wp-json\/wp\/v2\/users\/1"}],"replies":[{"embeddable":true,"href":"http:\/\/cordobainforma.info\/index.php\/wp-json\/wp\/v2\/comments?post=165421"}],"version-history":[{"count":0,"href":"http:\/\/cordobainforma.info\/index.php\/wp-json\/wp\/v2\/posts\/165421\/revisions"}],"wp:featuredmedia":[{"embeddable":true,"href":"http:\/\/cordobainforma.info\/index.php\/wp-json\/wp\/v2\/media\/165422"}],"wp:attachment":[{"href":"http:\/\/cordobainforma.info\/index.php\/wp-json\/wp\/v2\/media?parent=165421"}],"wp:term":[{"taxonomy":"category","embeddable":true,"href":"http:\/\/cordobainforma.info\/index.php\/wp-json\/wp\/v2\/categories?post=165421"},{"taxonomy":"post_tag","embeddable":true,"href":"http:\/\/cordobainforma.info\/index.php\/wp-json\/wp\/v2\/tags?post=165421"}],"curies":[{"name":"wp","href":"https:\/\/api.w.org\/{rel}","templated":true}]}}