{"id":165415,"date":"2025-08-20T11:30:22","date_gmt":"2025-08-20T11:30:22","guid":{"rendered":"https:\/\/cordoba.gob.ar\/?p=80252"},"modified":"2025-08-20T11:30:22","modified_gmt":"2025-08-20T11:30:22","slug":"cumbre-de-economia-circular-pero-en-tu-barrio-debate-ambiental-ecocanje-y-reparaciones-gratuitas","status":"publish","type":"post","link":"http:\/\/cordobainforma.info\/index.php\/2025\/08\/20\/cumbre-de-economia-circular-pero-en-tu-barrio-debate-ambiental-ecocanje-y-reparaciones-gratuitas\/","title":{"rendered":"Cumbre de Econom\u00eda Circular, pero en tu barrio: debate ambiental, ecocanje y reparaciones gratuitas"},"content":{"rendered":"<div><img src=\"http:\/\/cordobainforma.info\/wp-content\/uploads\/2025\/08\/cumbre-de-economia-circular-pero-en-tu-barrio-debate-ambiental-ecocanje-y-reparaciones-gratuitas.jpg\" class=\"ff-og-image-inserted\"><\/div>\n<hr>\n<p data-prosemirror-content-type=\"node\" data-prosemirror-node-name=\"paragraph\" data-prosemirror-node-block=\"true\">C\u00f3rdoba contin\u00faa innovando en materia ambiental, con m\u00e1s propuestas para que los vecinos y vecinas sean protagonistas: llega la primera Cumbre Barrial de Econom\u00eda Circular y Feria Circular en la ciudad. Tendr\u00e1 lugar en la plaza V\u00e9lez Sarsfield (Av. Hip\u00f3lito Yrigoyen y Av. V\u00e9lez Sarsfield) este viernes 22 de agosto a partir de las 10:00 y hasta las 18:00.<\/p>\n<p data-prosemirror-content-type=\"node\" data-prosemirror-node-name=\"paragraph\" data-prosemirror-node-block=\"true\">En l\u00ednea con la propuesta impulsada durante la pasada Cumbre Mundial de Econom\u00eda Circular, esta iniciativa busca llevar el debate a los barrios, a trav\u00e9s del novedoso espacio \u201cRe-Conversar\u201d, en el que los vecinos podr\u00e1n participar libre y abiertamente de conversaciones que giran en torno a tem\u00e1ticas ambientales.<\/p>\n<p data-prosemirror-content-type=\"node\" data-prosemirror-node-name=\"paragraph\" data-prosemirror-node-block=\"true\">En la plaza, las empresas y emprendimientos de C\u00f3rdoba que trabajan la Econom\u00eda Circular mostrar\u00e1n su trabajo en esta materia, contando a los vecinos c\u00f3mo aplican procesos de sostenibilidad en el desarrollo de sus actividades.<\/p>\n<p data-prosemirror-content-type=\"node\" data-prosemirror-node-name=\"paragraph\" data-prosemirror-node-block=\"true\">Entre las propuestas de la jornada, tambi\u00e9n destaca la presencia del colectivo C\u00f3rdoba Repara, un grupo de personas voluntarias de la ciudad organizado para devolverle la vida \u00fatil a objetos rotos o que necesiten reparaci\u00f3n. Se podr\u00e1 llevar hasta un objeto por persona y si es necesario repuesto se recomienda llevarlo. Se reparar\u00e1n electrodom\u00e9sticos peque\u00f1os, bicicletas, ropa, calzado, mochilas y objetos met\u00e1licos para soldar, entre otros.<\/p>\n<p data-prosemirror-content-type=\"node\" data-prosemirror-node-name=\"paragraph\" data-prosemirror-node-block=\"true\">Los vecinos que deseen tambi\u00e9n podr\u00e1n participar del ecocanje, por el que intercambiar\u00e1n sus residuos reciclables por productos de la Econom\u00eda Circular.<\/p>\n<p data-prosemirror-content-type=\"node\" data-prosemirror-node-name=\"paragraph\" data-prosemirror-node-block=\"true\">Adem\u00e1s, habr\u00e1 una demostraci\u00f3n mediante realidad virtual de c\u00f3mo funciona la Econom\u00eda Circular en C\u00f3rdoba, vivenciando el recorrido de los residuos desde su generaci\u00f3n hasta que se transforman en recursos.<\/p>\n<p data-prosemirror-content-type=\"node\" data-prosemirror-node-name=\"paragraph\" data-prosemirror-node-block=\"true\">Tambi\u00e9n habr\u00e1 actividades para las infancias, emprendimientos locales de moda circular, productos sustentables, productos elaborados con materiales reciclados y m\u00fasica en vivo para acompa\u00f1ar la experiencia.<\/p>\n<p data-prosemirror-content-type=\"node\" data-prosemirror-node-name=\"paragraph\" data-prosemirror-node-block=\"true\">En l\u00ednea con la visi\u00f3n del evento, se aconseja asistir a trav\u00e9s de medios de transporte sostenibles, como la bicicleta, utilizando las estaciones de Bici Cba o en transporte p\u00fablico.<\/p>\n<p data-prosemirror-content-type=\"node\" data-prosemirror-node-name=\"paragraph\" data-prosemirror-node-block=\"true\"><strong data-prosemirror-content-type=\"mark\" data-prosemirror-mark-name=\"strong\">Sostenibilidad ambiental y en el tiempo<\/strong><\/p>\n<p data-prosemirror-content-type=\"node\" data-prosemirror-node-name=\"paragraph\" data-prosemirror-node-block=\"true\">Las Cumbres Barriales se repetir\u00e1n en distintos puntos de la ciudad de C\u00f3rdoba, intentando abarcar la mayor cantidad de latitudes posible, con tres experiencias m\u00e1s en la zona norte y otras tres en la zona sur.<\/p>\n<p data-prosemirror-content-type=\"node\" data-prosemirror-node-name=\"paragraph\" data-prosemirror-node-block=\"true\">Estas jornadas buscar\u00e1n promover la Econom\u00eda Circular, fortalecer la educaci\u00f3n ambiental y generar espacios de encuentro entre vecinos, instituciones y emprendedores comprometidos con el cuidado del ambiente.<\/p>\n<p data-prosemirror-content-type=\"node\" data-prosemirror-node-name=\"paragraph\" data-prosemirror-node-block=\"true\">La Municipalidad de C\u00f3rdoba invita a vecinas y vecinos de todas las edades, comunidades educativas que deseen participar, centros vecinales, emprendimientos y empresas interesadas en la Econom\u00eda Circular, para hacer de la jornada una verdadera actividad participativa y de trabajo en conjunto, especialmente cuando estas instancias llegan a sus barrios.<\/p>\n<p data-prosemirror-content-type=\"node\" data-prosemirror-node-name=\"paragraph\" data-prosemirror-node-block=\"true\">Est\u00e1 inspirada en el esp\u00edritu de la 5\u00b0 Cumbre Mundial de Econom\u00eda Circular, desarrollada en nuestra ciudad el pasado 1, 2 y 3 de julio, que cont\u00f3 con m\u00e1s de cinco mil asistentes y la participaci\u00f3n de cientos de miles de personas conectadas alrededor del mundo.<\/p>\n","protected":false},"excerpt":{"rendered":"<p>C\u00f3rdoba contin\u00faa innovando en materia ambiental, con m\u00e1s propuestas para que los vecinos y vecinas sean protagonistas: llega la primera Cumbre Barrial de Econom\u00eda Circular y Feria Circular en la ciudad. Tendr\u00e1 lugar en la plaza V\u00e9lez Sarsfield (Av. Hip\u00f3lito Yrigoyen y Av. V\u00e9lez Sarsfield) este viernes 22 de agosto a partir de las 10:00 [&hellip;]<\/p>\n","protected":false},"author":1,"featured_media":165416,"comment_status":"closed","ping_status":"closed","sticky":false,"template":"","format":"standard","meta":[],"categories":[2],"tags":[],"_links":{"self":[{"href":"http:\/\/cordobainforma.info\/index.php\/wp-json\/wp\/v2\/posts\/165415"}],"collection":[{"href":"http:\/\/cordobainforma.info\/index.php\/wp-json\/wp\/v2\/posts"}],"about":[{"href":"http:\/\/cordobainforma.info\/index.php\/wp-json\/wp\/v2\/types\/post"}],"author":[{"embeddable":true,"href":"http:\/\/cordobainforma.info\/index.php\/wp-json\/wp\/v2\/users\/1"}],"replies":[{"embeddable":true,"href":"http:\/\/cordobainforma.info\/index.php\/wp-json\/wp\/v2\/comments?post=165415"}],"version-history":[{"count":0,"href":"http:\/\/cordobainforma.info\/index.php\/wp-json\/wp\/v2\/posts\/165415\/revisions"}],"wp:featuredmedia":[{"embeddable":true,"href":"http:\/\/cordobainforma.info\/index.php\/wp-json\/wp\/v2\/media\/165416"}],"wp:attachment":[{"href":"http:\/\/cordobainforma.info\/index.php\/wp-json\/wp\/v2\/media?parent=165415"}],"wp:term":[{"taxonomy":"category","embeddable":true,"href":"http:\/\/cordobainforma.info\/index.php\/wp-json\/wp\/v2\/categories?post=165415"},{"taxonomy":"post_tag","embeddable":true,"href":"http:\/\/cordobainforma.info\/index.php\/wp-json\/wp\/v2\/tags?post=165415"}],"curies":[{"name":"wp","href":"https:\/\/api.w.org\/{rel}","templated":true}]}}