{"id":165374,"date":"2025-08-20T04:48:46","date_gmt":"2025-08-20T04:48:46","guid":{"rendered":"https:\/\/www.clarin.com\/deportes\/futbolista-frances-jugo-final-mundial-qatar-argentina-echado-club_0_enflfzj2O5.html"},"modified":"2025-08-20T04:48:46","modified_gmt":"2025-08-20T04:48:46","slug":"un-futbolista-frances-que-jugo-la-final-del-mundial-de-qatar-contra-argentina-fue-echado-de-su-club","status":"publish","type":"post","link":"http:\/\/cordobainforma.info\/index.php\/2025\/08\/20\/un-futbolista-frances-que-jugo-la-final-del-mundial-de-qatar-contra-argentina-fue-echado-de-su-club\/","title":{"rendered":"Un futbolista franc\u00e9s que jug\u00f3 la final del Mundial de Qatar contra Argentina fue echado de su club"},"content":{"rendered":"<p><img src=\"http:\/\/cordobainforma.info\/wp-content\/uploads\/2025\/08\/un-futbolista-frances-que-jugo-la-final-del-mundial-de-qatar-contra-argentina-fue-echado-de-su-club.jpg\"><\/p>\n<div><img src=\"http:\/\/cordobainforma.info\/wp-content\/uploads\/2025\/08\/un-futbolista-frances-que-jugo-la-final-del-mundial-de-qatar-contra-argentina-fue-echado-de-su-club-2.jpg\" class=\"ff-og-image-inserted\"><\/div>\n<div id=\"element-body-0\" readability=\"62\">\n<p>El <strong>Olympique de Marsella<\/strong> <strong>apart\u00f3 del plantel<\/strong> a un mediocampista franc\u00e9s que jug\u00f3 la final del Mundo contra Argentina en Qatar 2022 y lo puso en su lista de transferibles. Se trata de <strong>Adrien Rabiot<\/strong>, quien se pele\u00f3 con un compa\u00f1ero tras la derrota del viernes contra el Rennes, por la primera fecha de la Liga francesa.<\/p>\n<\/div>\n<div id=\"element-body-1\" readability=\"60\">\n<p>La temporada arranc\u00f3 de la peor manera para el Marsella, que perdi\u00f3 de local sobre la hora contra el Rennes, que jug\u00f3 gran parte del partido con diez jugadores.<\/p>\n<\/div>\n<div id=\"element-body-2\" readability=\"58\">\n<p>El resultado provoc\u00f3 un fuerte discusi\u00f3n en el vestuario. El diario<em> L&#8217;Equipe<\/em> habl\u00f3 de <strong>un \u00abintercambio de golpes\u00bb entre Rabiot y el ingl\u00e9s Jonathan Rowe.<\/strong><\/p>\n<\/div>\n<div id=\"element-body-3\" readability=\"60\">\n<p>Lo cierto es que este martes lleg\u00f3 la aclaraci\u00f3n del club, a trav\u00e9s de un comunicado, en el cual inform\u00f3 que <strong>ambos futbolistas hab\u00edan sido incluidos en la lista de transferibles<\/strong> del club.<\/p>\n<\/div>\n<div id=\"element-body-4\" readability=\"61\">\n<p>\u00abEsta decisi\u00f3n se tom\u00f3 debido al <strong>comportamiento inaceptable <\/strong>en el vestuario despu\u00e9s del partido contra el Stade Rennais FC, de acuerdo con el personal t\u00e9cnico y con el c\u00f3digo de conducta interno del club. La decisi\u00f3n fue comunicada por el club a los dos jugadores este lunes\u00bb, agregaron.<\/p>\n<\/div>\n<div id=\"element-body-6\" readability=\"60\">\n<p>En declaraciones a la emisora de radio <em>RTL<\/em>, la madre y representante de Rabiot declar\u00f3 que la decisi\u00f3n hab\u00eda sido tomada directamente por el entrenador Roberto De Zerbi por una \u00abfalta de compromiso\u00bb.<\/p>\n<\/div>\n<div id=\"element-body-7\" readability=\"61\">\n<p>Seg\u00fan inform\u00f3 este martes la prensa francesa, los reproches de Rabiot, de 30 a\u00f1os y uno de los capitanes del club, estuvieron cerca de provocar un altercado f\u00edsico con Rowe (22).<\/p>\n<\/div>\n<div id=\"element-body-8\" readability=\"62\">\n<p>Con contrato hasta 2026, Rabiot era una de las estrellas del club franc\u00e9s, al que lleg\u00f3 procedente de Juventus (2019-2024). Antes, el mediocampista zurdo (53 veces internacional) se hab\u00eda formado y hab\u00eda consolidado su carrera en el PSG (2012-2019).<\/p>\n<\/div>\n<div id=\"element-body-10\" readability=\"59\">\n<p>No es la primera vez que Rabiot queda en el centro de la pol\u00e9mica. En 2019, estuvo medio a\u00f1o apartado del PSG por negarse a renovar con los parisinos.<\/p>\n<\/div>\n<div id=\"element-body-11\" readability=\"60\">\n<p>En 2018, antes del Mundial de Rusia, se neg\u00f3 a formar parte de la lista de siete jugadores suplentes de la selecci\u00f3n.<\/p>\n<\/div>\n<div id=\"element-body-13\" readability=\"64\">\n<p>El entrenador, Didier Deschamps, consider\u00f3 esa decisi\u00f3n un \u00abgran error\u00bb, lo que lo dej\u00f3 dos a\u00f1os afuera de &#8216;Les Bleus&#8217;, a los que regres\u00f3 en 2020 y con los que logr\u00f3 en 2022 el subcampeonato del mundo en Qatar, tras perder la final con la Argentina de Lionel Messi.<\/p>\n<\/div>\n<div id=\"element-body-14\" readability=\"60\">\n<p>En su regreso este a\u00f1o al Parque de los Pr\u00edncipes de Par\u00eds con los colores del Marsella, Rabiot fue objeto de c\u00e1nticos e insultos por parte de los aficionados del PSG. Uno de los carteles desplegados ten\u00eda un mensaje ofensivo dirigido a \u00e9l y a su madre V\u00e9ronique.<\/p>\n<\/div>\n<div id=\"element-body-15\" readability=\"57\">\n<p><em>Con informaci\u00f3n de EFE\/AFP<\/em><\/p>\n<\/div>\n","protected":false},"excerpt":{"rendered":"<p>El Olympique de Marsella apart\u00f3 del plantel a un mediocampista franc\u00e9s que jug\u00f3 la final del Mundo contra Argentina en Qatar 2022 y lo puso en su lista de transferibles. Se trata de Adrien Rabiot, quien se pele\u00f3 con un compa\u00f1ero tras la derrota del viernes contra el Rennes, por la primera fecha de la [&hellip;]<\/p>\n","protected":false},"author":1,"featured_media":165375,"comment_status":"closed","ping_status":"closed","sticky":false,"template":"","format":"standard","meta":[],"categories":[20],"tags":[],"_links":{"self":[{"href":"http:\/\/cordobainforma.info\/index.php\/wp-json\/wp\/v2\/posts\/165374"}],"collection":[{"href":"http:\/\/cordobainforma.info\/index.php\/wp-json\/wp\/v2\/posts"}],"about":[{"href":"http:\/\/cordobainforma.info\/index.php\/wp-json\/wp\/v2\/types\/post"}],"author":[{"embeddable":true,"href":"http:\/\/cordobainforma.info\/index.php\/wp-json\/wp\/v2\/users\/1"}],"replies":[{"embeddable":true,"href":"http:\/\/cordobainforma.info\/index.php\/wp-json\/wp\/v2\/comments?post=165374"}],"version-history":[{"count":0,"href":"http:\/\/cordobainforma.info\/index.php\/wp-json\/wp\/v2\/posts\/165374\/revisions"}],"wp:featuredmedia":[{"embeddable":true,"href":"http:\/\/cordobainforma.info\/index.php\/wp-json\/wp\/v2\/media\/165375"}],"wp:attachment":[{"href":"http:\/\/cordobainforma.info\/index.php\/wp-json\/wp\/v2\/media?parent=165374"}],"wp:term":[{"taxonomy":"category","embeddable":true,"href":"http:\/\/cordobainforma.info\/index.php\/wp-json\/wp\/v2\/categories?post=165374"},{"taxonomy":"post_tag","embeddable":true,"href":"http:\/\/cordobainforma.info\/index.php\/wp-json\/wp\/v2\/tags?post=165374"}],"curies":[{"name":"wp","href":"https:\/\/api.w.org\/{rel}","templated":true}]}}