{"id":165370,"date":"2025-08-19T18:04:01","date_gmt":"2025-08-19T18:04:01","guid":{"rendered":"https:\/\/somoscordobeses.com\/2025\/08\/19\/la-nueva-reaccion-de-oriana-sabatini-sobre-el-pase-de-dybala-a-boca-y-que-dijo-paulo-de-la-chance-de-que-se-haga\/"},"modified":"2025-08-19T18:04:01","modified_gmt":"2025-08-19T18:04:01","slug":"la-nueva-reaccion-de-oriana-sabatini-sobre-el-pase-de-dybala-a-boca-y-que-dijo-paulo-de-la-chance-de-que-se-haga","status":"publish","type":"post","link":"http:\/\/cordobainforma.info\/index.php\/2025\/08\/19\/la-nueva-reaccion-de-oriana-sabatini-sobre-el-pase-de-dybala-a-boca-y-que-dijo-paulo-de-la-chance-de-que-se-haga\/","title":{"rendered":"La nueva reacci\u00f3n de Oriana Sabatini sobre el pase de Dybala a Boca y qu\u00e9 dijo Paulo de la chance de que se haga"},"content":{"rendered":"<div><img src=\"http:\/\/cordobainforma.info\/wp-content\/uploads\/2025\/08\/la-nueva-reaccion-de-oriana-sabatini-sobre-el-pase-de-dybala-a-boca-y-que-dijo-paulo-de-la-chance-de-que-se-haga.jpg\" class=\"ff-og-image-inserted\"><\/div>\n<p><time datetime=\"2025-08-19T12:02:30-03:00\">19\/08\/2025 12:02hs.<\/time><\/p>\n<p>As\u00ed como pas\u00f3 cuando se dio la llegada de <strong>Leandro Paredes <\/strong>hace unos meses, ahora el nombre de <strong>Paulo Dybala<\/strong> vuelve a sonar cerca de <strong>Boca<\/strong>. Su fanatismo por el Xeneize lo mete cada tanto en los rumores, m\u00e1s todav\u00eda despu\u00e9s del desembarco de su amigo y ex compa\u00f1ero en la <strong>Roma<\/strong>. <strong>Esta vez, quien intent\u00f3 ahuyentar las versiones infundadas pero las aliment\u00f3 fue su pareja, Oriana Sabatini, quien adem\u00e1s provoc\u00f3 que la Joya tambi\u00e9n volviera a referirse al tema. <\/strong>Mir\u00e1 qu\u00e9 dijeron.<\/p>\n<p>La consulta a la cantante sobre la chance de que Paulo llegue a Boca fue en un tramo del streaming del canal Olga. Y su respuesta fue clara: \u00ab<strong>No depende de m\u00ed, chicos. Lo tienen que llamar y \u00e9l tiene que querer<\/strong>\u00ab, desestimando r\u00e1pidamente esa chance, aunque sin descartarla. No es la primera vez que le consultan por un posible regreso al pa\u00eds: ella hace un tiempo incluso hab\u00eda admitido que le gustar\u00eda regresar.<\/p>\n<p>Aunque en esta ocasi\u00f3n fue m\u00e1s directa, deslig\u00e1ndose de cualquier posibilidad. <strong>Los rumores, de todos modos, crecieron fuerte tras la llegada de Paredes al club<\/strong>, con quien Dybala comparti\u00f3 vacaciones antes de que Leo se sumara al Xeneize.<\/p>\n<p><span>La llegada de Dybala a Boca, un rumor recurrente en los \u00faltimos meses.<\/span><\/p>\n<p>Claro, todo esto tambi\u00e9n se da en el contexto de la incertidumbre respecto al futuro de Dybala en la Roma, ya que, a falta de algunos meses para el vencimiento de su contrato, que termina en 2026, <strong>a\u00fan no han comenzado las charlas para tratar una posible renovaci\u00f3n. <\/strong>Que alimenta a esta situaci\u00f3n.<\/p>\n<h2><strong>Qu\u00e9 dijo la Joya <\/strong><\/h2>\n<p>En relaci\u00f3n a eso, <strong>el propio jugador tambi\u00e9n fue consultado por el mismo canal de streaming y, al igual que su pareja, fue directo <\/strong>y contundente con sus respuestas sobre estos rumores.<\/p>\n<p>\u00ab<strong>\u00bfIr a Boca? Tengo contrato ac\u00e1 en Italia. As\u00ed que, por ahora, voy a comer asados en Roma<\/strong>\u00ab, respondi\u00f3 Dybala con firmeza sobre su futuro. Por ahora, los \u00fanicos reencuentros son para comer asado en la capital italiana.<\/p>\n<div>\n<div id=\"contentTitleembedW7fjUHBL\" type=\"embed\"><svg fill=\"#ffffff\"><symbol id=\"play\" viewBox=\"0 0 512 512\"><path d=\"M512 256C512 397.4 397.4 512 256 512C114.6 512 0 397.4 0 256C0 114.6 114.6 0 256 0C397.4 0 512 114.6 512 256zM176 168V344C176 352.7 180.7 360.7 188.3 364.9C195.8 369.2 205.1 369 212.5 364.5L356.5 276.5C363.6 272.1 368 264.4 368 256C368 247.6 363.6 239.9 356.5 235.5L212.5 147.5C205.1 142.1 195.8 142.8 188.3 147.1C180.7 151.3 176 159.3 176 168V168z\" \/><\/symbol><use xlink:href=\"http:\/\/www.ole.com.ar\/#play\" \/><\/svg><\/p>\n<div>\n<p>Boca Juniors \u2013 <span>&nbsp;<\/span><\/p>\n<h2>La respuesta de Paulo Dybala sobre una posible llegada a Boca<\/h2>\n<\/div>\n<\/div>\n<p>Video: OLGA<\/p>\n<\/div>\n<section><picture><\/picture>\n<div>\n<p><span>Mir\u00e1 tambi\u00e9n<\/span><\/p>\n<hr>\n<h3>La confesi\u00f3n de un titular de Boca: \u00abA veces la presi\u00f3n\u2026\u00bb<\/h3>\n<\/div>\n<\/section>\n<section><picture><\/picture>\n<div>\n<p><span>Mir\u00e1 tambi\u00e9n<\/span><\/p>\n<hr>\n<h3>La lucha por entrar a las copas: qui\u00e9nes ingresan a la Libertadores y la Sudamericana<\/h3>\n<\/div>\n<\/section>\n<section><picture><\/picture>\n<div>\n<p><span>Mir\u00e1 tambi\u00e9n<\/span><\/p>\n<hr>\n<h3>El mensaje que Cavani subi\u00f3 a sus redes tras el triunfo de Boca y su enojo por salir<\/h3>\n<\/div>\n<\/section>\n<section><picture><\/picture>\n<div>\n<p><span>Mir\u00e1 tambi\u00e9n<\/span><\/p>\n<hr>\n<h3>El particular pedido de Aldosivi para poder recibir hinchas de Boca<\/h3>\n<\/div>\n<\/section>\n<section><picture><\/picture>\n<div>\n<p><span>Mir\u00e1 tambi\u00e9n<\/span><\/p>\n<hr>\n<h3>La trastienda del llanto de Velasco: por qu\u00e9 explot\u00f3 as\u00ed, el camino paralelo con Boca y la racha \u00abde no creer\u00bb<\/h3>\n<\/div>\n<\/section>\n","protected":false},"excerpt":{"rendered":"<p>19\/08\/2025 12:02hs. As\u00ed como pas\u00f3 cuando se dio la llegada de Leandro Paredes hace unos meses, ahora el nombre de Paulo Dybala vuelve a sonar cerca de Boca. Su fanatismo por el Xeneize lo mete cada tanto en los rumores, m\u00e1s todav\u00eda despu\u00e9s del desembarco de su amigo y ex compa\u00f1ero en la Roma. Esta [&hellip;]<\/p>\n","protected":false},"author":1,"featured_media":165371,"comment_status":"closed","ping_status":"closed","sticky":false,"template":"","format":"standard","meta":[],"categories":[20,2],"tags":[],"_links":{"self":[{"href":"http:\/\/cordobainforma.info\/index.php\/wp-json\/wp\/v2\/posts\/165370"}],"collection":[{"href":"http:\/\/cordobainforma.info\/index.php\/wp-json\/wp\/v2\/posts"}],"about":[{"href":"http:\/\/cordobainforma.info\/index.php\/wp-json\/wp\/v2\/types\/post"}],"author":[{"embeddable":true,"href":"http:\/\/cordobainforma.info\/index.php\/wp-json\/wp\/v2\/users\/1"}],"replies":[{"embeddable":true,"href":"http:\/\/cordobainforma.info\/index.php\/wp-json\/wp\/v2\/comments?post=165370"}],"version-history":[{"count":0,"href":"http:\/\/cordobainforma.info\/index.php\/wp-json\/wp\/v2\/posts\/165370\/revisions"}],"wp:featuredmedia":[{"embeddable":true,"href":"http:\/\/cordobainforma.info\/index.php\/wp-json\/wp\/v2\/media\/165371"}],"wp:attachment":[{"href":"http:\/\/cordobainforma.info\/index.php\/wp-json\/wp\/v2\/media?parent=165370"}],"wp:term":[{"taxonomy":"category","embeddable":true,"href":"http:\/\/cordobainforma.info\/index.php\/wp-json\/wp\/v2\/categories?post=165370"},{"taxonomy":"post_tag","embeddable":true,"href":"http:\/\/cordobainforma.info\/index.php\/wp-json\/wp\/v2\/tags?post=165370"}],"curies":[{"name":"wp","href":"https:\/\/api.w.org\/{rel}","templated":true}]}}