{"id":165336,"date":"2025-08-18T21:46:25","date_gmt":"2025-08-18T21:46:25","guid":{"rendered":"https:\/\/www.escribiendocine.com\/noticias\/2025\/08\/18\/20265-el-record-de-homo-argentum-exito-de-taquilla-y-controversias-en-torno-a-guillermo-francella"},"modified":"2025-08-18T21:46:25","modified_gmt":"2025-08-18T21:46:25","slug":"el-record-de-homo-argentum-exito-de-taquilla-y-controversias-en-torno-a-guillermo-francella","status":"publish","type":"post","link":"http:\/\/cordobainforma.info\/index.php\/2025\/08\/18\/el-record-de-homo-argentum-exito-de-taquilla-y-controversias-en-torno-a-guillermo-francella\/","title":{"rendered":"El r\u00e9cord de \u00abHomo Argentum\u00bb: \u00e9xito de taquilla y controversias en torno a Guillermo Francella"},"content":{"rendered":"<div class=\"media_block\"><\/div>\n<div><img src=\"http:\/\/cordobainforma.info\/wp-content\/uploads\/2025\/08\/el-record-de-homo-argentum-exito-de-taquilla-y-controversias-en-torno-a-guillermo-francella.jpg\" class=\"ff-og-image-inserted\"><\/div>\n<div readability=\"23.25\">\n<div class=\"col-xs-12 col-sm-6 col-md-12 col-lg-3 no-padding col-der\" readability=\"7\">\n<p> <span class=\"fecha\">lunes 18 de agosto de 2025 <\/span> <\/p>\n<\/p><\/div><\/div>\n<div readability=\"48\">\n<p>El estreno de <strong>Homo Argentum <\/strong>reuni\u00f3 a 470.000 personas en salas de cine durante su primer fin de semana, lo que la convirti\u00f3 en la pel\u00edcula argentina m\u00e1s vista del a\u00f1o y en el segundo mejor debut nacional de todos los tiempos (detr\u00e1s de<strong> Relatos salvajes<\/strong>). La cifra confirma la vigencia del cine local y el poder de convocatoria de Guillermo Francella.<\/p>\n<p class=\"noticia-relacionada noEditable\" data-id=\"20236\"><ampiframe src=\"https:\/\/www.escribiendocine.com\/api\/noticias\/20236\/relacionadas?amp=1\" layout=\"fixed-height\" sandbox=\"allow-top-navigation allow-top-navigation-by-user-activation allow-scripts \" height=\"100px\"> <b placeholder>Lee tambi\u00e9n: Cr\u00edtica de \u00abHomo Argentum\u00bb: Guillermo Francella y la argentinidad seg\u00fan Cohn y Duprat<\/b> <\/ampiframe><\/p>\n<p>Seis de cada diez espectadores que fueron al cine ese fin de semana eligieron la pel\u00edcula, lo que la transform\u00f3 en un fen\u00f3meno que trascendi\u00f3 lo estrictamente cinematogr\u00e1fico. El humor sarc\u00e1stico y los dilemas \u00e9ticos planteados en la historia fueron recibidos con funciones agotadas, aplausos finales y una conversaci\u00f3n que se traslad\u00f3 a redes sociales y medios.<\/p>\n<p>El impacto cultural de <strong>Homo Argentum<\/strong> se amplific\u00f3 cuando el presidente Javier Milei se refiri\u00f3 a la pel\u00edcula y la celebr\u00f3 como una obra que, seg\u00fan sus palabras, <em>\u201cexpone los excesos de la agenda woke<\/em>\u201d. Bajo el t\u00edtulo \u201cHomo Argentum: disonancia cognitiva en el coraz\u00f3n woke\u201d, el mandatario public\u00f3 en X una cr\u00edtica pol\u00edtica y social en tres p\u00e1rrafos, inspirada en lo que interpreta como una representaci\u00f3n de la \u201cargentinidad\u201d en el film de Mariano Cohn y Gast\u00f3n Duprat.<\/p>\n<p><em>\u201cEl nivel de odio y de gritos que emite este ej\u00e9rcito de zombis (termos cabezas de pulpos) es directamente proporcional a la cantidad de par\u00e1sitos mentales que cargan en su interior los progres\u201d<\/em>, escribi\u00f3 Milei. Y concluy\u00f3: \u201c<em>Cuando uno ha tenido la suerte de haber le\u00eddo el principio de revelaci\u00f3n y entenderlo, deber\u00eda agradecer por el espect\u00e1culo bizarro que hoy nos ofrecen los kukas y la progres\u00eda woke ante la pel\u00edcula Homo Argentum. \u00a1Los muestra tal cual son!\u201d.<\/em><\/p>\n<p>La intervenci\u00f3n presidencial profundiz\u00f3 el car\u00e1cter pol\u00e9mico del estreno y multiplic\u00f3 las interpretaciones en torno a la obra: \u00bfse trata de una s\u00e1tira inc\u00f3moda sobre la sociedad argentina, un espejo de tensiones pol\u00edticas actuales o un fen\u00f3meno de masas que trasciende las lecturas partidarias?<\/p>\n<p>Lo cierto es que <strong>Homo Argentum<\/strong> no solo marc\u00f3 un r\u00e9cord hist\u00f3rico en taquilla, sino que tambi\u00e9n se convirti\u00f3 en un disparador de debates que atraviesan la cultura, la pol\u00edtica y la sociedad.<\/p>\n<p><iframe src=\"https:\/\/www.youtube.com\/embed\/_Tdk26fRQE0\" width=\"560\" height=\"314\" allowfullscreen=\"allowfullscreen\">[embedded content]<\/iframe><\/p>\n<\/p><\/div>\n","protected":false},"excerpt":{"rendered":"<p>lunes 18 de agosto de 2025 El estreno de Homo Argentum reuni\u00f3 a 470.000 personas en salas de cine durante su primer fin de semana, lo que la convirti\u00f3 en la pel\u00edcula argentina m\u00e1s vista del a\u00f1o y en el segundo mejor debut nacional de todos los tiempos (detr\u00e1s de Relatos salvajes). La cifra confirma [&hellip;]<\/p>\n","protected":false},"author":1,"featured_media":165337,"comment_status":"open","ping_status":"closed","sticky":false,"template":"","format":"standard","meta":[],"categories":[21],"tags":[],"_links":{"self":[{"href":"http:\/\/cordobainforma.info\/index.php\/wp-json\/wp\/v2\/posts\/165336"}],"collection":[{"href":"http:\/\/cordobainforma.info\/index.php\/wp-json\/wp\/v2\/posts"}],"about":[{"href":"http:\/\/cordobainforma.info\/index.php\/wp-json\/wp\/v2\/types\/post"}],"author":[{"embeddable":true,"href":"http:\/\/cordobainforma.info\/index.php\/wp-json\/wp\/v2\/users\/1"}],"replies":[{"embeddable":true,"href":"http:\/\/cordobainforma.info\/index.php\/wp-json\/wp\/v2\/comments?post=165336"}],"version-history":[{"count":0,"href":"http:\/\/cordobainforma.info\/index.php\/wp-json\/wp\/v2\/posts\/165336\/revisions"}],"wp:featuredmedia":[{"embeddable":true,"href":"http:\/\/cordobainforma.info\/index.php\/wp-json\/wp\/v2\/media\/165337"}],"wp:attachment":[{"href":"http:\/\/cordobainforma.info\/index.php\/wp-json\/wp\/v2\/media?parent=165336"}],"wp:term":[{"taxonomy":"category","embeddable":true,"href":"http:\/\/cordobainforma.info\/index.php\/wp-json\/wp\/v2\/categories?post=165336"},{"taxonomy":"post_tag","embeddable":true,"href":"http:\/\/cordobainforma.info\/index.php\/wp-json\/wp\/v2\/tags?post=165336"}],"curies":[{"name":"wp","href":"https:\/\/api.w.org\/{rel}","templated":true}]}}