{"id":165332,"date":"2025-08-19T12:14:01","date_gmt":"2025-08-19T12:14:01","guid":{"rendered":"http:\/\/cordobainforma.info\/index.php\/2025\/08\/19\/trump-zelenski-tiene-que-mostrar-un-poco-de-flexibilidad\/"},"modified":"2025-08-19T12:14:01","modified_gmt":"2025-08-19T12:14:01","slug":"trump-zelenski-tiene-que-mostrar-un-poco-de-flexibilidad","status":"publish","type":"post","link":"http:\/\/cordobainforma.info\/index.php\/2025\/08\/19\/trump-zelenski-tiene-que-mostrar-un-poco-de-flexibilidad\/","title":{"rendered":"Trump: \u00abZelenski tiene que mostrar un poco de flexibilidad\u00bb"},"content":{"rendered":"<p><img src=\"http:\/\/cordobainforma.info\/wp-content\/uploads\/2025\/08\/trump-zelenski-tiene-que-mostrar-un-poco-de-flexibilidad.jpg\"><\/p>\n<div><img src=\"http:\/\/cordobainforma.info\/wp-content\/uploads\/2025\/08\/trump-zelenski-tiene-que-mostrar-un-poco-de-flexibilidad-2.jpg\" class=\"ff-og-image-inserted\"><\/div>\n<div class=\"Text-root Text-type_5 ArticleView-text ViewText-root \">\n<p>El presidente de Estados Unidos, Donald Trump, inst\u00f3 este martes al l\u00edder del r\u00e9gimen de Kiev, Vlad\u00edmir Zelenski, a mostrar flexibilidad en el proceso de resoluci\u00f3n del conflicto ucraniano.<\/p>\n<p>\u00abEste (conflicto) es el m\u00e1s dif\u00edcil. Y pens\u00e9 que ser\u00eda uno f\u00e1cil. As\u00ed que espero que el presidente Putin sea bueno. Y si no lo hace, va a ser una situaci\u00f3n dif\u00edcil. Y espero que Zelenski haga lo que tenga que hacer. Tiene que mostrar algo de flexibilidad\u00bb, dijo en una entrevista con Fox News.<\/p>\n<p><strong><em>M\u00e1s informaci\u00f3n, en breve.<\/em><\/strong><\/p>\n<\/div>\n","protected":false},"excerpt":{"rendered":"<p>El presidente de Estados Unidos, Donald Trump, inst\u00f3 este martes al l\u00edder del r\u00e9gimen de Kiev, Vlad\u00edmir Zelenski, a mostrar flexibilidad en el proceso de resoluci\u00f3n del conflicto ucraniano. \u00abEste (conflicto) es el m\u00e1s dif\u00edcil. Y pens\u00e9 que ser\u00eda uno f\u00e1cil. As\u00ed que espero que el presidente Putin sea bueno. Y si no lo hace, [&hellip;]<\/p>\n","protected":false},"author":1,"featured_media":165333,"comment_status":"closed","ping_status":"closed","sticky":false,"template":"","format":"standard","meta":[],"categories":[22],"tags":[],"_links":{"self":[{"href":"http:\/\/cordobainforma.info\/index.php\/wp-json\/wp\/v2\/posts\/165332"}],"collection":[{"href":"http:\/\/cordobainforma.info\/index.php\/wp-json\/wp\/v2\/posts"}],"about":[{"href":"http:\/\/cordobainforma.info\/index.php\/wp-json\/wp\/v2\/types\/post"}],"author":[{"embeddable":true,"href":"http:\/\/cordobainforma.info\/index.php\/wp-json\/wp\/v2\/users\/1"}],"replies":[{"embeddable":true,"href":"http:\/\/cordobainforma.info\/index.php\/wp-json\/wp\/v2\/comments?post=165332"}],"version-history":[{"count":0,"href":"http:\/\/cordobainforma.info\/index.php\/wp-json\/wp\/v2\/posts\/165332\/revisions"}],"wp:featuredmedia":[{"embeddable":true,"href":"http:\/\/cordobainforma.info\/index.php\/wp-json\/wp\/v2\/media\/165333"}],"wp:attachment":[{"href":"http:\/\/cordobainforma.info\/index.php\/wp-json\/wp\/v2\/media?parent=165332"}],"wp:term":[{"taxonomy":"category","embeddable":true,"href":"http:\/\/cordobainforma.info\/index.php\/wp-json\/wp\/v2\/categories?post=165332"},{"taxonomy":"post_tag","embeddable":true,"href":"http:\/\/cordobainforma.info\/index.php\/wp-json\/wp\/v2\/tags?post=165332"}],"curies":[{"name":"wp","href":"https:\/\/api.w.org\/{rel}","templated":true}]}}