{"id":165324,"date":"2025-08-18T22:10:11","date_gmt":"2025-08-18T22:10:11","guid":{"rendered":"https:\/\/playfmradio.com\/?p=11878"},"modified":"2025-08-18T22:10:11","modified_gmt":"2025-08-18T22:10:11","slug":"el-kuelgue-se-presenta-en-cordoba-este-22-de-agosto","status":"publish","type":"post","link":"http:\/\/cordobainforma.info\/index.php\/2025\/08\/18\/el-kuelgue-se-presenta-en-cordoba-este-22-de-agosto\/","title":{"rendered":"El Kuelgue se presenta en C\u00f3rdoba este 22 de agosto"},"content":{"rendered":"<p>Despu\u00e9s de un comienzo de a\u00f1o cargado de shows y festivales, El Kuelgue vuelve a C\u00f3rdoba con una fecha en Plaza de la M\u00fasica el viernes 22 de agosto. Los tickets ya est\u00e1n disponibles en edenentradas.com.ar. <\/p>\n<p>El grupo surgido en Villa Crespo en 2004 se caracteriza por una propuesta que escapa a los moldes cl\u00e1sicos del rock argentino. Conciertos donde lo inesperado tiene un lugar protag\u00f3nico, un humor que atraviesa canciones y puestas en escena, y un estilo que no necesita definirse por g\u00e9neros para conectar con el p\u00fablico. <\/p>\n<p>Con casi dos d\u00e9cadas de camino, la banda liderada por Juli\u00e1n Kartun llev\u00f3 su m\u00fasica a escenarios de toda Argentina y distintas ciudades de Am\u00e9rica Latina y Europa. Adem\u00e1s de sus discos de estudio, supieron compartir escenario con artistas como Julieta Venegas y Adri\u00e1n D\u00e1rgelos, y hasta telonearon a Paul McCartney en su visita a C\u00f3rdoba en 2016.<br \/><img loading=\"lazy\" decoding=\"async\" src=\"http:\/\/cordobainforma.info\/wp-content\/uploads\/2025\/08\/el-kuelgue-se-presenta-en-cordoba-este-22-de-agosto.jpg\" alt width=\"300\" height=\"113\" class=\"alignnone size-medium wp-image-11880\" srcset=\"http:\/\/cordobainforma.info\/wp-content\/uploads\/2025\/08\/el-kuelgue-se-presenta-en-cordoba-este-22-de-agosto.jpg 300w, http:\/\/cordobainforma.info\/wp-content\/uploads\/2025\/08\/el-kuelgue-se-presenta-en-cordoba-este-22-de-agosto-1.jpg 1024w, http:\/\/cordobainforma.info\/wp-content\/uploads\/2025\/08\/el-kuelgue-se-presenta-en-cordoba-este-22-de-agosto-2.jpg 768w, http:\/\/cordobainforma.info\/wp-content\/uploads\/2025\/08\/el-kuelgue-se-presenta-en-cordoba-este-22-de-agosto-3.jpg 1536w, http:\/\/cordobainforma.info\/wp-content\/uploads\/2025\/08\/el-kuelgue-se-presenta-en-cordoba-este-22-de-agosto-4.jpg 1920w\" sizes=\"(max-width: 300px) 100vw, 300px\"><br \/>Ahora es turno de volver a encontrarse con su p\u00fablico cordob\u00e9s, en una noche que promete el recorrido por sus canciones m\u00e1s queridas y tambi\u00e9n lo nuevo que vienen preparando.<\/p>\n<p> <!-- AUTHOR PART ========================= --> <!-- AUTHOR PART END ========================= --> <\/p>\n","protected":false},"excerpt":{"rendered":"<p>Despu\u00e9s de un comienzo de a\u00f1o cargado de shows y festivales, El Kuelgue vuelve a C\u00f3rdoba con una fecha en Plaza de la M\u00fasica el viernes 22 de agosto. Los tickets ya est\u00e1n disponibles en edenentradas.com.ar. El grupo surgido en Villa Crespo en 2004 se caracteriza por una propuesta que escapa a los moldes cl\u00e1sicos [&hellip;]<\/p>\n","protected":false},"author":1,"featured_media":165325,"comment_status":"closed","ping_status":"closed","sticky":false,"template":"","format":"standard","meta":[],"categories":[23,2],"tags":[],"_links":{"self":[{"href":"http:\/\/cordobainforma.info\/index.php\/wp-json\/wp\/v2\/posts\/165324"}],"collection":[{"href":"http:\/\/cordobainforma.info\/index.php\/wp-json\/wp\/v2\/posts"}],"about":[{"href":"http:\/\/cordobainforma.info\/index.php\/wp-json\/wp\/v2\/types\/post"}],"author":[{"embeddable":true,"href":"http:\/\/cordobainforma.info\/index.php\/wp-json\/wp\/v2\/users\/1"}],"replies":[{"embeddable":true,"href":"http:\/\/cordobainforma.info\/index.php\/wp-json\/wp\/v2\/comments?post=165324"}],"version-history":[{"count":0,"href":"http:\/\/cordobainforma.info\/index.php\/wp-json\/wp\/v2\/posts\/165324\/revisions"}],"wp:featuredmedia":[{"embeddable":true,"href":"http:\/\/cordobainforma.info\/index.php\/wp-json\/wp\/v2\/media\/165325"}],"wp:attachment":[{"href":"http:\/\/cordobainforma.info\/index.php\/wp-json\/wp\/v2\/media?parent=165324"}],"wp:term":[{"taxonomy":"category","embeddable":true,"href":"http:\/\/cordobainforma.info\/index.php\/wp-json\/wp\/v2\/categories?post=165324"},{"taxonomy":"post_tag","embeddable":true,"href":"http:\/\/cordobainforma.info\/index.php\/wp-json\/wp\/v2\/tags?post=165324"}],"curies":[{"name":"wp","href":"https:\/\/api.w.org\/{rel}","templated":true}]}}