{"id":165322,"date":"2025-08-18T22:12:10","date_gmt":"2025-08-18T22:12:10","guid":{"rendered":"https:\/\/playfmradio.com\/?p=11882"},"modified":"2025-08-18T22:12:10","modified_gmt":"2025-08-18T22:12:10","slug":"divididos-llega-a-cordoba-este-viernes-en-quality-espacio","status":"publish","type":"post","link":"http:\/\/cordobainforma.info\/index.php\/2025\/08\/18\/divididos-llega-a-cordoba-este-viernes-en-quality-espacio\/","title":{"rendered":"Divididos llega a C\u00f3rdoba este viernes en Quality Espacio"},"content":{"rendered":"<p>Este viernes 22 de agosto, Divididos regresa a C\u00f3rdoba con un show en Quality Espacio. La banda formada por Ricardo Mollo, Diego Arnedo y Catriel Ciavarella mantiene desde hace m\u00e1s de treinta a\u00f1os una vigencia inquebrantable dentro del rock argentino.<\/p>\n<p>Conocidos como la aplanadora del rock, sus conciertos son una experiencia marcada por la potencia sonora, la precisi\u00f3n del tr\u00edo y una entrega total en escena. A lo largo de su recorrido, Divididos construy\u00f3 un repertorio que ya es parte del ADN de la m\u00fasica nacional,<br \/>con canciones como Par Mil, Spaghetti del Rock, El 38 o Ala Delta, himnos que atraviesan generaciones.<\/p>\n<p>M\u00e1s que una simple banda de rock, Divididos se consolid\u00f3 como un fen\u00f3meno cultural: desde los inicios en los \u201880 tras la disoluci\u00f3n de Sumo hasta hoy, su historia est\u00e1 ligada a la evoluci\u00f3n misma del g\u00e9nero en Argentina.<br \/><img loading=\"lazy\" fetchpriority=\"high\" decoding=\"async\" src=\"http:\/\/cordobainforma.info\/wp-content\/uploads\/2025\/08\/divididos-llega-a-cordoba-este-viernes-en-quality-espacio.jpg\" alt width=\"300\" height=\"269\" class=\"alignnone size-medium wp-image-11884\" srcset=\"http:\/\/cordobainforma.info\/wp-content\/uploads\/2025\/08\/divididos-llega-a-cordoba-este-viernes-en-quality-espacio.jpg 300w, http:\/\/cordobainforma.info\/wp-content\/uploads\/2025\/08\/divididos-llega-a-cordoba-este-viernes-en-quality-espacio-1.jpg 768w, http:\/\/cordobainforma.info\/wp-content\/uploads\/2025\/08\/divididos-llega-a-cordoba-este-viernes-en-quality-espacio-2.jpg 780w\" sizes=\"(max-width: 300px) 100vw, 300px\"><br \/>Las entradas para el show de este viernes en C\u00f3rdoba se consiguen a trav\u00e9s de qualityespacio.com y en boleter\u00edas del lugar.<\/p>\n<p> <!-- AUTHOR PART ========================= --> <!-- AUTHOR PART END ========================= --> <\/p>\n","protected":false},"excerpt":{"rendered":"<p>Este viernes 22 de agosto, Divididos regresa a C\u00f3rdoba con un show en Quality Espacio. La banda formada por Ricardo Mollo, Diego Arnedo y Catriel Ciavarella mantiene desde hace m\u00e1s de treinta a\u00f1os una vigencia inquebrantable dentro del rock argentino. Conocidos como la aplanadora del rock, sus conciertos son una experiencia marcada por la potencia [&hellip;]<\/p>\n","protected":false},"author":1,"featured_media":165323,"comment_status":"closed","ping_status":"closed","sticky":false,"template":"","format":"standard","meta":[],"categories":[23,2],"tags":[],"_links":{"self":[{"href":"http:\/\/cordobainforma.info\/index.php\/wp-json\/wp\/v2\/posts\/165322"}],"collection":[{"href":"http:\/\/cordobainforma.info\/index.php\/wp-json\/wp\/v2\/posts"}],"about":[{"href":"http:\/\/cordobainforma.info\/index.php\/wp-json\/wp\/v2\/types\/post"}],"author":[{"embeddable":true,"href":"http:\/\/cordobainforma.info\/index.php\/wp-json\/wp\/v2\/users\/1"}],"replies":[{"embeddable":true,"href":"http:\/\/cordobainforma.info\/index.php\/wp-json\/wp\/v2\/comments?post=165322"}],"version-history":[{"count":0,"href":"http:\/\/cordobainforma.info\/index.php\/wp-json\/wp\/v2\/posts\/165322\/revisions"}],"wp:featuredmedia":[{"embeddable":true,"href":"http:\/\/cordobainforma.info\/index.php\/wp-json\/wp\/v2\/media\/165323"}],"wp:attachment":[{"href":"http:\/\/cordobainforma.info\/index.php\/wp-json\/wp\/v2\/media?parent=165322"}],"wp:term":[{"taxonomy":"category","embeddable":true,"href":"http:\/\/cordobainforma.info\/index.php\/wp-json\/wp\/v2\/categories?post=165322"},{"taxonomy":"post_tag","embeddable":true,"href":"http:\/\/cordobainforma.info\/index.php\/wp-json\/wp\/v2\/tags?post=165322"}],"curies":[{"name":"wp","href":"https:\/\/api.w.org\/{rel}","templated":true}]}}