{"id":165313,"date":"2025-08-19T09:25:22","date_gmt":"2025-08-19T09:25:22","guid":{"rendered":"http:\/\/cordobainforma.info\/index.php\/2025\/08\/19\/produccion-sustentable-y-realidad-economica-jornada-que-organiza-cooperativa-la\/"},"modified":"2025-08-19T09:25:22","modified_gmt":"2025-08-19T09:25:22","slug":"produccion-sustentable-y-realidad-economica-jornada-que-organiza-cooperativa-la","status":"publish","type":"post","link":"http:\/\/cordobainforma.info\/index.php\/2025\/08\/19\/produccion-sustentable-y-realidad-economica-jornada-que-organiza-cooperativa-la\/","title":{"rendered":"\u201cProducci\u00f3n sustentable y realidad <b>econ\u00f3mica<\/b>\u201d, jornada que organiza Cooperativa La &#8230;"},"content":{"rendered":"<p><b>Nuevo<\/b> Audi A5. El sed\u00e1n m\u00e1s vers\u00e1til, deportivo y tecnol\u00f3gico de la marca se present\u00f3 en <b>C\u00f3rdoba<\/b>. El showroom de Maip\u00fa Exclusivos, del Grupo Mundo&nbsp;&#8230; <\/p>\n","protected":false},"excerpt":{"rendered":"<p>Nuevo Audi A5. El sed\u00e1n m\u00e1s vers\u00e1til, deportivo y tecnol\u00f3gico de la marca se present\u00f3 en C\u00f3rdoba. El showroom de Maip\u00fa Exclusivos, del Grupo Mundo&nbsp;&#8230;<\/p>\n","protected":false},"author":1,"featured_media":0,"comment_status":"closed","ping_status":"closed","sticky":false,"template":"","format":"standard","meta":[],"categories":[23],"tags":[],"_links":{"self":[{"href":"http:\/\/cordobainforma.info\/index.php\/wp-json\/wp\/v2\/posts\/165313"}],"collection":[{"href":"http:\/\/cordobainforma.info\/index.php\/wp-json\/wp\/v2\/posts"}],"about":[{"href":"http:\/\/cordobainforma.info\/index.php\/wp-json\/wp\/v2\/types\/post"}],"author":[{"embeddable":true,"href":"http:\/\/cordobainforma.info\/index.php\/wp-json\/wp\/v2\/users\/1"}],"replies":[{"embeddable":true,"href":"http:\/\/cordobainforma.info\/index.php\/wp-json\/wp\/v2\/comments?post=165313"}],"version-history":[{"count":0,"href":"http:\/\/cordobainforma.info\/index.php\/wp-json\/wp\/v2\/posts\/165313\/revisions"}],"wp:attachment":[{"href":"http:\/\/cordobainforma.info\/index.php\/wp-json\/wp\/v2\/media?parent=165313"}],"wp:term":[{"taxonomy":"category","embeddable":true,"href":"http:\/\/cordobainforma.info\/index.php\/wp-json\/wp\/v2\/categories?post=165313"},{"taxonomy":"post_tag","embeddable":true,"href":"http:\/\/cordobainforma.info\/index.php\/wp-json\/wp\/v2\/tags?post=165313"}],"curies":[{"name":"wp","href":"https:\/\/api.w.org\/{rel}","templated":true}]}}