{"id":165280,"date":"2025-08-19T02:03:06","date_gmt":"2025-08-19T02:03:06","guid":{"rendered":"https:\/\/www.clarin.com\/deportes\/racing-penarol-revancha-batalla-montevideo-racha-busca-cortar-costas-antecedente-genera-ilusion_0_Mtwfgyu9Wg.html"},"modified":"2025-08-19T02:03:06","modified_gmt":"2025-08-19T02:03:06","slug":"racing-penarol-la-revancha-de-la-batalla-de-montevideo-la-racha-que-busca-cortar-costas-y-el-antecedente-que-genera-ilusion","status":"publish","type":"post","link":"http:\/\/cordobainforma.info\/index.php\/2025\/08\/19\/racing-penarol-la-revancha-de-la-batalla-de-montevideo-la-racha-que-busca-cortar-costas-y-el-antecedente-que-genera-ilusion\/","title":{"rendered":"Racing &#8211; Pe\u00f1arol, la revancha de la batalla de Montevideo: la racha que busca cortar Costas y el antecedente que genera ilusi\u00f3n"},"content":{"rendered":"<p><img src=\"http:\/\/cordobainforma.info\/wp-content\/uploads\/2025\/08\/racing-penarol-la-revancha-de-la-batalla-de-montevideo-la-racha-que-busca-cortar-costas-y-el-antecedente-que-genera-ilusion.jpg\"><\/p>\n<div><img src=\"http:\/\/cordobainforma.info\/wp-content\/uploads\/2025\/08\/racing-penarol-la-revancha-de-la-batalla-de-montevideo-la-racha-que-busca-cortar-costas-y-el-antecedente-que-genera-ilusion-2.jpg\" class=\"ff-og-image-inserted\"><\/div>\n<div id=\"element-body-0\" readability=\"62\">\n<p>La mirada viaja en el tiempo y el recuerdo est\u00e1 fresco, muy a pesar de que ya pasaron tres d\u00e9cadas. <strong>Racing<\/strong> ven\u00eda de perder en Montevideo ante Pe\u00f1arol con un gol de Robert Lima y se esperaba con ansiedad la revancha en el Cilindro. Se jugaban los cuartos de final de la Copa Libertadores, nada menos. El estadio estaba colmado y la gente termin\u00f3 celebrando. La Academia empat\u00f3 la serie con un gol del <strong>Mago Rub\u00e9n Capria<\/strong> y lo gan\u00f3 en los penales con un extraordinario <strong>Nacho Gonz\u00e1lez<\/strong>. El t\u00e9cnico era <strong>Alfio Basile<\/strong>.<\/p>\n<\/div>\n<div id=\"element-body-1\" readability=\"65\">\n<p>El sue\u00f1o de aquel equipo qued\u00f3 trunco en la semi frente a Sporting Cristal, pero marc\u00f3 una \u00e9poca. Hoy, <strong>existen similitudes y los hinchas esperan un desenlace id\u00e9ntico al de 1997 ante los uruguayos<\/strong>. Es cierto que se trata de los octavos de final, pero hay un heredero del Coco en el banco. De Gustavo Costas se trata. Y este martes por la noche, desde las 21.30, buscar\u00e1 seguir en carrera.<\/p>\n<\/div>\n<div id=\"element-body-2\" readability=\"64\">\n<p>A fin de cuentas, es el principal objetivo del a\u00f1o para Racing, que solo gan\u00f3 la Libertadores en 1967. Costas se puso como meta volver a celebrar, ya no como la mascota del inolvidable equipo de Jos\u00e9 sino como entrenador. Gan\u00f3 la Sudamericana y la Recopa, ni m\u00e1s ni menos, y va por m\u00e1s.<\/p>\n<\/div>\n<div id=\"element-body-3\" readability=\"30.455764075067\">\n<blockquote class=\"twitter-tweet\" readability=\"12.01072386059\">\n<p lang=\"es\" dir=\"ltr\">\ud83d\udfe0 En 1997, en cuartos de final de la Copa Libertadores, Racing revirti\u00f3 la serie ante Pe\u00f1arol despu\u00e9s de perder 1\u20110 en la ida en Montevideo. <\/p>\n<p>\ud83c\udfdf En el Cilindro, Racing lo gan\u00f3 1\u20110 con gol de Rub\u00e9n \u201cEl Mago\u201d Capria y se clasific\u00f3 por penales.<\/p>\n<p>\ud83d\udcca \u00bfLes gust\u00f3 <a href=\"https:\/\/twitter.com\/hashtag\/ElDatodelCM?src=hash&amp;ref_src=twsrc%5Etfw\">#ElDatodelCM<\/a> ?\u2026 <a href=\"https:\/\/t.co\/owY7AbMO6K\">pic.twitter.com\/owY7AbMO6K<\/a><\/p>\n<p>\u2014 Betsson Argentina (@Betsson_ARG) <a href=\"https:\/\/twitter.com\/Betsson_ARG\/status\/1957569622992961804?ref_src=twsrc%5Etfw\">August 18, 2025<\/a><\/p><\/blockquote><\/div>\n<div id=\"element-body-4\" readability=\"61\">\n<p>No ser\u00e1 f\u00e1cil, est\u00e1 claro. Y no solo por un adversario bravo que se impuso en el Campe\u00f3n del Siglo; tambi\u00e9n, porque <strong>el equipo est\u00e1 atravesando una crisis futbol\u00edstica<\/strong>. <strong>Perdi\u00f3 4 de los \u00faltimos 5 partidos en Avellaneda y protagoniz\u00f3 el peor arranque de su historia en el campeonato local<\/strong>.<\/p>\n<\/div>\n<div id=\"element-body-5\" readability=\"64\">\n<p>Costas est\u00e1 trabajando para suplir la ausencia de Maximiliano Salas, que decidi\u00f3 irse a River a trav\u00e9s de una cl\u00e1usula de rescisi\u00f3n que dej\u00f3 dividendos en la tesorer\u00eda pero tambi\u00e9n un gran vac\u00edo en el ataque. Sin ir m\u00e1s lejos, su socio <strong>Maravilla arrastra una sequ\u00eda de cuatro partidos sin goles<\/strong>. \u201cHay que acompa\u00f1arlo mejor y no tiene que salir del \u00e1rea. Por eso pusimos a Torres\u201d, dijo el t\u00e9cnico sobre el ingreso del ex delantero de Aldosivi. \u00bfJugar\u00e1 de entrada? Adri\u00e1n Balboa dej\u00f3 una muy buena impresi\u00f3n ante Tigre, al margen del gol.<\/p>\n<\/div>\n<div id=\"element-body-6\" readability=\"64\">\n<p><strong>Los refuerzos, por ahora, no terminan de convencer<\/strong>. El propio Torres, Duvan Vergara y Tom\u00e1s Conechny alternaron buenas y malas. Franco Pardo tuvo dos buenos partidos (contra Riestra y Boca), pero fue expulsado frente a Tigre. Marcos Rojo lleg\u00f3 para jugar la Libertadores. Debut\u00f3 en Montevideo y este martes ser\u00eda titular.<\/p>\n<\/div>\n<div id=\"element-body-7\" readability=\"66\">\n<p><strong>Pe\u00f1arol llega con la ventaja del gol de David Terans <\/strong>en la ida, pero tambi\u00e9n cay\u00f3 en el torneo local, 2 a 1 con Boston River. Diego Aguirre guard\u00f3 algunos jugadores para la revancha contra Racing. Se instal\u00f3 en el hotel Sheraton de Hudson y se entren\u00f3 en el predio de Bosques. Leonardo Fern\u00e1ndez, que se lesion\u00f3 la rodilla derecha en la ida, viaj\u00f3 con el plantel. El cuerpo m\u00e9dico trabaja para ponerlo en condiciones. Por ahora, su presencia est\u00e1 en duda. Los dirigentes del carbonero se quejaron p\u00fablicamente de Nazareno Colombo, quien golpe\u00f3 a la estrella de su equipo. Aseguraron que sali\u00f3 decidido a lastimarlo.<\/p>\n<\/div>\n<div id=\"element-body-8\" readability=\"68\">\n<p>En cuanto a la seguridad, habr\u00e1 una custodia especial para los hinchas de Pe\u00f1arol. La Aprevide (Agencia de Prevenci\u00f3n de la Violencia en el Deporte) inform\u00f3 que el operativo contar\u00e1 con la participaci\u00f3n de 850 efectivos de la Polic\u00eda de la Provincia de Buenos Aires, 160 de seguridad privada, 280 empleados de Utedyc, 7 ambulancias, 20 socorristas, 2 carpas sanitarias, autobomba, y comisar\u00eda m\u00f3vil.<\/p>\n<\/div>\n<div id=\"element-body-10\" readability=\"62\">\n<p>El organismo descart\u00f3 que ingresen cinco horas antes, como ocurri\u00f3 en Montevideo. La apertura de puertas para el publico local ser\u00e1 como sucede habitualmente, 3 horas antes del encuentro. En tanto, la parcialidad de Pe\u00f1arol podr\u00e1 ingresar a partir de las 17 a medida que vayan llegando.<\/p>\n<\/div>\n<div id=\"element-body-11\" readability=\"60\">\n<p>Hay un tema que preocupa, m\u00e1s all\u00e1 del movimiento de los uruguayos: las condiciones clim\u00e1ticas. Se esperan tormentas. Conmebol ya advirti\u00f3 que el \u00e1rbitro <strong>Wilmar Rold\u00e1n definir\u00e1 el destino del partido tres horas antes de su inicio<\/strong>.<\/p>\n<\/div>\n","protected":false},"excerpt":{"rendered":"<p>La mirada viaja en el tiempo y el recuerdo est\u00e1 fresco, muy a pesar de que ya pasaron tres d\u00e9cadas. Racing ven\u00eda de perder en Montevideo ante Pe\u00f1arol con un gol de Robert Lima y se esperaba con ansiedad la revancha en el Cilindro. Se jugaban los cuartos de final de la Copa Libertadores, nada [&hellip;]<\/p>\n","protected":false},"author":1,"featured_media":165281,"comment_status":"closed","ping_status":"closed","sticky":false,"template":"","format":"standard","meta":[],"categories":[20],"tags":[],"_links":{"self":[{"href":"http:\/\/cordobainforma.info\/index.php\/wp-json\/wp\/v2\/posts\/165280"}],"collection":[{"href":"http:\/\/cordobainforma.info\/index.php\/wp-json\/wp\/v2\/posts"}],"about":[{"href":"http:\/\/cordobainforma.info\/index.php\/wp-json\/wp\/v2\/types\/post"}],"author":[{"embeddable":true,"href":"http:\/\/cordobainforma.info\/index.php\/wp-json\/wp\/v2\/users\/1"}],"replies":[{"embeddable":true,"href":"http:\/\/cordobainforma.info\/index.php\/wp-json\/wp\/v2\/comments?post=165280"}],"version-history":[{"count":0,"href":"http:\/\/cordobainforma.info\/index.php\/wp-json\/wp\/v2\/posts\/165280\/revisions"}],"wp:featuredmedia":[{"embeddable":true,"href":"http:\/\/cordobainforma.info\/index.php\/wp-json\/wp\/v2\/media\/165281"}],"wp:attachment":[{"href":"http:\/\/cordobainforma.info\/index.php\/wp-json\/wp\/v2\/media?parent=165280"}],"wp:term":[{"taxonomy":"category","embeddable":true,"href":"http:\/\/cordobainforma.info\/index.php\/wp-json\/wp\/v2\/categories?post=165280"},{"taxonomy":"post_tag","embeddable":true,"href":"http:\/\/cordobainforma.info\/index.php\/wp-json\/wp\/v2\/tags?post=165280"}],"curies":[{"name":"wp","href":"https:\/\/api.w.org\/{rel}","templated":true}]}}